{"id":746830,"date":"2026-09-04T05:09:14","date_gmt":"2026-09-04T05:09:14","guid":{"rendered":"https:\/\/www.europesays.com\/es\/746830\/"},"modified":"2026-09-04T05:09:14","modified_gmt":"2026-09-04T05:09:14","slug":"la-fundacion-araguaney-acoge-desde-este-viernes-la-exposicion-de-manuel-f-gochi","status":"publish","type":"post","link":"https:\/\/www.europesays.com\/es\/746830\/","title":{"rendered":"La Fundaci\u00f3n Araguaney acoge desde este viernes la exposici\u00f3n de Manuel F. Gochi"},"content":{"rendered":"<p class=\"ft-text\"><strong>Manuel F. Gochi inaugura este viernes 4 de septiembre una exposici\u00f3n en Santiago, en la Fundaci\u00f3n Araguaney, e<\/strong>n el Hotel Eurostar Araguaney ( C\/ Montero de los R\u00edos), muestra llamada \u00abDe los horizontes de Castilla a las verticales del Norte\u00bb, abierta con entrada libre hasta el 2 de octubre. <\/p>\n<p class=\"ft-text\">A quienes acuden este el viernes 4 de septiembre a las 12:30 horas al acto inaugural se les obsequiar\u00e1 con una l\u00e1mina numerada y firmada por el artista.<\/p>\n<p class=\"ft-text\">Su horario de visitas es de 10 horas a 14 h. y desde 16 h. a 21 horas. \u00abDe los horizontes de Castilla a las verticales del Norte\u00bb es un resumen de su obra, retrospectiva formada por 22 pinturas de tama\u00f1os que oscilan entre el medio metro de alto y el metro con una colorista paleta. La muestra de Santiago ofrece trazos de \u00e1rboles y bosques, tratados como elementos simb\u00f3licos y vitales del paisaje del norte; cielos y copas entre composiciones que exploran la relaci\u00f3n entre la luz y la vegetaci\u00f3n.<\/p>\n<p>Recorrido<\/p>\n<p class=\"ft-text\">Ha hecho numerosas exposiciones en espacios culturales y galer\u00edas de Espa\u00f1a y del extranjero, en ciudades como Oviedo, Madrid, Pamplona, Santander, Palencia, Gij\u00f3n, Nantes, Orense, \u00c1vila, Madrid, Salamanca, Le\u00f3n, Orense, Coru\u00f1a, Pamplona&#8230; indica en su nota de prensa.<\/p>\n<p class=\"ft-text\"><strong>\u00abMi obra se sit\u00faa dentro de una corriente de figuraci\u00f3n contempor\u00e1nea que reivindica la expresividad del gesto y la fuerza del color<\/strong> como veh\u00edculos de comunicaci\u00f3n directa con el espectador\u00bb, concluye<\/p>\n<p>Fundaci\u00f3n Araguaney-Puente de Culturas<\/p>\n<p class=\"ft-text\"><strong>La Fundaci\u00f3n Araguaney-Puente de Culturas es una entidad sin \u00e1nimo de lucro<\/strong> que a lo largo de sus cuatro d\u00e9cadas de historia ha fomentado en Santiago y el resto de Galicia el debate social y econ\u00f3mico, \u00abcomo ejemplo de internacionalizaci\u00f3n, tolerancia e integraci\u00f3n de las culturas \u00e1rabe, espa\u00f1ola e iberoamericana\u00bb, se\u00f1alan en su web.<\/p>\n<p class=\"ft-text\">Es una de las fundaciones m\u00e1s antiguas de Galicia. El nombre de \u00abAraguaney!\u201d proviene del \u00e1rbol nacional de Venezuela -de hermosas flores y capaz de crecer en condiciones duras-, y esta similitud define la importancia que para la fundaci\u00f3n tiene la emigraci\u00f3n gallega: ejemplo de uni\u00f3n entre pueblos del mundo. Porque en cada lugar, en cualquier territorio, siempre brota la ilusi\u00f3n. Desde el 2008, la Fundaci\u00f3n es miembro de la Alianza Global para la Diversidad Cultural de la UNESCO.<\/p>\n","protected":false},"excerpt":{"rendered":"Manuel F. Gochi inaugura este viernes 4 de septiembre una exposici\u00f3n en Santiago, en la Fundaci\u00f3n Araguaney, en&hellip;\n","protected":false},"author":2,"featured_media":746831,"comment_status":"","ping_status":"","sticky":false,"template":"","format":"standard","meta":{"footnotes":""},"categories":[173],"tags":[771,132654,229,233,231,230,209,232,234,146,147,25,24,2003,2881,132655,2450,23,381],"class_list":["post-746830","post","type-post","status-publish","format-standard","has-post-thumbnail","category-arte-y-diseno","tag-acoge","tag-araguaney","tag-arte","tag-arte-y-diseno","tag-arts","tag-arts-and-design","tag-cultura","tag-design","tag-diseno","tag-entertainment","tag-entretenimiento","tag-es","tag-espana","tag-exposicion","tag-fundacion","tag-fundacion-araguaney","tag-santiago","tag-spain","tag-viernes"],"share_on_mastodon":{"url":"https:\/\/pubeurope.com\/@es\/117211048573667634","error":""},"_links":{"self":[{"href":"https:\/\/www.europesays.com\/es\/wp-json\/wp\/v2\/posts\/746830","targetHints":{"allow":["GET"]}}],"collection":[{"href":"https:\/\/www.europesays.com\/es\/wp-json\/wp\/v2\/posts"}],"about":[{"href":"https:\/\/www.europesays.com\/es\/wp-json\/wp\/v2\/types\/post"}],"author":[{"embeddable":true,"href":"https:\/\/www.europesays.com\/es\/wp-json\/wp\/v2\/users\/2"}],"replies":[{"embeddable":true,"href":"https:\/\/www.europesays.com\/es\/wp-json\/wp\/v2\/comments?post=746830"}],"version-history":[{"count":0,"href":"https:\/\/www.europesays.com\/es\/wp-json\/wp\/v2\/posts\/746830\/revisions"}],"wp:featuredmedia":[{"embeddable":true,"href":"https:\/\/www.europesays.com\/es\/wp-json\/wp\/v2\/media\/746831"}],"wp:attachment":[{"href":"https:\/\/www.europesays.com\/es\/wp-json\/wp\/v2\/media?parent=746830"}],"wp:term":[{"taxonomy":"category","embeddable":true,"href":"https:\/\/www.europesays.com\/es\/wp-json\/wp\/v2\/categories?post=746830"},{"taxonomy":"post_tag","embeddable":true,"href":"https:\/\/www.europesays.com\/es\/wp-json\/wp\/v2\/tags?post=746830"}],"curies":[{"name":"wp","href":"https:\/\/api.w.org\/{rel}","templated":true}]}}