{"id":746850,"date":"2026-09-04T05:20:14","date_gmt":"2026-09-04T05:20:14","guid":{"rendered":"https:\/\/www.europesays.com\/es\/746850\/"},"modified":"2026-09-04T05:20:14","modified_gmt":"2026-09-04T05:20:14","slug":"airbus-pausa-la-mediacion-de-la-huelga-en-plena-division-sindical","status":"publish","type":"post","link":"https:\/\/www.europesays.com\/es\/746850\/","title":{"rendered":"Airbus pausa la mediaci\u00f3n de la huelga en plena divisi\u00f3n sindical"},"content":{"rendered":"<p>La reuni\u00f3n entre Airbus y los sindicatos de este jueves se ha cerrado<b> sin acuerdo y sin fecha para un nuevo encuentro<\/b>, seg\u00fan fuentes de los representantes de los trabajadores. A la cita en el SIMA (Servicio Interconfederal de Mediaci\u00f3n y Arbitraje) han acudido CCOO y ATP, pero no los sindicatos convocantes de la actual <a href=\"https:\/\/www.eleconomista.es\/industria\/noticias\/14010843\/08\/26\/la-plantilla-de-airbus-vota-por-seguir-con-la-huelga-indefinida.html\" rel=\"nofollow noopener\" target=\"_blank\">huelga indefinida<\/a>: -CGT, UGT y \u00daTIL- ni tampoco SIPA.<\/p>\n<p>En ese contexto, <b>Airbus no ha presentado en la reuni\u00f3n de hoy la <a href=\"https:\/\/www.eleconomista.es\/industria\/noticias\/14011231\/09\/26\/airbus-presentara-a-los-sindicatos-una-nueva-oferta-para-frenar-la-huelga-y-emplaza-a-negociar-en-una-unica-mesa.html\" rel=\"nofollow noopener\" target=\"_blank\">nueva propuesta<\/a> que, seg\u00fan informaron los sindicatos, se ha comprometido a preparar. <\/b>De hecho, la compa\u00f1\u00eda ha pedido una pausa en la actual mediaci\u00f3n ante el SIMA para analizar el conflicto e invitar a todas las entidades sindicales a participar en la negociaci\u00f3n, de acuerdo con Europa Press.<\/p>\n<p>La propia empresa ha publicado este jueves un comunicado en el que <b>confirma que ha cerrado la segunda mesa de mediaci\u00f3n en el SIMA<\/b>, conocida por el c\u00f3digo 396, donde se estaba reuniendo con los tres sindicatos convocantes de la huelga. El objetivo de la compa\u00f1\u00eda ha sido trasladar las conversaciones a la otra mesa, que tiene el c\u00f3digo 394, y en la que participan todos los sindicatos que forman parte del comit\u00e9 de empresa de Airbus (CCOO, ATP, SIPA, CGT y UGT).<\/p>\n<p>Sin embargo, <b>ese movimiento ha vuelto a poner de manifiesto la <a href=\"https:\/\/www.eleconomista.es\/actualidad\/noticias\/14011195\/09\/26\/el-pulso-en-airbus-se-enquista-el-gobierno-y-sevilla-alertan-del-riesgo-para-el-futuro-aeroespacial-de-espana.html\" rel=\"nofollow noopener\" target=\"_blank\">ruptura sindical.<\/a><\/b> CGT, UGT y SIPA han declinado participar en la mesa 394, mientras que CCOO y ATP s\u00ed lo han hecho. SIPA, que acudi\u00f3 a la primera reuni\u00f3n de esta mesa el pasado martes, no ha comparecido en la de este jueves.<\/p>\n<p>\u00abDesafortunadamente, el resultado de esta mediaci\u00f3n ha evidenciado que<b> no todas las partes est\u00e1n abiertas a participar y encontrar un acuerdo com\u00fan en esta mesa de mediaci\u00f3n. <\/b>Airbus continuar\u00e1 trabajando para buscar una soluci\u00f3n para todos los empleados, la empresa y el futuro de la compa\u00f1\u00eda en Espa\u00f1a\u00bb, ha destacado el fabricante aeron\u00e1utico este jueves, una vez la reuni\u00f3n ya hab\u00eda finalizado.<\/p>\n<p>Demanda en la Audiencia Nacional<\/p>\n<p>La decisi\u00f3n de cerrar la mesa 396 ha sido interpretada por CGT, UGT y \u00daTIL como un acto de \u00abmala fe\u00bb por parte de Airbus, al considerar que la empresa ha eludido negociar directamente con el comit\u00e9 de huelga. Por ello, seg\u00fan trasladan fuentes sindicales<b>, estas tres organizaciones est\u00e1n valorando presentar una demanda por conflicto colectivo ante la Audiencia Nacional<\/b>. En las \u00faltimas horas han analizado esa opci\u00f3n desde el punto de vista legal, aunque de momento no han tomado una decisi\u00f3n en firme. Otros sindicatos consideran que esta v\u00eda no tiene ning\u00fan recorrido y que se trata de un movimiento \u00abde cara a la galer\u00eda\u00bb.<\/p>\n<p>Seg\u00fan las fuentes sindicales consultadas, <b>Airbus apuesta ahora por abrir negociaciones a trav\u00e9s de la comisi\u00f3n negociadora de convenio (CNC)<\/b>, que definen como un \u00abgrupo de trabajo\u00bb que emana del comit\u00e9 interempresas de la empresa, que es el \u00f3rgano unitario que representa a todos los trabajadores de Airbus Espa\u00f1a durante los periodos de negociaci\u00f3n de los convenios colectivos.<\/p>\n<p>En los \u00faltimos d\u00edas, <b>Airbus ha reiterado su preocupaci\u00f3n por este conflicto,<\/b> que seg\u00fan la empresa est\u00e1 creando una situaci\u00f3n \u00abcr\u00edtica\u00bb por los parones laborales, justo en un momento en el que la compa\u00f1\u00eda tiene acumulados pedidos de r\u00e9cord.<\/p>\n<p>WhatsApp<a href=\"https:\/\/api.whatsapp.com\/send?text=https:\/\/www.eleconomista.es\/industria\/noticias\/14011656\/09\/26\/airbus-pausa-la-mediacion-de-la-huelga-en-plena-division-sindical.html?utm_source%3Dwhatsapp%26utm_medium%3Dshare_button&amp;id=1648118629957_whatsapp\" target=\"_blank\" data-action=\"share\/whatsapp\/share\" aria-label=\"Compartir en Whatsapp\" rel=\"nofollow noopener\"><\/a>Facebook<a id=\"fb-share\" href=\"#\" target=\"_blank\" rel=\"noopener noreferrer\" aria-label=\"Compartir en Facebook\"><\/a>Twitter<a href=\"https:\/\/twitter.com\/share?text=Airbus+pausa+la+mediaci%C3%B3n+de+la+huelga+en+plena+divisi%C3%B3n+sindical&amp;url=https:\/\/www.eleconomista.es\/industria\/noticias\/14011656\/09\/26\/airbus-pausa-la-mediacion-de-la-huelga-en-plena-division-sindical.html&amp;via=elEconomistaes&amp;id=1648118839245_twitter\" target=\"_blank\" aria-label=\"Compartir en Twitter\" rel=\"nofollow noopener\"><\/a>Linkedin<a href=\"https:\/\/linkedin.com\/share?text=https:\/\/www.eleconomista.es\/industria\/noticias\/14011656\/09\/26\/airbus-pausa-la-mediacion-de-la-huelga-en-plena-division-sindical.html&amp;via=elEconomistaes\" target=\"_blank\" aria-label=\"Compartir en linkedin\" rel=\"nofollow noopener\"><\/a>Beloud<a href=\"https:\/\/beloud.com\/share?text=Airbus+pausa+la+mediaci%C3%B3n+de+la+huelga+en+plena+divisi%C3%B3n+sindical&amp;url=https:\/\/www.eleconomista.es\/industria\/noticias\/14011656\/09\/26\/airbus-pausa-la-mediacion-de-la-huelga-en-plena-division-sindical.html&amp;via=elEconomistaes&amp;id=1648118839245_beloud\" target=\"_blank\" aria-label=\"Compartir en beloud\" rel=\"nofollow noopener\"><\/a>Bluesky<a href=\"https:\/\/bsky.app\/intent\/compose?text=https:\/\/bsky.app\/intent\/compose?text=https:\/\/www.eleconomista.es\/industria\/noticias\/14011656\/09\/26\/airbus-pausa-la-mediacion-de-la-huelga-en-plena-division-sindical.html&amp;url=https:\/\/www.eleconomista.es\/industria\/noticias\/14011656\/09\/26\/airbus-pausa-la-mediacion-de-la-huelga-en-plena-division-sindical.html&amp;via=elEconomistaes&amp;id=1648118839245_bluesky\" target=\"_blank\" aria-label=\"Compartir en bluesky\" rel=\"nofollow noopener\"><\/a><\/p>\n<p><script async src=\"https:\/\/platform.twitter.com\/widgets.js\" charset=\"utf-8\"><\/script><\/p>\n","protected":false},"excerpt":{"rendered":"La reuni\u00f3n entre Airbus y los sindicatos de este jueves se ha cerrado sin acuerdo y sin fecha&hellip;\n","protected":false},"author":2,"featured_media":746851,"comment_status":"","ping_status":"","sticky":false,"template":"","format":"standard","meta":{"footnotes":""},"categories":[8],"tags":[17,18,25,24,13,14,11,2893,19,20,9,10,15,16,23,12,21,22],"class_list":["post-746850","post","type-post","status-publish","format-standard","has-post-thumbnail","category-espana","tag-breaking-news","tag-breakingnews","tag-es","tag-espana","tag-featured-news","tag-featurednews","tag-headlines","tag-industria","tag-latest-news","tag-latestnews","tag-news","tag-noticias","tag-noticias-destacadas","tag-noticiasdestacadas","tag-spain","tag-titulares","tag-ultimas-noticias","tag-ultimasnoticias"],"share_on_mastodon":{"url":"https:\/\/pubeurope.com\/@es\/117211091755862538","error":""},"_links":{"self":[{"href":"https:\/\/www.europesays.com\/es\/wp-json\/wp\/v2\/posts\/746850","targetHints":{"allow":["GET"]}}],"collection":[{"href":"https:\/\/www.europesays.com\/es\/wp-json\/wp\/v2\/posts"}],"about":[{"href":"https:\/\/www.europesays.com\/es\/wp-json\/wp\/v2\/types\/post"}],"author":[{"embeddable":true,"href":"https:\/\/www.europesays.com\/es\/wp-json\/wp\/v2\/users\/2"}],"replies":[{"embeddable":true,"href":"https:\/\/www.europesays.com\/es\/wp-json\/wp\/v2\/comments?post=746850"}],"version-history":[{"count":0,"href":"https:\/\/www.europesays.com\/es\/wp-json\/wp\/v2\/posts\/746850\/revisions"}],"wp:featuredmedia":[{"embeddable":true,"href":"https:\/\/www.europesays.com\/es\/wp-json\/wp\/v2\/media\/746851"}],"wp:attachment":[{"href":"https:\/\/www.europesays.com\/es\/wp-json\/wp\/v2\/media?parent=746850"}],"wp:term":[{"taxonomy":"category","embeddable":true,"href":"https:\/\/www.europesays.com\/es\/wp-json\/wp\/v2\/categories?post=746850"},{"taxonomy":"post_tag","embeddable":true,"href":"https:\/\/www.europesays.com\/es\/wp-json\/wp\/v2\/tags?post=746850"}],"curies":[{"name":"wp","href":"https:\/\/api.w.org\/{rel}","templated":true}]}}