{"id":746856,"date":"2026-09-04T05:27:26","date_gmt":"2026-09-04T05:27:26","guid":{"rendered":"https:\/\/www.europesays.com\/es\/746856\/"},"modified":"2026-09-04T05:27:26","modified_gmt":"2026-09-04T05:27:26","slug":"las-imagenes-del-paso-de-la-vuelta-por-lorca-la-verdad","status":"publish","type":"post","link":"https:\/\/www.europesays.com\/es\/746856\/","title":{"rendered":"Las im\u00e1genes del paso de la Vuelta por Lorca &#8211; La Verdad"},"content":{"rendered":"<ol>\n<li><a href=\"https:\/\/news.google.com\/rss\/articles\/CBMiqAFBVV95cUxQaTQyUVlYNnN3TTlab2RLbVhfVjZMdmhWSEFMbWcyR1RIeFQyTE1TTTdBay1QSVJtYm16X0RQc29GRUpweW5vc2xHZTFtT2FFZVdQTWJuc3BiYnpfSDdBRzZqcFp5dWltMTVwZTlVcjVwbkd6NVJSNld3T0NPc2pLUm1QbVFuQkJYNDQtOVVpbnVnTVdCQXVoWVNXejk0UTJJMU1rcjBKekY?oc=5\" target=\"_blank\" rel=\"nofollow noopener\">Las im\u00e1genes del paso de la Vuelta por Lorca<\/a>&nbsp;&nbsp;La Verdad<\/li>\n<li><a href=\"https:\/\/news.google.com\/rss\/articles\/CBMixAFBVV95cUxOckRnVm1UbjBJZ05hTkFrdW90ZVIxN0hvczBIZ3dhcEpQdnpHNDU3MEd4bzVaYl9hcUlIRU80Qk1rcWFySDgzd0pucWwyZmRaTFF1d1R0RmpCaFdVM1hXUVdwb3NlLUtfUWpXNmRjVG9sQUMzMC1NejZuUmh6bUZxXzdfb3g1XzJmbDI4dTJLRFU5bU1pLWl2dTFjSmI3NTI0eGExMkt3TVBJVjZ1Q3llcEVYZUFqNWpObFRvZ1F0MUxWbGo30gHYAUFVX3lxTFBndXVoMzNlQkRDUldYOG5TdGFkcUloUTFaV1gzb09UQ3FFSXgyalBIaXBpUmJRaU1rZ1JlTlEyV3NvRnNFNVBUSGhlOVVaOXN5UXpFWlBLbGg2cU01ZWFRQU40N3FaUDRKbW1BaU1xbnVNYXNJbXVIZ1l0OURVZFc4M3BGYjAzbVJoakM1UVNtRDYyZkpYZDEtVmNnQnZjSGRNWHJ1Y204NUZFY0JOQ0RoQ0dWUnQ1MVYxdkdya3IyRnI2SDNaR2VXUjA1dWNNdjZEbXU3OTJ5OA?oc=5\" target=\"_blank\" rel=\"nofollow noopener\">As\u00ed queda la clasificaci\u00f3n general de la Vuelta a Espa\u00f1a hoy tras la etapa 11<\/a>&nbsp;&nbsp;as.com<\/li>\n<li><a href=\"https:\/\/news.google.com\/rss\/articles\/CBMingFBVV95cUxPZGlhRkM3UE5vVGJsbjdQb1FuT25xM25fR2Q1WUFaUm1oeDV4bkt5MDA3aTBwVFA4dzFCU2FEMTAyOGV2MUw2Qk53ejc3Tk9Uc25ZYVMybjJlMDZaNElXTVBOamRraXhRUXptNms0WjJJZW9YbXhDUnpHWGZMWURKRXhjemxPejJhZUk4dlZGOEFsTGRmZGozWldVOWg0QdIBngFBVV95cUxPUkZFNGV5aTBBTkdGZlFsdm9tdGJrOW15LUlqVklodkRGS0FfR0tyN2NJc1NGRmhnVTM2RjZrb3d6UFN2dzZHWkdPcDRHRko3ZVB5Sy1uVDhBMG1lTXh4d2NlODBnbWpCSUtUaXhNTUZWT2VfNnNTWDF2WnpwTFNYZTA2T2VlcTh3dVJIdnlTemhFUkhXSW5RRXFud19jZw?oc=5\" target=\"_blank\" rel=\"nofollow noopener\">Tercera victoria de Brennan en la v\u00edspera del ascenso a Calar Alto, duro examen para Enric Mas<\/a>&nbsp;&nbsp;El Mundo<\/li>\n<li><a href=\"https:\/\/news.google.com\/rss\/articles\/CBMiwgFBVV95cUxQYlU2M2ZNTzkyV3FXZHNuZWVDNmFvcTdaZGhUU0FNdHRndDdPZkdhVDFycHRUSDgzbEo1UVhXWWZCZ2hLV1pncjQ5WkQ2MGl5LS11TDZsNjRPM3BmOXZOLW1uemN5U29OUF9oUDZVbmJudDVRbVhLVEx5S3pPQTB6YlVBMmFqZHlLUTNwZ0U4aXhPaFZlU2Fqam1weWllN3hidGpkM2s0aFJUTGpaM0d4Nkl4SmhuVW5hT2dzV1RPa1Bldw?oc=5\" target=\"_blank\" rel=\"nofollow noopener\">Brennan logra el triplete en Lorca mientras Enric Mas mantiene el maillot rojo en la Vuelta<\/a>&nbsp;&nbsp;El Confidencial<\/li>\n<li><a href=\"https:\/\/news.google.com\/rss\/articles\/CBMi8wFBVV95cUxQMUhHTDR2MnZMUHJjRG1WOV9QM01GT1R2c0FDMTNJTzZoMkpMbGJrWi1HQTY0Y3VObzRfdEdfMFhiSDhtVUI0Ry1ERnkxRmoyNVhTSHJSd2lqR3JLekYxbk5yYkxscHViaGF2QnVqeklRWjU0TzN5OWNsYVdwM05EUjJMRUdkTVl5MEdtcU1IWDVFRFVPN0ZpTkFzMWhQcEtHZDdwMWlGbEZaQmtDMmg0R29LNmFsSnBUY3J3TERPTDFsN01IMnR4NUhkaTlnbFoxNHJfWUExaTdic0REMkZ2bE5FZDZGYkJLZGJURjhOc282eWc?oc=5\" target=\"_blank\" rel=\"nofollow noopener\">L\u00f3pez Miras, en la etapa de La Vuelta entre Cartagena y Lorca: \u00abVolvemos a ser protagonistas de uno de los eventos deportivos&#8230;<\/a>&nbsp;&nbsp;CARM.es<\/li>\n<\/ol>\n","protected":false},"excerpt":{"rendered":"Las im\u00e1genes del paso de la Vuelta por Lorca&nbsp;&nbsp;La Verdad As\u00ed queda la clasificaci\u00f3n general de la Vuelta&hellip;\n","protected":false},"author":2,"featured_media":746857,"comment_status":"","ping_status":"","sticky":false,"template":"","format":"standard","meta":{"footnotes":""},"categories":[273],"tags":[313,312,168,25,24,1641,20174,4191,23,167,1357],"class_list":["post-746856","post","type-post","status-publish","format-standard","has-post-thumbnail","category-ciclismo","tag-ciclismo","tag-cycling","tag-deportes","tag-es","tag-espana","tag-imagenes","tag-lorca","tag-paso","tag-spain","tag-sports","tag-vuelta"],"share_on_mastodon":{"url":"https:\/\/pubeurope.com\/@es\/117211119054802466","error":""},"_links":{"self":[{"href":"https:\/\/www.europesays.com\/es\/wp-json\/wp\/v2\/posts\/746856","targetHints":{"allow":["GET"]}}],"collection":[{"href":"https:\/\/www.europesays.com\/es\/wp-json\/wp\/v2\/posts"}],"about":[{"href":"https:\/\/www.europesays.com\/es\/wp-json\/wp\/v2\/types\/post"}],"author":[{"embeddable":true,"href":"https:\/\/www.europesays.com\/es\/wp-json\/wp\/v2\/users\/2"}],"replies":[{"embeddable":true,"href":"https:\/\/www.europesays.com\/es\/wp-json\/wp\/v2\/comments?post=746856"}],"version-history":[{"count":0,"href":"https:\/\/www.europesays.com\/es\/wp-json\/wp\/v2\/posts\/746856\/revisions"}],"wp:featuredmedia":[{"embeddable":true,"href":"https:\/\/www.europesays.com\/es\/wp-json\/wp\/v2\/media\/746857"}],"wp:attachment":[{"href":"https:\/\/www.europesays.com\/es\/wp-json\/wp\/v2\/media?parent=746856"}],"wp:term":[{"taxonomy":"category","embeddable":true,"href":"https:\/\/www.europesays.com\/es\/wp-json\/wp\/v2\/categories?post=746856"},{"taxonomy":"post_tag","embeddable":true,"href":"https:\/\/www.europesays.com\/es\/wp-json\/wp\/v2\/tags?post=746856"}],"curies":[{"name":"wp","href":"https:\/\/api.w.org\/{rel}","templated":true}]}}