{"id":746862,"date":"2026-09-04T05:31:14","date_gmt":"2026-09-04T05:31:14","guid":{"rendered":"https:\/\/www.europesays.com\/es\/746862\/"},"modified":"2026-09-04T05:31:14","modified_gmt":"2026-09-04T05:31:14","slug":"judit-martin-comica-para-parodiar-a-la-mujer-facha-hay-que-ser-cinica-y-divertida-pero-muy-facha-cultura","status":"publish","type":"post","link":"https:\/\/www.europesays.com\/es\/746862\/","title":{"rendered":"Judit Mart\u00edn, c\u00f3mica: \u201cPara parodiar a la mujer facha hay que ser c\u00ednica y divertida, pero muy facha\u201d | Cultura"},"content":{"rendered":"<p class=\"\">Judit Mart\u00edn (Hospitalet de Llobregat, 49 a\u00f1os) se llama \u201c<a href=\"https:\/\/www.instagram.com\/pobrechavala\/?hl=es\" target=\"_self\" rel=\"nofollow noopener\" title=\"https:\/\/www.instagram.com\/pobrechavala\/?hl=es\">pobre chavala<\/a>\u201d en Instagram. \u201cLo uso desde el Fotolog. No porque me sienta as\u00ed, sino porque me hace gracia por su condescendencia: alguien suelta \u2018pobre chavala\u2019 y ya est\u00e1 todo dicho\u201d, cuenta la int\u00e9rprete en la terracita del Centre de Cultura Contempor\u00e0nea de Barcelona (CCCB) el \u00faltimo d\u00eda de agosto. Dice que ha descansado este verano. Lo necesitaba. <\/p>\n<p class=\"\">La c\u00f3mica que salt\u00f3 a la fama por sus imitaciones en Pol\u00f2nia de 3cat o en el Cara al show de Marc Gir\u00f3 est\u00e1 en racha este 2026. Tras agotar su <a href=\"https:\/\/elpais.com\/babelia\/2026-01-30\/riure-canibal-van-una-alemana-una-italiana-una-francesa-y-una-espanola.html\" target=\"_self\" rel=\"nofollow noopener\" title=\"https:\/\/elpais.com\/babelia\/2026-01-30\/riure-canibal-van-una-alemana-una-italiana-una-francesa-y-una-espanola.html\">Riure can\u00edbal<\/a> de <a href=\"https:\/\/elpais.com\/babelia\/2022-06-25\/las-huecas-teatro-alternativo-de-verdad.html\" target=\"_self\" rel=\"nofollow noopener\" title=\"https:\/\/elpais.com\/babelia\/2022-06-25\/las-huecas-teatro-alternativo-de-verdad.html\">Las Huecas<\/a> en el Teatre Lliure y estrenar su primer papel protagonista de cine en <a href=\"https:\/\/cartelera.elpais.com\/pelicula\/pizza-movies\/\" rel=\"nofollow noopener\" target=\"_blank\">Pizza movies<\/a>, la comedia de <a href=\"https:\/\/elpais.com\/tecnologia\/2023-12-02\/carlo-padial-escritor-la-transformacion-digital-en-espana-ha-quedado-afectada-por-la-unica-cultura-que-existe-la-del-pelotazo.html\" target=\"_self\" rel=\"nofollow noopener\" title=\"https:\/\/elpais.com\/tecnologia\/2023-12-02\/carlo-padial-escritor-la-transformacion-digital-en-espana-ha-quedado-afectada-por-la-unica-cultura-que-existe-la-del-pelotazo.html\">Carlo Padial<\/a> y <a href=\"https:\/\/elpais.com\/babelia\/2026-02-27\/desiree-de-fez-escritora-los-fantasmas-no-pertenecen-unicamente-a-los-relatos-americanos-o-las-casas-encantadas-el-terror-te-puede-acechar-en-la-parada-de-metro.html\" target=\"_self\" rel=\"nofollow noopener\" title=\"https:\/\/elpais.com\/babelia\/2026-02-27\/desiree-de-fez-escritora-los-fantasmas-no-pertenecen-unicamente-a-los-relatos-americanos-o-las-casas-encantadas-el-terror-te-puede-acechar-en-la-parada-de-metro.html\">Desir\u00e9e de Fez<\/a>, en septiembre girar\u00e1 por teatros Digamel\u00f3n, su mon\u00f3logo de stand up, y m\u00e1s adelante presentar\u00e1 su primer programa de televisi\u00f3n, Tot aix\u00f2 eren camps, en La 2 Cat. De pobre, nada.<\/p>\n<p class=\"\"><b>Pregunta.<\/b> \u00bfC\u00f3mo acaba siendo c\u00f3mica una estudiante de Bellas Artes? \u00bfLe ven\u00eda de familia?<\/p>\n<p class=\"\"><b>Respuesta.<\/b> Para nada, mi madre limpiaba en despachos y mi padre era contable. La cosa es que mi abuela, que ven\u00eda de un origen muy humilde en Hospitalet, siempre nos recordaba a mi hermana y a m\u00ed que la educaci\u00f3n en la Segunda Rep\u00fablica fue buen\u00edsima, y nos motiv\u00f3 mucho para estudiar y estimular nuestra faceta creativa.<\/p>\n<p class=\"\"><b>P<\/b>. Pero salt\u00f3 del videoarte a la improvisaci\u00f3n c\u00f3mica, \u00bfpor qu\u00e9?<\/p>\n<p class=\"\"><b>R.<\/b> Porque el videoarte era algo imposible a lo que dedicarse. En Bellas Artes, en la Universitat de Barcelona (UB), consegu\u00ed una beca para especializarme en Massachusetts. Estuve solo unos meses, pero me ha servido para montar toda la creatividad de mis shows, desde los flyers a los v\u00eddeos. Lo de la improvisaci\u00f3n ya me ven\u00eda del instituto, en el Merc\u00e8 Rodoreda de Bellvitge, donde hac\u00edamos teatro amateur, por no decir precario. De ah\u00ed pas\u00e9 a la escena de Hospitalet y luego en el Llantiol del Raval ya me tir\u00e9 a la improvisaci\u00f3n de lleno, porque era lo que me volv\u00eda loca. <\/p>\n<p class=\"\"><b>P.<\/b> Mont\u00f3 su propia compa\u00f1\u00eda mientras trabajaba de lo que le pagaran: en el taller de la Citro\u00ebn, de teleoperadora o en el turno de noche de la Frigo. Y entonces lleg\u00f3 un contrato como payasa en los hospitales en la compa\u00f1\u00eda Pallapupas. <\/p>\n<p class=\"\"><b>R.<\/b> Y ese fue el que me dio estabilidad. Hay una canci\u00f3n de Hidrogenesse que dice que \u201cno hay nada m\u00e1s triste que un turno de noche esperando la sirena con lo peor de Rub\u00ed\u201d, pero todos aquellos otros trabajos y la gente que conoc\u00ed me han servido para la improvisaci\u00f3n y las imitaciones. Como con el cerdo, yo lo aprovecho todo. <\/p>\n<p class=\"\"><b>P. <\/b>Dice que ahora puede vivir de esto tranquila. <\/p>\n<p class=\"\"><b>R.<\/b> En los \u00faltimos tres a\u00f1os, desde que empec\u00e9 a hacer imitaciones en el <a href=\"https:\/\/elpais.com\/espana\/catalunya\/2023-04-11\/los-obispos-rechazan-la-parodia-de-tv3-de-la-virgen-del-rocio-sobrepasa-el-sentido-del-humor.html\" target=\"_self\" rel=\"nofollow noopener\" title=\"https:\/\/elpais.com\/espana\/catalunya\/2023-04-11\/los-obispos-rechazan-la-parodia-de-tv3-de-la-virgen-del-rocio-sobrepasa-el-sentido-del-humor.html\">Est\u00e0 passant<\/a>, la velocidad de crucero con la que suelo trabajar se ha acelerado. Me est\u00e1 costando decir que no, en parte porque estaba acostumbrada a decir que s\u00ed a todo. Ahora, de repente, tengo papeles protagonistas, pero eso me ha hecho pensar: \u201cFrena el carro, que a partir de ahora puedes elegir\u2019\u2019. Tampoco es que la haya cagado diciendo \u201dno\u00bb a grandes proyectos. O sea, Almod\u00f3var no me ha llamado y le he dicho que no. Cosa que no va a pasar. <\/p>\n<p><img alt=\"\" decoding=\"auto\" class=\"_re lazyload a_m-h\" height=\"277\"  width=\"414\"  src=\"https:\/\/www.europesays.com\/es\/wp-content\/uploads\/2026\/09\/RQR5OBSCDNG65B3WRYUTN5PYWQ.jpg\" loading=\"lazy\" fetchpriority=\"low\"\/>Judit Mart\u00edn, en el bar la Terracita del CCCB el pasado 31 de agosto.Massimiliano Minocri<\/p>\n<p class=\"\"><b>P.<\/b> No parece que termine de creerse este salto. Con <a href=\"https:\/\/elpais.com\/gastronomia\/2026-05-23\/un-et-de-mortadela-y-un-indiana-jones-que-huye-de-un-trozo-de-queso-asi-creo-asier-sanz-las-pizzas-de-la-ultima-pelicula-de-carlo-padial.html\" target=\"_self\" rel=\"nofollow noopener\" title=\"https:\/\/elpais.com\/gastronomia\/2026-05-23\/un-et-de-mortadela-y-un-indiana-jones-que-huye-de-un-trozo-de-queso-asi-creo-asier-sanz-las-pizzas-de-la-ultima-pelicula-de-carlo-padial.html\">Pizza movies<\/a>, en el Festival de M\u00e1laga, lo pas\u00f3 mal en la alfombra roja. <\/p>\n<p class=\"\"><b>R.<\/b> Me sent\u00eda totalmente fuera de mi mundo. Me da mucha risa verme en esa tesitura, posando en el photocall. Tambi\u00e9n me pasa con las sesiones de fotos profesionales: no soy yo. <\/p>\n<p class=\"\"><b>P.<\/b> Lo dice quien no se extra\u00f1a al verse vestida de Virgen del Roc\u00edo o de Taylor Swift. <\/p>\n<p class=\"\"><b>R.<\/b> Es que lo del festival es mucho m\u00e1s raro, como si te convirtieran en el mu\u00f1equito de Google y te soltaran ah\u00ed. Estoy intentando aprender a llevarlo.<\/p>\n<p><img alt=\"\" decoding=\"auto\" class=\"_re lazyload a_m-h\" height=\"233\"  width=\"414\"  src=\"https:\/\/www.europesays.com\/es\/wp-content\/uploads\/2026\/09\/MVY7ZBFTKBD3ZLTEZJBEVYQ2FA.jpg\" loading=\"lazy\" fetchpriority=\"low\"\/>Judit Mart\u00edn i Berto Romero, en la pel\u00edcula &#8216;Pizza movies&#8217;.D&#8217;A<\/p>\n<p class=\"\"><b>P.<\/b> En Tot aix\u00f2 eren camps ser\u00e1 presentadora de un programa que descubrir\u00e1 la periferia de Barcelona. <\/p>\n<p class=\"\"><b>R.<\/b> La idea es maravillarse con lugares y personas que no son tan comunes de ver. <\/p>\n<p class=\"\"><b>P.<\/b> \u00bfLa periferia se est\u00e1 comiendo al centro?<\/p>\n<p class=\"\"><b>R.<\/b> Creo que hay una burbuja en el cine que va a explotar; me pasa con la periferia y la adolescencia. No digo que est\u00e9 mal y que narrarla sea m\u00e1s barato por el neorrealismo, pero desde aqu\u00ed quiero hacer una llamada a la reflexi\u00f3n: guionistas, directores y directoras, por favor, abarquemos otros temas o cont\u00e9moslo de otras maneras. <\/p>\n<p class=\"\"><b>P.<\/b> \u00bfQu\u00e9 temas le interesan m\u00e1s?<\/p>\n<p class=\"\"><b>R.<\/b> El terror y la fantas\u00eda. En realidad, todo lo que tenga que ver con vampiros: desde Buffy a Crep\u00fasculo o las pelis de los 60 y los 70 que a veces programan en el festival de Sitges.<\/p>\n<p class=\"\"><b>P.<\/b> \u00daltimamente ha parodiado a mujeres de derechas. Ha sido una l\u00edder ultra en Riure Can\u00edbal y <a href=\"https:\/\/www.youtube.com\/watch?v=Ch14QTLcdGI&amp;t=16s\" target=\"_self\" rel=\"nofollow noopener\" title=\"https:\/\/www.youtube.com\/watch?v=Ch14QTLcdGI&amp;t=16s\">Veva en el programa de Marc Gir\u00f3<\/a>. \u00bfQui\u00e9n la inspira?<\/p>\n<p class=\"\"><b>R.<\/b> Yo empec\u00e9 con las imitaciones porque daba salida laboral. En aquella \u00e9poca no hab\u00eda casi ninguna imitadora mujer. Al principio, me fij\u00e9 en Esperanza Aguirre; m\u00e1s tarde, en muchas m\u00e1s, desde Silvia Orriols a otras mujeres fachas que te nombrar\u00eda, pero que no voy a decir porque igual no se ven como tal. He analizado c\u00f3mo piensan, act\u00faan, visten y hablan. He aprendido que para parodiar a la mujer facha hay que ser c\u00ednica y divertida, pero muy facha. <\/p>\n<p class=\"\"><b>P.<\/b> Empez\u00f3 el verano con pol\u00e9mica. En el p\u00f3dcast <a href=\"https:\/\/elpais.com\/television\/2025-07-12\/ignasi-taltavull-y-tomas-fuentes-la-ruina-no-podemos-competir-con-los-ricos-pero-en-la-miseria-todos-somos-igual-de-pringados.html\" target=\"_self\" rel=\"nofollow noopener\" title=\"https:\/\/elpais.com\/television\/2025-07-12\/ignasi-taltavull-y-tomas-fuentes-la-ruina-no-podemos-competir-con-los-ricos-pero-en-la-miseria-todos-somos-igual-de-pringados.html\">La Ruina<\/a> denunci\u00f3 que Lluis Pasqual no le hab\u00eda pagado ni atribuido <a href=\"https:\/\/elpais.com\/espana\/catalunya\/2026-06-12\/el-lliure-descabalga-a-lluis-pasqual-de-la-celebracion-del-50-aniversario-del-colectivo.html\" target=\"_self\" rel=\"nofollow noopener\" title=\"https:\/\/elpais.com\/espana\/catalunya\/2026-06-12\/el-lliure-descabalga-a-lluis-pasqual-de-la-celebracion-del-50-aniversario-del-colectivo.html\">una imitaci\u00f3n de Montserrat Caball\u00e9<\/a> para su homenaje en el Liceu. \u00bfSe imaginaba la que se iba a montar?<\/p>\n<p class=\"\"><b>R<\/b>. S\u00ed, pero no me preocupaba eso. Durante muchos a\u00f1os pens\u00e9 que hab\u00eda hecho mal por no reclamar mi dinero; por no haber dicho nada ni se\u00f1alarlo. Por otro lado, he estado en muchos follones legales, con el Teatreneu porque nos pagaba en negro o con la pol\u00e9mica de <a href=\"https:\/\/elpais.com\/espana\/catalunya\/2024-10-07\/la-audiencia-archiva-la-causa-por-el-gag-satirico-en-tv3-sobre-la-virgen-del-rocio.html\" target=\"_self\" rel=\"nofollow noopener\" title=\"https:\/\/elpais.com\/espana\/catalunya\/2024-10-07\/la-audiencia-archiva-la-causa-por-el-gag-satirico-en-tv3-sobre-la-virgen-del-rocio.html\">la imitaci\u00f3n de la Virgen del Roc\u00edo<\/a>. Aquellas historias legales y juicios me sobrepasaron. Cuando lo tuve resuelto, me llamaron para volver a La Ruina y lo vi claro. Ya era un personaje m\u00e1s o menos conocido, me apetec\u00eda contarlo y es una an\u00e9cdota divertida. Quer\u00eda denunciarlo desde esa diversi\u00f3n, en ese entorno. Cuando sali\u00f3, desconect\u00e9 el m\u00f3vil una semana y solo di una entrevista al Versi\u00f3 Rac1 porque es donde trabajo. <\/p>\n<p class=\"\"><b>P.<\/b> \u00bfLe han pagado?<\/p>\n<p class=\"\"><b>R.<\/b> No, tampoco he reclamado el dinero. S\u00ed que habl\u00e9 con el Liceu, que se interesaron por conocer mejor la historia porque fue una cosa de la productora de Lluis Pasqual, no del teatro. <\/p>\n<p class=\"\"><b>P.<\/b> \u00bfTiene alguna denuncia m\u00e1s en la rec\u00e1mara?<\/p>\n<p class=\"\"><b>R.<\/b> No de ese calibre. \u00bfTe imaginas que ahora La Ruina se convierte en un sitio en el que la gente empieza a denunciar cosas desde las risas?<\/p>\n<p><script async src=\"\/\/www.instagram.com\/embed.js\"><\/script><\/p>\n","protected":false},"excerpt":{"rendered":"Judit Mart\u00edn (Hospitalet de Llobregat, 49 a\u00f1os) se llama \u201cpobre chavala\u201d en Instagram. \u201cLo uso desde el Fotolog.&hellip;\n","protected":false},"author":2,"featured_media":746863,"comment_status":"","ping_status":"","sticky":false,"template":"","format":"standard","meta":{"footnotes":""},"categories":[174],"tags":[255,177,3059,209,146,147,25,24,256,52913,13037,23430,67266,132656,2667,132657,35749,65979,23,1651],"class_list":["post-746862","post","type-post","status-publish","format-standard","has-post-thumbnail","category-famosos","tag-celebrities","tag-cine","tag-comedia","tag-cultura","tag-entertainment","tag-entretenimiento","tag-es","tag-espana","tag-famosos","tag-humoristas","tag-la-2","tag-marc-giro","tag-monologos-humor","tag-payasos","tag-podcast","tag-polonia-tv3","tag-programa-television","tag-rac-1","tag-spain","tag-teatro"],"share_on_mastodon":{"url":"https:\/\/pubeurope.com\/@es\/117211136078887806","error":""},"_links":{"self":[{"href":"https:\/\/www.europesays.com\/es\/wp-json\/wp\/v2\/posts\/746862","targetHints":{"allow":["GET"]}}],"collection":[{"href":"https:\/\/www.europesays.com\/es\/wp-json\/wp\/v2\/posts"}],"about":[{"href":"https:\/\/www.europesays.com\/es\/wp-json\/wp\/v2\/types\/post"}],"author":[{"embeddable":true,"href":"https:\/\/www.europesays.com\/es\/wp-json\/wp\/v2\/users\/2"}],"replies":[{"embeddable":true,"href":"https:\/\/www.europesays.com\/es\/wp-json\/wp\/v2\/comments?post=746862"}],"version-history":[{"count":0,"href":"https:\/\/www.europesays.com\/es\/wp-json\/wp\/v2\/posts\/746862\/revisions"}],"wp:featuredmedia":[{"embeddable":true,"href":"https:\/\/www.europesays.com\/es\/wp-json\/wp\/v2\/media\/746863"}],"wp:attachment":[{"href":"https:\/\/www.europesays.com\/es\/wp-json\/wp\/v2\/media?parent=746862"}],"wp:term":[{"taxonomy":"category","embeddable":true,"href":"https:\/\/www.europesays.com\/es\/wp-json\/wp\/v2\/categories?post=746862"},{"taxonomy":"post_tag","embeddable":true,"href":"https:\/\/www.europesays.com\/es\/wp-json\/wp\/v2\/tags?post=746862"}],"curies":[{"name":"wp","href":"https:\/\/api.w.org\/{rel}","templated":true}]}}