{"id":746870,"date":"2026-09-04T05:41:19","date_gmt":"2026-09-04T05:41:19","guid":{"rendered":"https:\/\/www.europesays.com\/es\/746870\/"},"modified":"2026-09-04T05:41:19","modified_gmt":"2026-09-04T05:41:19","slug":"mourinho-se-carga-a-mendy-de-la-lista-de-la-champions-league","status":"publish","type":"post","link":"https:\/\/www.europesays.com\/es\/746870\/","title":{"rendered":"Mourinho &#8216;se carga&#8217; a Mendy de la lista de la Champions League"},"content":{"rendered":"<p class=\"ft-text\">Con el mercado de fichajes cerrado, los equipos ten\u00edan hasta el mi\u00e9rcoles 2 de septiembre para inscribir a sus futbolistas en la lista de la UEFA Champions League. Cada conjunto clasificado para la m\u00e1xima competici\u00f3n europea ten\u00eda<strong> 25 fichas disponibles<\/strong> y en el <strong>Real Madrid <\/strong>hubo un jugador del primer equipo que se quedar\u00e1 sin poder jugar esta temporada.<\/p>\n<p class=\"ft-text\">El conjunto blanco <strong>decidi\u00f3 dejar sin inscribir a Ferland Mendy para completar su lista de 25 jugadores<\/strong>. Adem\u00e1s de los jugadores del primer equipo, los conjuntos pueden a\u00f1adir en una lista B futbolistas del filial. Los clubes tienen derecho a inscribir un n\u00famero ilimitado de jugadores en la Lista B durante la temporada que no se podr\u00e1n cambiar durante todo el curso. Eso s\u00ed, <strong>solo se pueden meter en esta secci\u00f3n si ha nacido a partir del 2005 y ha jugado desde los 15 a\u00f1os durante un periodo ininterrumpido de dos a\u00f1os en ese equipo.<\/strong><\/p>\n<p><img decoding=\"async\" src=\"https:\/\/www.europesays.com\/es\/wp-content\/uploads\/2026\/09\/56072f5a-cb94-4d6b-9502-c7285e1bcfad_alta-libre-aspect-ratio_default_0_x1000y449.jpg\" width=\"1200\" height=\"808\" alt=\"Ferland Mendy, durante un partido del Real Madrid\" class=\"ft-helper-img-rd\" loading=\"lazy\" fetchpriority=\"auto\"\/><\/p>\n<p class=\"ft-helper-fontColor-quaternary ft-helper-fontSize-body-S ft-helper-spacer-t-xxs\">Ferland Mendy, durante un partido del Real Madrid  \/ EFE<\/p>\n<p class=\"ft-text\"><strong>\u00bfPor qu\u00e9 es importante la lista B? <\/strong>Pues porque la plaza de Mendy ha sido reemplazada por <strong>Sergio Mart\u00ednez<\/strong>. El centrocampista del Racing que lleg\u00f3 al conjunto blanco en este mercado de invierno tendr\u00e1 dorsal del filial, pero en la Champions <strong>no puede ser inscrito en esa lista por haber sido reci\u00e9n fichado<\/strong>, a pesar de tener la edad correcta.<\/p>\n<p>Los motivos de la decisi\u00f3n del Madrid<\/p>\n<p class=\"ft-text\">Adem\u00e1s, hay dos factores m\u00e1s que explican la decisi\u00f3n de Mourinho de dejar fuera al lateral para meter al centrocampista. La primera es que<strong> el franc\u00e9s lleva lesionado desde finales de la temporada pasada, cuando tuvo que ser operado de una lesi\u00f3n en el tend\u00f3n del recto femoral de la pierna derecha.<\/strong> Mendy se lesion\u00f3 en las semifinales de la UEFA Champions League y lleva muchos a\u00f1os sin continuidad. Los blancos tienen a<strong> tres laterales zurdos en la primera plantilla<\/strong> y, finalmente, Mou se queda con Cucurella y Carreras para la Champions.<\/p>\n<p class=\"ft-text\">El segundo factor es la necesidad que tendr\u00e1n en el primer encuentro de Champions ante el <strong>Inter de Mil\u00e1n<\/strong>. Los merengues arrancan con un duelo exigente la primera jornada y con un problema enorme en el centro del campo. <strong>Camavinga, Arda G\u00fcler y Bernardo Silva arrastran sanciones de la temporada pasada; adem\u00e1s, Tchouam\u00e9ni y Pitarch (est\u00e1 en la lista B) est\u00e1n lesionados.<\/strong> Ante este escenario peligroso en la medular, el Madrid se cura en salud e inscribe al ex del Racing para completar la lista.<\/p>\n<p class=\"ft-text\"><strong>Mendy tendr\u00e1 una nueva oportunidad para entrar en la lista en febrero<\/strong>. Tras el mercado de fichajes de invierno, los clubes vuelven a tener una ventana abierta para meter nuevos futbolistas y esa ser\u00eda la otra venta que podr\u00eda meter al franc\u00e9s en la Champions. Aunque parece que, si no hay ninguna lesi\u00f3n grave, <strong>Mendy tiene su situaci\u00f3n muy complicada.<\/strong><\/p>\n","protected":false},"excerpt":{"rendered":"Con el mercado de fichajes cerrado, los equipos ten\u00edan hasta el mi\u00e9rcoles 2 de septiembre para inscribir a&hellip;\n","protected":false},"author":2,"featured_media":746871,"comment_status":"","ping_status":"","sticky":false,"template":"","format":"standard","meta":{"footnotes":""},"categories":[93],"tags":[6514,11681,168,25,24,24021,12182,19727,15442,23,167],"class_list":["post-746870","post","type-post","status-publish","format-standard","has-post-thumbnail","category-deportes","tag-carga","tag-champions","tag-deportes","tag-es","tag-espana","tag-ferland-mendy","tag-lista","tag-mendy","tag-mourinho","tag-spain","tag-sports"],"share_on_mastodon":{"url":"https:\/\/pubeurope.com\/@es\/117211174659549748","error":""},"_links":{"self":[{"href":"https:\/\/www.europesays.com\/es\/wp-json\/wp\/v2\/posts\/746870","targetHints":{"allow":["GET"]}}],"collection":[{"href":"https:\/\/www.europesays.com\/es\/wp-json\/wp\/v2\/posts"}],"about":[{"href":"https:\/\/www.europesays.com\/es\/wp-json\/wp\/v2\/types\/post"}],"author":[{"embeddable":true,"href":"https:\/\/www.europesays.com\/es\/wp-json\/wp\/v2\/users\/2"}],"replies":[{"embeddable":true,"href":"https:\/\/www.europesays.com\/es\/wp-json\/wp\/v2\/comments?post=746870"}],"version-history":[{"count":0,"href":"https:\/\/www.europesays.com\/es\/wp-json\/wp\/v2\/posts\/746870\/revisions"}],"wp:featuredmedia":[{"embeddable":true,"href":"https:\/\/www.europesays.com\/es\/wp-json\/wp\/v2\/media\/746871"}],"wp:attachment":[{"href":"https:\/\/www.europesays.com\/es\/wp-json\/wp\/v2\/media?parent=746870"}],"wp:term":[{"taxonomy":"category","embeddable":true,"href":"https:\/\/www.europesays.com\/es\/wp-json\/wp\/v2\/categories?post=746870"},{"taxonomy":"post_tag","embeddable":true,"href":"https:\/\/www.europesays.com\/es\/wp-json\/wp\/v2\/tags?post=746870"}],"curies":[{"name":"wp","href":"https:\/\/api.w.org\/{rel}","templated":true}]}}