{"id":746882,"date":"2026-09-04T05:47:30","date_gmt":"2026-09-04T05:47:30","guid":{"rendered":"https:\/\/www.europesays.com\/es\/746882\/"},"modified":"2026-09-04T05:47:30","modified_gmt":"2026-09-04T05:47:30","slug":"la-jueza-del-caso-azud-procesa-a-cuatro-familiares-de-rita-barbera-por-la-trama-de-cobro-de-comisiones-a-empresarios","status":"publish","type":"post","link":"https:\/\/www.europesays.com\/es\/746882\/","title":{"rendered":"La jueza del &#8216;caso Azud&#8217; procesa a cuatro familiares de Rita Barber\u00e1 por la trama de cobro de comisiones a empresarios"},"content":{"rendered":"<p class=\"article-text\">\n        La jueza del &#8216;caso Azud&#8217;, la magistrada Pepa Tarodo, ha procesado al cu\u00f1ado de la exalcaldesa Rita Barber\u00e1, el abogado Jos\u00e9 Mar\u00eda Corb\u00edn, por la <a href=\"https:\/\/www.eldiario.es\/comunitat-valenciana\/uco-desvela-cunado-rita-barbera-invirtio-1-7-millones-mordidas-depositos-plazo-fijo_1_13417885.html\" target=\"_blank\" data-mrf-recirculation=\"links-noticia\" class=\"link\" rel=\"nofollow noopener\">presunta trama de cobro de comisiones il\u00edcitas a empresas contratistas del Ayuntamiento de Val\u00e8ncia<\/a> durante el mandato de la fallecida primera edil popular.\n    <\/p>\n<p>    <a href=\"https:\/\/www.eldiario.es\/comunitat-valenciana\/franco36-contrasena-explica-raices-corrupcion-caso-azud-familia-ultra-rita-barbera_1_8970558.html\" data-mrf-recirculation=\"saber-mas\" data-dl-event=\"saber-mas\" rel=\"nofollow noopener\" target=\"_blank\"><\/p>\n<p class=\"know-more__title\">\u00abFranco36\u00bb: la contrase\u00f1a que explica las ra\u00edces de la corrupci\u00f3n en el &#8216;caso Azud&#8217; de la familia ultra de Rita Barber\u00e1<\/p>\n<p>            <img decoding=\"async\" class=\"lazy\" loading=\"lazy\" data-src=\"https:\/\/static.eldiario.es\/clip\/ace45049-a518-4c1a-8455-39b4b45b701e_16-9-aspect-ratio_default_0.jpg\" src=\"data:image\/svg+xml,%3Csvg xmlns=\" http:=\"\" viewbox=\"0 0 880 495\" alt=\"&quot;Franco36&quot;: la contrase\u00f1a que explica las ra\u00edces de la corrupci\u00f3n en el 'caso Azud' de la familia ultra de Rita Barber\u00e1\"\/><\/p>\n<p>                        <\/a><\/p>\n<p class=\"article-text\">\n        El auto de procedimiento abreviado, dictado el pasado 3 de agosto y notificado este jueves a las partes del procedimiento, tambi\u00e9n incluye como procesados a un abogado cercano a Corb\u00edn, el letrado Diego Elum, y a tres sobrinas de Barber\u00e1 (Mar\u00eda Jos\u00e9, Mar\u00eda Rita y Mar\u00eda Asunci\u00f3n Corb\u00edn Barber\u00e1) que, indiciariamente, se beneficiaron de las mordidas presuntamente cobradas por su padre.\n    <\/p>\n<p class=\"article-text\">\n        La jueza describe al abogado como un \u201cconseguidor de contratacio\u0301n pu\u0301blica mediante comisio\u0301n\u201d por su parentesco con la familia Barber\u00e1, seg\u00fan indica en el auto, al que ha tenido acceso elDiario.es.\n    <\/p>\n<p class=\"article-text\">\n        La instructora ha procesado a un total de 38 investigados, incluyendo al ex vicealcalde de Val\u00e8ncia Alfonso Grau (condenado en el marco del &#8216;caso Taula&#8217;), a dos de sus hijas, Sof\u00eda y Mar\u00eda \u00c1ngeles Grau, y a su yerno, Ken Lawrence Baker, adem\u00e1s del exconcejal y exalto cargo de la Generalitat <a href=\"https:\/\/www.eldiario.es\/comunitat-valenciana\/ingresado-uci-sufrir-ictus-exalto-cargo-consell-jorge-bellver-horas-despues-dimitir-caso-azud_1_13292939.html\" target=\"_blank\" data-mrf-recirculation=\"links-noticia\" class=\"link\" rel=\"nofollow noopener\">Jorge Bellver<\/a>.\n    <\/p>\n<p class=\"article-text\">\n        La magistrada, en referencia a Grau, sostiene que \u201cdesde su posicio\u0301n [de vicealcalde] se encargo\u0301 de la puesta en marcha y uso de toda la administracio\u0301n del ayuntamiento para su enriquecimiento con auxilio de otros altos funcionarios\u201d.\n    <\/p>\n<p class=\"article-text\">\n        El auto destaca el papel de Grau, de Corb\u00edn y del empresario Jaime Febrer, considerado el presunto corruptor de la trama. El tr\u00edo mantuvo una \u201cso\u0301lida relacio\u0301n\u201d en la que Febrer \u201cprocedi\u0301a a la remuneracio\u0301n econo\u0301mica y los otros investigados recibi\u0301an los pagos por las adjudicaciones y contratos conseguidos con el ayuntamiento con la desvinculacio\u0301n, a efectos formales, de la alcaldesa de Valencia\u201d.\n    <\/p>\n<p class=\"article-text\">\n        Tambi\u00e9n procesa al <a href=\"https:\/\/www.eldiario.es\/comunitat-valenciana\/fundacion-arzobispo-valencia-pago-120-000-euros-intermediario-socialistas-trama-caso-azud_1_8960929.html\" target=\"_blank\" data-mrf-recirculation=\"links-noticia\" class=\"link\" rel=\"nofollow noopener\">abogado Jos\u00e9 Luis Vera<\/a>, hist\u00f3ricamente cercano a los socialistas valencianos; al <a href=\"https:\/\/www.eldiario.es\/comunitat-valenciana\/excargo-socialista-imputado-azud-mujer-visitaron-24-veces-caja-seguridad-manejaban-200-000-euros-efectivo_1_12402976.html\" target=\"_blank\" data-mrf-recirculation=\"links-noticia\" class=\"link\" rel=\"nofollow noopener\">ex subdelegado del Gobierno Rafael Rubio<\/a> y a su mujer, Mar\u00eda Amelia Quintana Tr\u00e9nor, y a Joan Navarro, exdirectivo de Acuamed y adscrito a las filas del PSPV-PSOE.\n    <\/p>\n<p class=\"article-text\">\n        Por otro lado, el auto incluye como procesada a Esmeralda Orero, <a href=\"https:\/\/www.eldiario.es\/comunitat-valenciana\/guerra-funcionarios-imputados-caso-azud-arana-negra-tenia-contacto-directo-rita-barbera_1_8987312.html\" target=\"_blank\" data-mrf-recirculation=\"links-noticia\" class=\"link\" rel=\"nofollow noopener\">alta funcionaria del Ayuntamiento de Val\u00e8ncia<\/a>.\n    <\/p>\n<p class=\"article-text\">\n        La jueza coloca asimismo al borde del banquillo a la exalcaldesa popular de Xixona, Rosa Verd\u00fa, vinculada por la instrucci\u00f3n de la causa a un <a href=\"https:\/\/www.eldiario.es\/comunitat-valenciana\/turron-xixona-exalcaldesa-pp-medio-millon-euros-trama-caso-azud-empresa-pantalla_1_8948689.html\" target=\"_blank\" data-mrf-recirculation=\"links-noticia\" class=\"link\" rel=\"nofollow noopener\">pelotazo urban\u00edstico de medio mill\u00f3n de euros<\/a>, y al exconcejal de la misma localidad y partido Francisco Dom\u00e9nech Asensi.\n    <\/p>\n<p>    Constructores y promotores procesados<\/p>\n<p class=\"article-text\">\n        La resoluci\u00f3n incoa el procedimiento abreviado, paso previo al banquillo, para los empresarios Carlos Turr\u00f3, expresidente de la constructora Cleop;  Alejandro Serra Nogu\u00e9s, exconsejero de la misma empresa; Federico Ferrando, fundador de las constructoras Gesfesa y Edifesa; Marceliano Alfaro San Andre\u0301s, expresidente de Ocide Construcci\u00f3n; Manuel Seti\u00e9n Zuriaga, exdirectivo del Banco de Valencia, Vicente Prieto A\u00f1o, expresidente de Secopsa, y la promotora M\u00f3nica Montoro.\n    <\/p>\n<p>    <a href=\"https:\/\/www.eldiario.es\/comunitat-valenciana\/uco-desvela-cunado-rita-barbera-invirtio-1-7-millones-mordidas-depositos-plazo-fijo_1_13417885.html\" data-mrf-recirculation=\"saber-mas-abajo\" data-dl-event=\"saber-mas-abajo\" rel=\"nofollow noopener\" target=\"_blank\"><\/p>\n<p class=\"know-more__title\">La UCO desvela que el cu\u00f1ado de Rita Barber\u00e1 invirti\u00f3 m\u00e1s de 1,7 millones de mordidas en dep\u00f3sitos a plazo fijo<\/p>\n<p>            <img decoding=\"async\" class=\"lazy\" loading=\"lazy\" data-src=\"https:\/\/static.eldiario.es\/clip\/1bce08dd-5f93-4bcd-8bc6-346feb93df43_16-9-aspect-ratio_default_0.jpg\" src=\"data:image\/svg+xml,%3Csvg xmlns=\" http:=\"\" viewbox=\"0 0 880 495\" alt=\"La UCO desvela que el cu\u00f1ado de Rita Barber\u00e1 invirti\u00f3 m\u00e1s de 1,7 millones de mordidas en dep\u00f3sitos a plazo fijo\"\/><\/p>\n<p>                        <\/a><\/p>\n<p class=\"article-text\">\n        Por otro lado, tambi\u00e9n han sido procesados el asesor fiscal Joaqu\u00edn Pastor Rico y los <a href=\"https:\/\/www.eldiario.es\/comunitat-valenciana\/uco-sospecha-trama-caso-azud-pago-mordidas-tres-campanas-electorales-socialistas-valencianos_1_9809070.html\" target=\"_blank\" data-mrf-recirculation=\"links-noticia\" class=\"link\" rel=\"nofollow noopener\">empresarios Francisco Antonio Gigante Madrigal y Francisco Jose\u0301 y David<\/a> Gigante Navarro.\n    <\/p>\n","protected":false},"excerpt":{"rendered":"La jueza del &#8216;caso Azud&#8217;, la magistrada Pepa Tarodo, ha procesado al cu\u00f1ado de la exalcaldesa Rita Barber\u00e1,&hellip;\n","protected":false},"author":2,"featured_media":746883,"comment_status":"","ping_status":"","sticky":false,"template":"","format":"standard","meta":{"footnotes":""},"categories":[8],"tags":[517,2206,1705,17,18,3965,242,25,24,13,14,11,1667,19,20,9,10,15,16,1925,23,12,21,22,235],"class_list":["post-746882","post","type-post","status-publish","format-standard","has-post-thumbnail","category-espana","tag-actualidad","tag-alicante","tag-analisis","tag-breaking-news","tag-breakingnews","tag-castellon","tag-comunidad-valenciana","tag-es","tag-espana","tag-featured-news","tag-featurednews","tag-headlines","tag-informacion","tag-latest-news","tag-latestnews","tag-news","tag-noticias","tag-noticias-destacadas","tag-noticiasdestacadas","tag-opinion","tag-spain","tag-titulares","tag-ultimas-noticias","tag-ultimasnoticias","tag-valencia"],"share_on_mastodon":{"url":"https:\/\/pubeurope.com\/@es\/117211198980882254","error":""},"_links":{"self":[{"href":"https:\/\/www.europesays.com\/es\/wp-json\/wp\/v2\/posts\/746882","targetHints":{"allow":["GET"]}}],"collection":[{"href":"https:\/\/www.europesays.com\/es\/wp-json\/wp\/v2\/posts"}],"about":[{"href":"https:\/\/www.europesays.com\/es\/wp-json\/wp\/v2\/types\/post"}],"author":[{"embeddable":true,"href":"https:\/\/www.europesays.com\/es\/wp-json\/wp\/v2\/users\/2"}],"replies":[{"embeddable":true,"href":"https:\/\/www.europesays.com\/es\/wp-json\/wp\/v2\/comments?post=746882"}],"version-history":[{"count":0,"href":"https:\/\/www.europesays.com\/es\/wp-json\/wp\/v2\/posts\/746882\/revisions"}],"wp:featuredmedia":[{"embeddable":true,"href":"https:\/\/www.europesays.com\/es\/wp-json\/wp\/v2\/media\/746883"}],"wp:attachment":[{"href":"https:\/\/www.europesays.com\/es\/wp-json\/wp\/v2\/media?parent=746882"}],"wp:term":[{"taxonomy":"category","embeddable":true,"href":"https:\/\/www.europesays.com\/es\/wp-json\/wp\/v2\/categories?post=746882"},{"taxonomy":"post_tag","embeddable":true,"href":"https:\/\/www.europesays.com\/es\/wp-json\/wp\/v2\/tags?post=746882"}],"curies":[{"name":"wp","href":"https:\/\/api.w.org\/{rel}","templated":true}]}}