{"id":746896,"date":"2026-09-04T05:58:22","date_gmt":"2026-09-04T05:58:22","guid":{"rendered":"https:\/\/www.europesays.com\/es\/746896\/"},"modified":"2026-09-04T05:58:22","modified_gmt":"2026-09-04T05:58:22","slug":"beyonce-cumple-45-anos-como-una-gran-enamorada-de-la-moda-espanola-para-la-pequena-nina-de-elche-que-solo-queria-disenar-ropa-esto-es-un-reconocimiento-al-trabajo-duro","status":"publish","type":"post","link":"https:\/\/www.europesays.com\/es\/746896\/","title":{"rendered":"Beyonc\u00e9 cumple 45 a\u00f1os como una gran enamorada de la moda espa\u00f1ola: \u00abPara la peque\u00f1a ni\u00f1a de Elche que solo quer\u00eda dise\u00f1ar ropa, esto es un reconocimiento al trabajo duro\u00bb"},"content":{"rendered":"<p id=\"eBHpRPbKyJ\" data-wc=\"155\">Todav\u00eda recuerdo cuando se public\u00f3 en YouTube el videoclip de Single Ladies, tan sencillo y a la vez can\u00f3nico, y lo repet\u00ed decenas de veces hasta aprenderme la coreograf\u00eda y la letra. Era uno de mis pasatiempos de peque\u00f1a y, aunque eso haya cambiado, porque ahora me limito a escuchar las novedades en Spotify sin m\u00e1s, <a class=\"hm-link ho-link\" href=\"https:\/\/www.hola.com\/moda\/20260505899561\/beyonce-met-gala-2026-blue-ivy-looks\/\" data-mrf-recirculation=\"article-body-link\" rel=\"nofollow noopener\" target=\"_blank\">Beyonc\u00e9 sigue siendo el icono que era en aquel momento<\/a>. Su impacto, incluso, podr\u00edamos decir que ha crecido con cada una de sus nuevas etapas: camale\u00f3nica como pocas y fiel a su instinto creativo, la l\u00edder de Destiny&#8217;s Child ha sabido marcar tendencia siendo ella misma, sin pretensiones, y en el proceso de forjar esa identidad a trav\u00e9s de la moda, <strong>descubri\u00f3 el dise\u00f1o espa\u00f1ol<\/strong>. El flechazo fue definitivo. Este 4 de septiembre de 2026, en celebraci\u00f3n por su<strong> 45 cumplea\u00f1os<\/strong>, desgranamos <a class=\"hm-link ho-link\" href=\"https:\/\/www.hola.com\/moda\/20260901920846\/zendaya-cumple-30-moda-espanola-ernesto-naranjo-zara-mejores-looks\/\" data-mrf-recirculation=\"article-body-link\" rel=\"nofollow noopener\" target=\"_blank\">los looks made in Spain<\/a> con los que la int\u00e9rprete de Crazy in love ha hecho historia.\u00a0 \u00a0<\/p>\n<p> <img src=\"https:\/\/www.europesays.com\/es\/wp-content\/uploads\/2026\/09\/24ed7060a48c-snapinstato506377562185176893760416111052737877642585256n.jpg\"   width=\"819\" height=\"1024\" loading=\"lazy\" decoding=\"async\" alt=\"Beyonc\u00e9 deslumbr\u00f3 con un vestido camisero en su gira en Par\u00eds\" fetchpriority=\"auto\" class=\"image ho-image\"\/>\u00a9 InstagramLos looks de su gira &#8216;Cowboy Carter&#8217;<\/p>\n<p>En los \u00faltimos a\u00f1os, Beyonc\u00e9 ha querido reapropiarse de la tradici\u00f3n country\u00a0que impulsaron, hace incluso m\u00e1s de un siglo, sus antepasados afroamericanos. Esta decisi\u00f3n abri\u00f3 nuevos debates sobre los or\u00edgenes de los s\u00edmbolos culturales en Estados Unidos y, en un lado m\u00e1s superficial, nos hizo enamorarnos nuevamente de la est\u00e9tica western. Para su gira europea del \u00e1lbum Cowboy Carter, Loewe dise\u00f1\u00f3 varios estilismos que segu\u00edan esta tem\u00e1tica y fusionaban la artesan\u00eda espa\u00f1ola con el imaginario vaquero de su Texas natal.<\/p>\n<p> <img src=\"https:\/\/www.europesays.com\/es\/wp-content\/uploads\/2026\/09\/10be17fd53aa-455755297185020895770080354670673629261143225n.jpg\"   width=\"819\" height=\"1024\" loading=\"lazy\" decoding=\"async\" alt=\"Beyonc\u00e9 con un look de les fleurs studio\" fetchpriority=\"auto\" class=\"image ho-image\"\/>\u00a9 Les Fleurs StudiosUn vestido sostenible de ganchillo<\/p>\n<p>En 2024, la artista texana desvel\u00f3 que hab\u00eda desarrollado una marca de whisky llamada SirDavis, con una campa\u00f1a en la que lleva un<strong>\u00a0<\/strong><a href=\"https:\/\/www.hola.com\/fashion\/tendencias\/20240823714162\/beyonce-look-crochet-espanol-les-fleurs-entrevista-disenadora-maria-bernad\/\" rel=\"nofollow noopener\" target=\"_blank\"><strong>vestido de crochet\u00a0y encaje hecho a medida por Les Fleurs Studio<\/strong><\/a>, la firma sostenible que esta estilista alicantina enamorada del vintage\u00a0lanz\u00f3 en 2019. \u00abVer a alguien tan inspirador y con una presencia tan fuerte como Beyonc\u00e9 llevando uno de mis dise\u00f1os es un sue\u00f1o hecho realidad, sobre todo para la ni\u00f1a peque\u00f1a de Elche que solo quer\u00eda dise\u00f1ar ropa\u00bb, no explic\u00f3 la dise\u00f1adora, radicada en Par\u00eds. <\/p>\n<p> <img src=\"https:\/\/www.europesays.com\/es\/wp-content\/uploads\/2026\/09\/cdf9e632dbc1-d073b2e1d8cf-img7553.jpg\"   width=\"831\" height=\"1024\" loading=\"lazy\" decoding=\"async\" alt=\"Beyonc\u00e9 vestida de Charo Ruiz\" fetchpriority=\"auto\" class=\"image ho-image\"\/>Un pedacito de Ibiza en Los Hamptons<\/p>\n<p>Su obsesi\u00f3n por la est\u00e9tica ibicenca no acaba all\u00ed. En el verano de 2024, la int\u00e9rprete de\u00a0Cowboy Carter\u00a0disfrutaba de unas lujosas vacaciones en Los Hamptons (yate y champ\u00e1n incluidos) y lo hac\u00eda enfundada en <a href=\"https:\/\/www.hola.com\/fashion\/tendencias\/20240627701881\/beyonce-look-vestido-blanco-charo-ruiz-ibiza\/\" rel=\"nofollow noopener\" target=\"_blank\">un vestido blanco troquelado, de Charo Ruiz<\/a>, uno de los grandes referentes de la moda ad lib.  <\/p>\n<p> <img src=\"https:\/\/www.europesays.com\/es\/wp-content\/uploads\/2026\/09\/f1778ba3a597-beyonceluisdej.jpg\"   width=\"1024\" height=\"768\" loading=\"lazy\" decoding=\"async\" alt=\"Beyonc\u00e9\" fetchpriority=\"auto\" class=\"image ho-image\"\/>\u00a9 Luis de JavierEl cors\u00e9 &#8216;Toro&#8217;<\/p>\n<p>En el artwork de su disco\u00a0Renaissance\u00a0figura este cors\u00e9 negro, impreso en 3D, del <a href=\"https:\/\/www.hola.com\/moda\/20260209882352\/luis-de-javier-entrevista-disenador-cher-lady-gaga-maestros-de-la-costura\/\" rel=\"nofollow noopener\" target=\"_blank\">dise\u00f1ador Luis de Javier<\/a>, que bautiz\u00f3 con el nombre de\u00a0Toro.\u00a0El joven catal\u00e1n, quien <a href=\"https:\/\/www.hola.com\/actualidad\/20260202881522\/luis-de-javier-viste-a-cher-en-los-premios-grammy-2026\/\" rel=\"nofollow noopener\" target=\"_blank\">sustituir\u00e1 a Alejandro G\u00f3mez Palomo como miembro del jurado de Maestros de la Costura<\/a>, puede presumir de haber vestido a las grandes divas del pop internacional, desde Lady Gaga hasta Cher, sin haber cumplido todav\u00eda los 30 a\u00f1os, pero eso solo es testimonio de su tenacidad: <strong>\u00abLos &#8216;no&#8217; forman parte del proceso y, de hecho, siguen existiendo. Con el tiempo aprendes a no tom\u00e1rtelos como algo personal\u00bb<\/strong>, nos contaba en una entrevista el pasado mes de febrero.  <\/p>\n<p> <img src=\"https:\/\/www.europesays.com\/es\/wp-content\/uploads\/2026\/09\/6fad5b8f227a-snapinstato62216063918084527785910978590685560334331707n.jpg\"   width=\"1024\" height=\"676\" loading=\"lazy\" decoding=\"async\" alt=\"Beyonc\u00e9 vestida de Domminico\" fetchpriority=\"auto\" class=\"image ho-image\"\/>Guantes de piel al estilo &#8216;Motomami&#8217;<\/p>\n<p>Y no nos queda claro si la tem\u00e1tica del s\u00e9ptimo \u00e1lbum de Beyonc\u00e9 en el fondo ten\u00eda algo que ver con la creatividad espa\u00f1ola, pero resulta que, en el marco del lanzamiento de\u00a0Renaissance,\u00a0la int\u00e9rprete tambi\u00e9n luci\u00f3 unos guantes largos de piel bicolor de la colecci\u00f3n OMEGA (Oto\u00f1o\/Invierno 2021-2022) de <strong>Dominnico<\/strong>, firma fundada en Barcelona por el director creativo Domingo Rodr\u00edguez L\u00e1zaro en 2016.  <\/p>\n<p> <img src=\"https:\/\/www.europesays.com\/es\/wp-content\/uploads\/2026\/09\/1ec8ed368ba0-beyonce-3a-a.jpg\"   width=\"757\" height=\"1024\" loading=\"lazy\" decoding=\"async\" alt=\"beyonce 3a\" fetchpriority=\"auto\" class=\"image ho-image\"\/>\u00a9 beyonceDe un pueblo peque\u00f1o de Asturias al escenario m\u00e1s grande de Boston<\/p>\n<p>Nacido en un pueblecito de Asturias, Tapia de Casariego, pero asentado en Par\u00eds, capital de la moda, Arturo Obegero fue uno de los dise\u00f1adores elegidos para formar parte de la gira Renaissance, en 2023. Fue el asistente de la propia Beyonc\u00e9 quien le contact\u00f3 a trav\u00e9s de las redes para propon\u00e9rselo.<strong>\u00a0Obegero, gran fan de la cantante<\/strong>, no lo dudo un segundo y, tras semanas de bocetos y patrones seguidos de 318 horas de taller, vest\u00eda a la artista en su concierto de Boston con este dise\u00f1o de <strong>Alta Costura compuesto por vestido de encaje con cors\u00e9<\/strong> y cuello elevado de inspiraci\u00f3n a\u00f1os 50. No era esta la primera vez que el modisto asturiano se vinculaba con la m\u00fasica: <a href=\"https:\/\/www.hola.com\/moda\/actualidad\/20220729214495\/harry-styles-concierto-espana-madrid-estilo-looks\/\" rel=\"nofollow noopener\" target=\"_blank\"><strong>Harry Styles llev\u00f3 un mono de lentejuelas<\/strong> creado por \u00e9l en el videoclip de su exitoso tema As it was<\/a>.<\/p>\n<p> <img src=\"https:\/\/www.europesays.com\/es\/wp-content\/uploads\/2026\/09\/69841c8a87c8-beyonce-mono-loewe-a.jpg\"   width=\"682\" height=\"1024\" loading=\"lazy\" decoding=\"async\" alt=\"beyonce mono loewe\" fetchpriority=\"auto\" class=\"image ho-image\"\/>\u00a9 Getty ImagesEl mono m\u00e1s comentado<\/p>\n<p>Si hubo un look de origen espa\u00f1ol que dio la vuelta a internet esos d\u00edas fue este <strong>mono de lentejuelas con trampantojos de manos\u00a0creado a medida por Loewe.<\/strong> \u00abInspirado en la alegr\u00eda y evasi\u00f3n del s\u00e9ptimo \u00e1lbum de estudio de Beyonc\u00e9, el director creativo de Loewe Jonathan Anderson ha creado una serie de looks esc\u00e9nicos para la ic\u00f3nica cantante que juegan con las formas escult\u00f3ricas, el trampantojo y la ilusi\u00f3n corporal para su esperad\u00edsima gira mundial\u00bb, explicaban desde la casa fundada en Madrid sobre el trabajo realizado en colaboraci\u00f3n con la <strong>dise\u00f1adora de vestuario Shiona Turini.<\/strong><\/p>\n<p> <img src=\"https:\/\/www.europesays.com\/es\/wp-content\/uploads\/2026\/09\/458ba02334e3-beyonce-hija-loewe-a.jpg\"   width=\"1024\" height=\"961\" loading=\"lazy\" decoding=\"async\" alt=\"beyonce hija loewe\" fetchpriority=\"auto\" class=\"image ho-image\"\/>\u00a9 tour.beyonce.comLook a juego con Blue Ivy<\/p>\n<p>En el concierto de Londres, durante la misma gira, Beyonc\u00e9 luci\u00f3 otro de los estilismos firmados por Loewe: un conjunto futurista con un body de strass\u00a0y pantal\u00f3n cargo metalizado a juego. Y lo hizo, adem\u00e1s, en uno de los momentos m\u00e1s emocionantes del show:\u00a0cuando <strong>s<\/strong><strong>u hija Blue Ivy, vestida a juego, la acompa\u00f1\u00f3 bailando<\/strong> sobre el escenario.<\/p>\n<p> <img src=\"https:\/\/www.europesays.com\/es\/wp-content\/uploads\/2026\/09\/f4e3888e85db-captura-de-pantalla-2022-10-15-a-las-111651.png\"   width=\"682\" height=\"1024\" loading=\"lazy\" decoding=\"async\" alt=\"Beyonc\u00e9 vestida de Palomo Spain\" fetchpriority=\"auto\" class=\"image ho-image\"\/>\u00a9 @beyonceUna gabardina XXL entre diamantes<\/p>\n<p>Beyonc\u00e9 ha demostrado en m\u00e1s de una ocasi\u00f3n que tiene una firma favorita con sello espa\u00f1ol: Palomo Spain, del dise\u00f1ador Alejandro G\u00f3mez Palomo. Tras estrenar un primer look de su autor\u00eda en 2017, que veremos m\u00e1s adelante en este art\u00edculo, la oriunda de Houston cay\u00f3 rendida a otra de sus creaciones. Para un fashion film que grab\u00f3 con la casa joyera Tiffany &amp; Co., hacia 2022, la cantante visti\u00f3 una gabardina negra de dram\u00e1ticas mangas abullonadas dise\u00f1ada por el cordob\u00e9s.<\/p>\n<p> <img src=\"https:\/\/www.europesays.com\/es\/wp-content\/uploads\/2026\/09\/e3b880519924-beyonce-4a-a.jpg\"   width=\"757\" height=\"1024\" loading=\"lazy\" decoding=\"async\" alt=\"beyonce 4a\" fetchpriority=\"auto\" class=\"image ho-image\"\/>\u00a9 beyonceUna de sus primeras apuestas &#8216;made in Spain&#8217;<\/p>\n<p>A lo largo de su carrera, y m\u00e1s especialmente en los \u00faltimos a\u00f1os, Beyonc\u00e9 ha vestido muchas prendas de diferentes dise\u00f1adores espa\u00f1oles. Una de las primeras firmas nacionales que aterriz\u00f3 en su vestidor es, de hecho, una que tambi\u00e9n gusta a nuestra reina Letizia:<strong>\u00a0The 2nd Skin Co.<\/strong>, que cre\u00f3 para la cantante estadounidense esta gabardina rosa chicle que luci\u00f3 en septiembre de 2021. A partir de entonces, su idilio con el made in Spain solo se ha intensificado.\u00a0<\/p>\n<p> <img src=\"https:\/\/www.europesays.com\/es\/wp-content\/uploads\/2026\/09\/857897a1a7f4-snapinstato629089712185306065210692809154105729812428191n.jpg\"   width=\"819\" height=\"1024\" loading=\"lazy\" decoding=\"async\" alt=\"Beyonc\u00e9 present\u00f3 a sus mellizos vestida de Palomo Spain\" fetchpriority=\"auto\" class=\"image ho-image\"\/>\u00a9 @beyonceLa presentaci\u00f3n al mundo de sus mellizos, vestida de Palomo Spain<\/p>\n<p><strong>Palomo Spain\u00a0<\/strong>tuvo el honor de vestir a la ic\u00f3nica estrella en uno de los posados m\u00e1s significativos (y virales) de su vida: <strong>la presentaci\u00f3n al mundo de sus dos hijos mellizos, Rumy y Sir Carter.<\/strong> Fue en el a\u00f1o 2017 cuando el creador cordob\u00e9s recibi\u00f3 la maravillosa sorpresa de ver a la cantante luciendo uno de sus dise\u00f1os en Instagram. Para \u00e9l, que a\u00fan no hab\u00eda dado el gran salto a nivel internacional, fue un antes y un despu\u00e9s en su carrera.<\/p>\n<p> <img src=\"https:\/\/www.europesays.com\/es\/wp-content\/uploads\/2026\/09\/d7d970f34542-beyonce-2a-a.jpg\"   width=\"819\" height=\"1024\" loading=\"lazy\" decoding=\"async\" alt=\"beyonce 2a\" fetchpriority=\"auto\" class=\"image ho-image\"\/>\u00a9 beyonceOtros gui\u00f1os a la cultura espa\u00f1ola<\/p>\n<p>Aunque elegir marcas espa\u00f1olas\u00a0es el mejor homenaje FASHION que puede regalar a nuestro pa\u00eds,<strong>\u00a0Queen B<\/strong> ha hecho<strong>\u00a0referencias a la cultura y la moda espa\u00f1olas en m\u00faltiples ocasiones<\/strong>. Por ejemplo, en otro de los conciertos, el celebrado en Houston en septiembre de 2023, luci\u00f3 este precioso vestido de lunares.\u00a0<\/p>\n<p> <img src=\"https:\/\/www.europesays.com\/es\/wp-content\/uploads\/2026\/09\/5075980d49e5-beyonce-7a-a.jpg\"   width=\"682\" height=\"1024\" loading=\"lazy\" decoding=\"async\" alt=\"beyonce 7a\" fetchpriority=\"auto\" class=\"image ho-image\"\/>\u00a9 beyonceDe los lunares flamencos a los trajes de luces<\/p>\n<p>Casi todos los looks que llev\u00f3 Beyonc\u00e9 durante su gira de 2023 ten\u00edan los<strong>\u00a0hombros marcados<\/strong> -una forma muy acertada de ganar presencia en el escenario- y la mayor\u00eda eran cortos, para permitirle bailar bien. Si a eso le sumamos el brillo que exige una diva como ella, encajan a la perfecci\u00f3n las <strong>chaquetas cortas y\u00a0bordadas con lentejuelas<\/strong> que tanto nos recuerdan a los traje de luces de los toreros.<\/p>\n<p> <img src=\"https:\/\/www.europesays.com\/es\/wp-content\/uploads\/2026\/09\/902ca70cc8bd-beyonce-6a-a.jpg\"   width=\"682\" height=\"1024\" loading=\"lazy\" decoding=\"async\" alt=\"beyonce 6a\" fetchpriority=\"auto\" class=\"image ho-image\"\/>\u00a9 Getty ImagesSombrero cordob\u00e9s<\/p>\n<p>Si bien los \u00faltimos trabajos musicales de Beyonc\u00e9 se caracterizan por una clara inspiraci\u00f3n western y los sombreros m\u00e1s repetidos han sido, por lo tanto, los cowboy, algunos de los dise\u00f1os que la estrella llev\u00f3 sobre su cabeza durante la gira de Renaissance nos recordaron, por su ala recta y su copa cil\u00edndrica, a los tradicionales cordobeses.\n<\/p>\n<p>Te recomendamosSeguir leyendo<\/p>\n","protected":false},"excerpt":{"rendered":"Todav\u00eda recuerdo cuando se public\u00f3 en YouTube el videoclip de Single Ladies, tan sencillo y a la vez&hellip;\n","protected":false},"author":2,"featured_media":746897,"comment_status":"","ping_status":"","sticky":false,"template":"","format":"standard","meta":{"footnotes":""},"categories":[174],"tags":[1024,6632,255,253,146,147,25,24,256,1023,338,23],"class_list":["post-746896","post","type-post","status-publish","format-standard","has-post-thumbnail","category-famosos","tag-actualidad-moda","tag-beyonce","tag-celebrities","tag-discover","tag-entertainment","tag-entretenimiento","tag-es","tag-espana","tag-famosos","tag-moda","tag-portada","tag-spain"],"share_on_mastodon":{"url":"https:\/\/pubeurope.com\/@es\/117211242563536986","error":""},"_links":{"self":[{"href":"https:\/\/www.europesays.com\/es\/wp-json\/wp\/v2\/posts\/746896","targetHints":{"allow":["GET"]}}],"collection":[{"href":"https:\/\/www.europesays.com\/es\/wp-json\/wp\/v2\/posts"}],"about":[{"href":"https:\/\/www.europesays.com\/es\/wp-json\/wp\/v2\/types\/post"}],"author":[{"embeddable":true,"href":"https:\/\/www.europesays.com\/es\/wp-json\/wp\/v2\/users\/2"}],"replies":[{"embeddable":true,"href":"https:\/\/www.europesays.com\/es\/wp-json\/wp\/v2\/comments?post=746896"}],"version-history":[{"count":0,"href":"https:\/\/www.europesays.com\/es\/wp-json\/wp\/v2\/posts\/746896\/revisions"}],"wp:featuredmedia":[{"embeddable":true,"href":"https:\/\/www.europesays.com\/es\/wp-json\/wp\/v2\/media\/746897"}],"wp:attachment":[{"href":"https:\/\/www.europesays.com\/es\/wp-json\/wp\/v2\/media?parent=746896"}],"wp:term":[{"taxonomy":"category","embeddable":true,"href":"https:\/\/www.europesays.com\/es\/wp-json\/wp\/v2\/categories?post=746896"},{"taxonomy":"post_tag","embeddable":true,"href":"https:\/\/www.europesays.com\/es\/wp-json\/wp\/v2\/tags?post=746896"}],"curies":[{"name":"wp","href":"https:\/\/api.w.org\/{rel}","templated":true}]}}