{"id":746898,"date":"2026-09-04T06:01:15","date_gmt":"2026-09-04T06:01:15","guid":{"rendered":"https:\/\/www.europesays.com\/es\/746898\/"},"modified":"2026-09-04T06:01:15","modified_gmt":"2026-09-04T06:01:15","slug":"tierra-de-mafiosos-mobland-confirma-su-temporada-3-antes-de-estrenar-la-segunda-en-skyshowtime","status":"publish","type":"post","link":"https:\/\/www.europesays.com\/es\/746898\/","title":{"rendered":"Tierra de mafiosos (MobLand) confirma su temporada 3 antes de estrenar la segunda en SkyShowtime"},"content":{"rendered":"<p class=\"c-paragraph\">Ya no queda nada para que los tejemanejes de la familia\u00a0Harrigan vuelvan a <a href=\"https:\/\/www.hobbyconsolas.com\/reportajes\/skyshowtime-fondo-precio-cuentas-compartidas-donde-ver-catalogo-mejores-series-peliculas-1211882\" rel=\"nofollow noopener\" target=\"_blank\">SkyShowtime<\/a>. La tercera temporada de <a href=\"https:\/\/www.hobbyconsolas.com\/reviews\/critica-tierra-mafiosos-mobland-primera-temporada-1466728\" rel=\"nofollow noopener\" target=\"_blank\">Tierra de mafiosos (MobLand)<\/a> se estrena este mes de septiembre despu\u00e9s de una producci\u00f3n m\u00e1s tormentosa de lo deseable.<\/p>\n<p class=\"c-paragraph\">La noticia del desencuentro entre <b>Tom Hardy<\/b>, que interpreta al hombre de confianza de los Harrigan,\u00a0Harry Da Souza, y el productor\u00a0<b>Jez Butterworth<\/b>, alcanz\u00f3 su cenit en primavera, cuando circularon rumores de que Hardy dejar\u00eda la serie o, incluso, <a href=\"https:\/\/www.hobbyconsolas.com\/hobbycine\/tom-hardy-es-despedido-tierra-mafiosos-mobland-su-serie-con-guy-ritchie-no-volvera-temporada-3_6973746_0.html\" title=\"Tom Hardy es despedido de forma fulminante de Tierra de mafiosos (Mobland), la serie de Guy Ritchie en SkyShowtime\" rel=\"nofollow noopener\" target=\"_blank\">que hab\u00eda sido despedido<\/a>.<\/p>\n<p>SkyShowtime por 4,99 euros al mes<\/p>\n<p><img decoding=\"async\" loading=\"lazy\" alt=\"SkyShowtime\" width=\"640\" height=\"616\" src=\"https:\/\/www.europesays.com\/es\/wp-content\/uploads\/2026\/09\/1788501675_203_691acc765aaa0.jpeg\"\/><\/p>\n<p class=\"c-passport__description\">Esta plataforma de streaming ha rebajado sus precios de forma temporal, con un inmenso cat\u00e1logo plagado de joyas como la franquicia Yellowstone.<\/p>\n<p class=\"c-paragraph\">Las aguas se calmaron poco despu\u00e9s tras una reuni\u00f3n incentivada por otros dos productores de Tierra de mafiosos, <b>Guy Ritchie y David Glasser<\/b> y <a href=\"https:\/\/www.hobbyconsolas.com\/hobbycine\/tom-hardy-entierra-hacha-guerra-seguira-mobland-temporada-3-serie-guy-ritchie_7009102_0.html\" title=\"Tom Hardy entierra el hacha de guerra y seguir\u00e1 en MobLand en la temporada 3 de la serie de Guy Ritchie\" rel=\"nofollow noopener\" target=\"_blank\">se inform\u00f3 de que Tom Hardy regresar\u00eda en la tercera temporada<\/a>.<\/p>\n<p class=\"c-paragraph\">En ese momento, se dio por sentado que habr\u00eda una tercera entrega, pero tiempo despu\u00e9s,\u00a0Jane Wisemanm directora de producciones originales de Paramount+, aclar\u00f3 que <a href=\"https:\/\/www.hobbyconsolas.com\/hobbycine\/tierra-mafiosos-mobland-estrena-pronto-su-temporada-2-skyshowtime-pero-paramount-aun-no-han-decidido-su-futuro_7027553_0.html\" title=\"Tierra de mafiosos (MobLand) estrena pronto su temporada 2 en SkyShowtime, pero en Paramount a\u00fan no han decidido su futuro\" rel=\"nofollow noopener\" target=\"_blank\">la decisi\u00f3n de renovar o no la serie a\u00fan no se hab\u00eda tomado<\/a>.<\/p>\n<p>El tr\u00edo destacado de Tierra de mafiosos regresar\u00e1 en la temporada 3<\/p>\n<p class=\"c-paragraph\">Pero ahora s\u00ed est\u00e1 tomada. Tal y como informa <a href=\"https:\/\/screenrant.com\/mobland-season-3-paramount-plus-renewed-confirmed\/\" rel=\"nofollow noreferrer noopener\" target=\"_blank\">ScreenRant<\/a>, Paramount+ ha confirmado la renovaci\u00f3n de la serie producida por Guy Ritchie para una tercera temporada, semanas antes de que la segunda tanda de episodios llegue tanto a Paramount+ como a SkyShowtime.<\/p>\n<p class=\"c-paragraph\">Se confirma tambi\u00e9n la presencia del tr\u00edo protagonista. <b>Tom Hardy<\/b> regresar\u00e1 como Harry Da Souza, <b>Pierce Brosnan<\/b> volver\u00e1 a meterse en la piel del temperamental\u00a0Conrad Harrigan y <b>Helen Mirren<\/b> tramar\u00e1 de nuevo en su papel de\u00a0Maeve Harrigan.<\/p>\n<p class=\"c-paragraph\">Se esperan m\u00e1s regresos, claro, pero es probable que no empiecen las confirmaciones hasta que la temporada 2 de Tierra de mafiosos (MobLand) no se haya emitido. De este modo, se evitar\u00e1n los spoilers sobre qui\u00e9nes mueren; bastante hacen al confirmar los tres regresos.<\/p>\n<p class=\"c-paragraph\">Y es que la temporada 2 de MobLand se va a poner calentita. A las amenazas externas de los Harrigan se suman otras internas que pueden romper la familia por completo.<\/p>\n<p class=\"c-paragraph\">Empezaremos a descubrir qu\u00e9 sucede en los bajos fondos londinenses a partir del <b>21 de septiembre, cuando Tierra de mafiosos (MobLand) estrene su temporada 2 en SkyShowtime<\/b>. En Paramount+ estar\u00e1 disponible tres d\u00edas antes, el 18 de septiembre.<\/p>\n","protected":false},"excerpt":{"rendered":"Ya no queda nada para que los tejemanejes de la familia\u00a0Harrigan vuelvan a SkyShowtime. La tercera temporada de&hellip;\n","protected":false},"author":2,"featured_media":746899,"comment_status":"","ping_status":"","sticky":false,"template":"","format":"standard","meta":{"footnotes":""},"categories":[171],"tags":[1779,146,147,25,24,7360,108854,23,3271,1934,214],"class_list":["post-746898","post","type-post","status-publish","format-standard","has-post-thumbnail","category-tv","tag-confirma","tag-entertainment","tag-entretenimiento","tag-es","tag-espana","tag-mafiosos","tag-mobland","tag-spain","tag-su","tag-tierra","tag-tv"],"share_on_mastodon":{"url":"https:\/\/pubeurope.com\/@es\/117211254000222298","error":""},"_links":{"self":[{"href":"https:\/\/www.europesays.com\/es\/wp-json\/wp\/v2\/posts\/746898","targetHints":{"allow":["GET"]}}],"collection":[{"href":"https:\/\/www.europesays.com\/es\/wp-json\/wp\/v2\/posts"}],"about":[{"href":"https:\/\/www.europesays.com\/es\/wp-json\/wp\/v2\/types\/post"}],"author":[{"embeddable":true,"href":"https:\/\/www.europesays.com\/es\/wp-json\/wp\/v2\/users\/2"}],"replies":[{"embeddable":true,"href":"https:\/\/www.europesays.com\/es\/wp-json\/wp\/v2\/comments?post=746898"}],"version-history":[{"count":0,"href":"https:\/\/www.europesays.com\/es\/wp-json\/wp\/v2\/posts\/746898\/revisions"}],"wp:featuredmedia":[{"embeddable":true,"href":"https:\/\/www.europesays.com\/es\/wp-json\/wp\/v2\/media\/746899"}],"wp:attachment":[{"href":"https:\/\/www.europesays.com\/es\/wp-json\/wp\/v2\/media?parent=746898"}],"wp:term":[{"taxonomy":"category","embeddable":true,"href":"https:\/\/www.europesays.com\/es\/wp-json\/wp\/v2\/categories?post=746898"},{"taxonomy":"post_tag","embeddable":true,"href":"https:\/\/www.europesays.com\/es\/wp-json\/wp\/v2\/tags?post=746898"}],"curies":[{"name":"wp","href":"https:\/\/api.w.org\/{rel}","templated":true}]}}