{"id":746900,"date":"2026-09-04T06:02:17","date_gmt":"2026-09-04T06:02:17","guid":{"rendered":"https:\/\/www.europesays.com\/es\/746900\/"},"modified":"2026-09-04T06:02:17","modified_gmt":"2026-09-04T06:02:17","slug":"cinco-recomendaciones-para-incorporar-la-musica-como-herramienta-de-salud-y-bienestar","status":"publish","type":"post","link":"https:\/\/www.europesays.com\/es\/746900\/","title":{"rendered":"Cinco recomendaciones para incorporar la m\u00fasica como herramienta de salud y bienestar"},"content":{"rendered":"<p><img alt=\"(Imagen Ilustrativa Infobae)\" class=\"global-image\" decoding=\"async\" fetchpriority=\"high\" height=\"768\" loading=\"eager\" src=\"https:\/\/www.europesays.com\/es\/wp-content\/uploads\/2026\/09\/OHP3DZDP7ZBZFF3YFLXOEMWFIY.png\" width=\"1408\"\/>La m\u00fasica activa de forma simult\u00e1nea \u00e1reas auditivas, motoras y cerebelosas, adem\u00e1s de la memoria, las emociones y el sistema de recompensa. (Imagen Ilustrativa Infobae)<\/p>\n<p>04 Sep, 2026 01:00 a. m. EST<\/p>\n<p class=\"paragraph\" data-paragraph-number=\"1\">*Grupo INECO es una organizaci\u00f3n dedicada a la prevenci\u00f3n, diagn\u00f3stico y tratamiento de enfermedades mentales. A trav\u00e9s de su Fundaci\u00f3n INECO, investiga el cerebro humano.<\/p>\n<p class=\"paragraph\" data-paragraph-number=\"2\">Durante siglos, el <b>arte <\/b>fue considerado una expresi\u00f3n de la est\u00e9tica, la emoci\u00f3n o la espiritualidad. Sin embargo, en las \u00faltimas d\u00e9cadas, las <b>neurociencias<\/b> han demostrado que detr\u00e1s de cada sonido, trazo o movimiento art\u00edstico hay una <b>compleja red de circuitos cerebrales<\/b> en acci\u00f3n. Lejos de ser un simple pasatiempo, <b>el arte es una experiencia profundamente transformadora para el cerebro humano.<\/b><\/p>\n<p class=\"paragraph\" data-paragraph-number=\"3\">Este conocimiento ha llevado a un cambio de paradigma: las terapias basadas en las artes, como la <a rel=\"noopener noreferrer nofollow\" href=\"https:\/\/www.infobae.com\/tag\/musicoterapia\/\" target=\"_blank\" title=\"https:\/\/www.infobae.com\/tag\/musicoterapia\/\"><b>musicoterapia<\/b><\/a>, se reconocen hoy como <b>disciplinas del \u00e1rea de la salud<\/b>, que cuentan con intervenciones con un s\u00f3lido fundamento cient\u00edfico. <\/p>\n<p class=\"paragraph\" data-paragraph-number=\"4\">Utilizando la m\u00fasica como una herramienta terap\u00e9utica, se activan y reorganizan conexiones neuronales clave, impulsando <b>la rehabilitaci\u00f3n y el bienestar.<\/b><\/p>\n<p><img alt=\"(Imagen Ilustrativa Infobae)\" class=\"global-image\" decoding=\"async\" fetchpriority=\"low\" height=\"768\" loading=\"lazy\" src=\"https:\/\/www.europesays.com\/es\/wp-content\/uploads\/2026\/09\/HOR4ISVWXNFXNIS7CRZUMPAABA.png\" width=\"1408\"\/>Las terapias basadas en las artes, como la musicoterapia, se reconocen como disciplinas de la salud con fundamento cient\u00edfico. (Imagen Ilustrativa Infobae)<\/p>\n<p class=\"paragraph\" data-paragraph-number=\"5\">\u201cLa m\u00fasica no es solo un est\u00edmulo auditivo, es una <b>experiencia multisensorial <\/b>que activa m\u00faltiples \u00e1reas del cerebro de forma simult\u00e1nea. Escuchar y, especialmente,<b> crear m\u00fasica activa la corteza auditiva, motora y cerebelosa<\/b>, mientras que la memoria y las emociones se encienden a trav\u00e9s del <b>sistema de recompensa<\/b>, que libera dopamina y genera sensaciones de placer y bienestar\u201d, sostiene la licenciada <b>Daniela Ar\u00e9valo<\/b>, (M.N.193), musicoterapeuta del Equipo de Musicoterapia de INECO y coordinadora del \u00e1rea de Musicoterapia del Instituto de Neurociencias de la Fundaci\u00f3n Favaloro.<\/p>\n<p class=\"paragraph\" data-paragraph-number=\"6\">\u201cEsta capacidad del cerebro para reorganizarse y crear nuevas conexiones, conocida como <b>neuroplasticidad<\/b>, es el pilar de la <b>musicoterapia <\/b>en la <b>rehabilitaci\u00f3n neurol\u00f3gica.<\/b> Dentro de un tratamiento de musicoterapia se establecen objetivos terap\u00e9uticos orientados a la rehabilitaci\u00f3n o estimulaci\u00f3n de las distintas \u00e1reas: cognitiva, social, emocional, motora y\/o comunicacional, el cual se desarrolla y sostiene a trav\u00e9s de la relaci\u00f3n terapeuta-paciente\u201d, agrega la licenciada Ar\u00e9valo.<\/p>\n<p><img alt=\"Mujer con jersey gris sentada en un sill\u00f3n, escuchando m\u00fasica con auriculares negros y los ojos cerrados, en una habitaci\u00f3n con luz suave de ventana.\" class=\"global-image\" decoding=\"async\" fetchpriority=\"low\" height=\"768\" loading=\"lazy\" src=\"https:\/\/www.europesays.com\/es\/wp-content\/uploads\/2026\/09\/MHIRJHGUVVG2LKLKEI45MZMDAE.png\" width=\"1408\"\/>Las neurociencias demostraron que el arte, como la m\u00fasica, activa una red de circuitos cerebrales y produce una experiencia transformadora para el cerebro humano (Imagen Ilustrativa Infobae) <\/p>\n<p class=\"paragraph\" data-paragraph-number=\"7\">Las intervenciones basadas en la evidencia en musicoterapia se pueden utilizar para trabajar m\u00faltiples objetivos, entre ellos los siguientes:<\/p>\n<ul data-icon=\"\u2b24\" class=\"list\">\n<li data-icon=\"\u2b24\"><b>Rehabilitar el lenguaje:<\/b> intervenciones como el canto terap\u00e9utico y el uso de canciones familiares permiten que personas con afasia, trastorno del lenguaje, puedan comunicarse de forma fluida, a partir de t\u00e9cnicas estandarizadas que utilizan el ritmo y la melod\u00eda.<\/li>\n<li data-icon=\"\u2b24\"><b>Mejorar las funciones cognitivas:<\/b> la participaci\u00f3n activa en la m\u00fasica \u2014ya sea cantando, tocando un instrumento o planificando una interpretaci\u00f3n\u2014 fortalece la <b>atenci\u00f3n<\/b>, la <b>memoria<\/b> y las <b>funciones ejecutivas<\/b>, como la planificaci\u00f3n y la toma de decisiones.<\/li>\n<li data-icon=\"\u2b24\"><b>Entrenamiento de la movilidad y la marcha:<\/b> utilizando patrones r\u00edtmicos y mel\u00f3dicos como gu\u00edas.<\/li>\n<li data-icon=\"\u2b24\"><b>Regulaci\u00f3n emocional:<\/b> a trav\u00e9s de diversas t\u00e9cnicas musicoterap\u00e9uticas que abarcan desde la improvisaci\u00f3n vocal o instrumental o creaci\u00f3n de canciones hasta el trabajo con canciones placenteras y de sentido personal.<\/li>\n<\/ul>\n<p class=\"paragraph\" data-paragraph-number=\"8\">Este enfoque de tratamiento ha demostrado ser precursor en el campo de la salud mental y la neurolog\u00eda, al centrarse no solo en la rehabilitaci\u00f3n cognitiva y motora, sino tambi\u00e9n en las <b>necesidades personales, sociales y emocionales de los pacientes<\/b>, as\u00ed como en el manejo activo de sus emociones.<\/p>\n<p><img alt=\"Un hombre y una mujer sentados en sillones frente a frente con una mesa redonda que contiene instrumentos musicales; hay una guitarra y un tambor.\" class=\"global-image\" decoding=\"async\" fetchpriority=\"low\" height=\"768\" loading=\"lazy\" src=\"https:\/\/www.europesays.com\/es\/wp-content\/uploads\/2026\/09\/7D6SEWCPEZEZ3FDZGLGVTIPKJI.png\" width=\"1408\"\/>La musicoterapia alcanza mayor impacto en equipos interdisciplinarios al complementar a fonoaudi\u00f3logos, neuropsic\u00f3logos, kinesi\u00f3logos y terapeutas ocupacionales. (Imagen Ilustrativa Infobae)<\/p>\n<p class=\"paragraph\" data-paragraph-number=\"9\">\u201cUna de las t\u00e9cnicas de la musicoterapia que se destaca por su impacto positivo en el manejo de las emociones es el <b>canto terap\u00e9utico<\/b>. Investigaciones recientes destacan m\u00faltiples beneficios del canto en la rehabilitaci\u00f3n, incluyendo la mejora de la <b>funci\u00f3n respiratoria<\/b> en pacientes con afecciones pulmonares, la <b>reducci\u00f3n del estr\u00e9s y la ansiedad<\/b> al liberar hormonas del bienestar, el <b>fortalecimiento del sistema inmunitario<\/b> y la <b>estimulaci\u00f3n de la memoria<\/b> y dem\u00e1s funciones cognitivas en pacientes con demencia y otros trastornos neurol\u00f3gicos. Adem\u00e1s, el canto grupal mejora las <b>conexiones sociales y emocionales<\/b>, y puede ser un valioso recurso para el <b>desarrollo de la confianza y la autoestima<\/b> en diferentes poblaciones\u201d, menciona la licenciada <b>Jorgelina Benavidez,<\/b> (MN 269), coordinadora del Equipo de Musicoterapia de INECO.<\/p>\n<p class=\"paragraph\" data-paragraph-number=\"10\">Actualmente se ha demostrado que tratamientos m\u00e1s integrados, que combinan intervenciones cognitivas, emocionales y motivacionales, pueden tener mayor impacto positivo en el estado de \u00e1nimo del paciente, favoreciendo su adherencia y compromiso con el tratamiento, y contribuyendo a una mayor adquisici\u00f3n y generalizaci\u00f3n de las estrategias trabajadas en la vida diaria.<\/p>\n<p><img alt=\"El canto grupal mejora las conexiones sociales y emocionales, y puede ser un valioso recurso para el desarrollo de la confianza y la autoestima (Imagen Ilustrativa Infobae)\" class=\"global-image\" decoding=\"async\" fetchpriority=\"low\" height=\"1024\" loading=\"lazy\" src=\"https:\/\/www.europesays.com\/es\/wp-content\/uploads\/2026\/09\/N2NI24EE25GRDANQGVIZRNU7ME.jpeg\" width=\"1536\"\/>El canto grupal mejora las conexiones sociales y emocionales, y puede ser un valioso recurso para el desarrollo de la confianza y la autoestima (Imagen Ilustrativa Infobae)<\/p>\n<p class=\"paragraph\" data-paragraph-number=\"11\">Es as\u00ed como el potencial de la musicoterapia se maximiza dentro de un <b>equipo interdisciplinario<\/b>. La colaboraci\u00f3n con otros profesionales de la salud, como fonoaudi\u00f3logos, neuropsic\u00f3logos, kinesi\u00f3logos o terapeutas ocupacionales, permite un abordaje integral y personalizado. <\/p>\n<p class=\"paragraph\" data-paragraph-number=\"12\">Por ejemplo, mientras la kinesiolog\u00eda trabaja en la recuperaci\u00f3n del movimiento, la musicoterapia puede usar el ritmo para mejorar la <b>coordinaci\u00f3n motriz<\/b>. Al fomentar la motivaci\u00f3n y la <b>regulaci\u00f3n emocional<\/b>, la m\u00fasica no solo potencia la adherencia al tratamiento, sino que tambi\u00e9n crea un entorno propicio para la superaci\u00f3n personal, demostrando que la sinergia de diferentes disciplinas siempre conduce a mejores resultados.<\/p>\n<p><img alt=\"EJERCICIOS INECO 4-9-26\" class=\"global-image\" decoding=\"async\" fetchpriority=\"low\" height=\"1080\" loading=\"lazy\" src=\"https:\/\/www.europesays.com\/es\/wp-content\/uploads\/2026\/09\/WYPAK54JLNBUHDD2IHHWSB3KG4.png\" width=\"1920\"\/><\/p>\n<p class=\"paragraph\" data-paragraph-number=\"13\">No se trata solo de escuchar canciones, sino de seleccionar m\u00fasica que acompa\u00f1e objetivos espec\u00edficos: relajaci\u00f3n, activaci\u00f3n, lenguaje, memoria.<\/p>\n<p><img alt=\"EJERCICIOS INECO 4\/9\/26\" class=\"global-image\" decoding=\"async\" fetchpriority=\"low\" height=\"1080\" loading=\"lazy\" src=\"https:\/\/www.europesays.com\/es\/wp-content\/uploads\/2026\/09\/DNV5KTZSEZDCLLW3GFKDPVTOZ4.png\" width=\"1920\"\/><\/p>\n<p class=\"paragraph\" data-paragraph-number=\"14\">Las canciones vinculadas a recuerdos personales tienen mayor impacto en la activaci\u00f3n cerebral y la motivaci\u00f3n.<\/p>\n<p><img alt=\"EJERCICIOS INECO 4-9-26\" class=\"global-image\" decoding=\"async\" fetchpriority=\"low\" height=\"1080\" loading=\"lazy\" src=\"https:\/\/www.europesays.com\/es\/wp-content\/uploads\/2026\/09\/LPCRP5TBONBORAAMRLUJR6Y4YU.png\" width=\"1920\"\/><\/p>\n<p class=\"paragraph\" data-paragraph-number=\"15\">Estas actividades mejoran m\u00e1s funciones que escuchar pasivamente.<\/p>\n<p><img alt=\"EJERCICIOS INECO 4-9-26\" class=\"global-image\" decoding=\"async\" fetchpriority=\"low\" height=\"1080\" loading=\"lazy\" src=\"https:\/\/www.europesays.com\/es\/wp-content\/uploads\/2026\/09\/Z6HGBIDEIVECHEPKHDJNZ335XQ.png\" width=\"1920\"\/><\/p>\n<p class=\"paragraph\" data-paragraph-number=\"16\">Empezar con m\u00fasica que refleje el estado emocional actual y luego avanzar hacia canciones que conduzcan al equilibrio.<\/p>\n<p><img alt=\"EJERCICIOS INECO 4-9-26\" class=\"global-image\" decoding=\"async\" fetchpriority=\"low\" height=\"1080\" loading=\"lazy\" src=\"https:\/\/www.europesays.com\/es\/wp-content\/uploads\/2026\/09\/SY3SEAB4UZHV5JKM67QLSFPVVQ.png\" width=\"1920\"\/><\/p>\n<p class=\"paragraph\" data-paragraph-number=\"17\">La musicoterapia es una disciplina de la salud. Para su aplicaci\u00f3n cl\u00ednica se requiere intervenci\u00f3n profesional con objetivos terap\u00e9uticos y evaluaci\u00f3n.<\/p>\n","protected":false},"excerpt":{"rendered":"La m\u00fasica activa de forma simult\u00e1nea \u00e1reas auditivas, motoras y cerebelosas, adem\u00e1s de la memoria, las emociones y&hellip;\n","protected":false},"author":2,"featured_media":746901,"comment_status":"","ping_status":"","sticky":false,"template":"","format":"standard","meta":{"footnotes":""},"categories":[170],"tags":[229,26544,2670,119,21266,13436,146,147,25,24,184,185,7550,124716,4474,23,120],"class_list":["post-746900","post","type-post","status-publish","format-standard","has-post-thumbnail","category-musica","tag-arte","tag-canto","tag-cerebro","tag-ciencia","tag-cognicion","tag-emociones","tag-entertainment","tag-entretenimiento","tag-es","tag-espana","tag-music","tag-musica","tag-neurociencia","tag-ondas-sonoras","tag-salud-mental","tag-spain","tag-tecnologia"],"share_on_mastodon":{"url":"https:\/\/pubeurope.com\/@es\/117211258369901232","error":""},"_links":{"self":[{"href":"https:\/\/www.europesays.com\/es\/wp-json\/wp\/v2\/posts\/746900","targetHints":{"allow":["GET"]}}],"collection":[{"href":"https:\/\/www.europesays.com\/es\/wp-json\/wp\/v2\/posts"}],"about":[{"href":"https:\/\/www.europesays.com\/es\/wp-json\/wp\/v2\/types\/post"}],"author":[{"embeddable":true,"href":"https:\/\/www.europesays.com\/es\/wp-json\/wp\/v2\/users\/2"}],"replies":[{"embeddable":true,"href":"https:\/\/www.europesays.com\/es\/wp-json\/wp\/v2\/comments?post=746900"}],"version-history":[{"count":0,"href":"https:\/\/www.europesays.com\/es\/wp-json\/wp\/v2\/posts\/746900\/revisions"}],"wp:featuredmedia":[{"embeddable":true,"href":"https:\/\/www.europesays.com\/es\/wp-json\/wp\/v2\/media\/746901"}],"wp:attachment":[{"href":"https:\/\/www.europesays.com\/es\/wp-json\/wp\/v2\/media?parent=746900"}],"wp:term":[{"taxonomy":"category","embeddable":true,"href":"https:\/\/www.europesays.com\/es\/wp-json\/wp\/v2\/categories?post=746900"},{"taxonomy":"post_tag","embeddable":true,"href":"https:\/\/www.europesays.com\/es\/wp-json\/wp\/v2\/tags?post=746900"}],"curies":[{"name":"wp","href":"https:\/\/api.w.org\/{rel}","templated":true}]}}