{"id":746904,"date":"2026-09-04T06:04:14","date_gmt":"2026-09-04T06:04:14","guid":{"rendered":"https:\/\/www.europesays.com\/es\/746904\/"},"modified":"2026-09-04T06:04:14","modified_gmt":"2026-09-04T06:04:14","slug":"real-sociedad-y-celta-firman-un-empate-sin-goles-en-anoeta","status":"publish","type":"post","link":"https:\/\/www.europesays.com\/es\/746904\/","title":{"rendered":"Real Sociedad y Celta firman un empate sin goles en Anoeta"},"content":{"rendered":"<p class=\"ft-text\">La <strong>Real Sociedad<\/strong> y el <strong>Celta de Vigo<\/strong> empataron este jueves sin goles (<strong>0-0<\/strong>) en un partido marcado por la <strong>falta de acierto de ambos equipos<\/strong>. La <strong>Real Sociedad<\/strong> comenz\u00f3 dominando el partido y pudo inaugurar el marcador pasados los diez primeros minutos en un c\u00f3rner botado por <strong>Barrenetxea<\/strong> sacado en corto. El extremo donostiarra entreg\u00f3 el bal\u00f3n a <strong>Aramburu<\/strong> y este puso un centro medido para que <strong>Jon Mart\u00edn<\/strong> rematara de cabeza, obligando a <strong>Radu<\/strong> a repeler abajo el intento del central de Lasarte-Oria.<\/p>\n<p class=\"ft-text\">Poco despu\u00e9s, en el <strong>minuto 20<\/strong>, <strong>\u00d3skarsson<\/strong> recogi\u00f3 la pelota encarando a una defensa viguesa descolocada. El delantero island\u00e9s se la entreg\u00f3 a <strong>Oyarzabal<\/strong>, que conect\u00f3 un fort\u00edsimo disparo que despej\u00f3 el guardameta rumano. En el rechace, con la <strong>porter\u00eda desguarnecida<\/strong>, <strong>Take Kubo<\/strong> mand\u00f3 de volea un disparo por encima del travesa\u00f1o.<\/p>\n<p class=\"ft-text\">Pasada la primera media hora de juego, <strong>Yangel Herrera<\/strong> avis\u00f3 con un zurdazo desde fuera del \u00e1rea ante el que <strong>Radu<\/strong> tuvo que estirarse para enviar la pelota a c\u00f3rner. En el <strong>minuto 40<\/strong>, <strong>Moriba<\/strong> recibi\u00f3 la pelota en la frontal del \u00e1rea y, tras amagar una vez, firm\u00f3 con su pierna izquierda un disparo que se march\u00f3 lejos de la porter\u00eda defendida por <strong>Remiro<\/strong>.<\/p>\n<p class=\"ft-text\">Nada m\u00e1s comenzar la <strong>segunda parte<\/strong>, el <strong>Celta de Vigo<\/strong> mont\u00f3 un contraataque que termin\u00f3 con un disparo a media vuelta dentro del \u00e1rea de <strong>Anta\u00f1\u00f3n<\/strong> que se march\u00f3 desviado. En el <strong>minuto 77<\/strong>, <strong>\u00c1lvaro N\u00fa\u00f1ez<\/strong> perdi\u00f3 el esf\u00e9rico dentro del \u00e1rea ante <strong>Oyarzabal<\/strong> y el lateral del Celta agarr\u00f3 al capit\u00e1n txuri-urdin, lo que provoc\u00f3 la ca\u00edda del \u201810\u2019 de la Real, quien <strong>pidi\u00f3 penalti<\/strong>. Sin embargo, el colegiado no se\u00f1al\u00f3 pena m\u00e1xima al considerar insuficiente el contacto.<\/p>\n<p class=\"ft-text\">A falta de diez minutos para el final del partido, <strong>Remiro salv\u00f3 a los locales<\/strong> al parar un disparo centrado de <strong>Aspas<\/strong> desde la altura del punto de penalti. En el <strong>minuto 87<\/strong>, <strong>Guedes<\/strong> recibi\u00f3 la pelota en el costado derecho y dribl\u00f3 en dos ocasiones para zafarse de sus oponentes, pero su disparo cruzado se march\u00f3 <strong>rozando un poste<\/strong>.<\/p>\n","protected":false},"excerpt":{"rendered":"La Real Sociedad y el Celta de Vigo empataron este jueves sin goles (0-0) en un partido marcado&hellip;\n","protected":false},"author":2,"featured_media":746905,"comment_status":"","ping_status":"","sticky":false,"template":"","format":"standard","meta":{"footnotes":""},"categories":[93],"tags":[290,1727,168,5192,25,24,2470,798,7209,492,23,167],"class_list":["post-746904","post","type-post","status-publish","format-standard","has-post-thumbnail","category-deportes","tag-celta","tag-celta-de-vigo","tag-deportes","tag-empate","tag-es","tag-espana","tag-firman","tag-real","tag-real-sociedad","tag-sociedad","tag-spain","tag-sports"],"share_on_mastodon":{"url":"","error":""},"_links":{"self":[{"href":"https:\/\/www.europesays.com\/es\/wp-json\/wp\/v2\/posts\/746904","targetHints":{"allow":["GET"]}}],"collection":[{"href":"https:\/\/www.europesays.com\/es\/wp-json\/wp\/v2\/posts"}],"about":[{"href":"https:\/\/www.europesays.com\/es\/wp-json\/wp\/v2\/types\/post"}],"author":[{"embeddable":true,"href":"https:\/\/www.europesays.com\/es\/wp-json\/wp\/v2\/users\/2"}],"replies":[{"embeddable":true,"href":"https:\/\/www.europesays.com\/es\/wp-json\/wp\/v2\/comments?post=746904"}],"version-history":[{"count":0,"href":"https:\/\/www.europesays.com\/es\/wp-json\/wp\/v2\/posts\/746904\/revisions"}],"wp:featuredmedia":[{"embeddable":true,"href":"https:\/\/www.europesays.com\/es\/wp-json\/wp\/v2\/media\/746905"}],"wp:attachment":[{"href":"https:\/\/www.europesays.com\/es\/wp-json\/wp\/v2\/media?parent=746904"}],"wp:term":[{"taxonomy":"category","embeddable":true,"href":"https:\/\/www.europesays.com\/es\/wp-json\/wp\/v2\/categories?post=746904"},{"taxonomy":"post_tag","embeddable":true,"href":"https:\/\/www.europesays.com\/es\/wp-json\/wp\/v2\/tags?post=746904"}],"curies":[{"name":"wp","href":"https:\/\/api.w.org\/{rel}","templated":true}]}}