{"id":746924,"date":"2026-09-04T06:20:15","date_gmt":"2026-09-04T06:20:15","guid":{"rendered":"https:\/\/www.europesays.com\/es\/746924\/"},"modified":"2026-09-04T06:20:15","modified_gmt":"2026-09-04T06:20:15","slug":"pau-ribas-entrenador-del-u22-del-joventut-estamos-pagando-el-impas-de-la-explosion-del-baloncesto-universitario","status":"publish","type":"post","link":"https:\/\/www.europesays.com\/es\/746924\/","title":{"rendered":"Pau Ribas, entrenador del U22 del Joventut: \u00abEstamos pagando el imp\u00e1s de la explosi\u00f3n del baloncesto universitario\u00bb"},"content":{"rendered":"<p class=\"ft-text\">Cuando termina la carrera profesional de un deportista, los focos se alejan y empieza una nueva vida. Cada uno debe encontrar su espacio y hacer algo que le llene. Pau Ribas (Barcelona, 1987) dej\u00f3 el baloncesto profesional en junio de 2025 tras una gran trayectoria en la que pas\u00f3 por los mejores clubes del pa\u00eds, lo gan\u00f3 (casi) todo a nivel de clubes y selecci\u00f3n, y cerr\u00f3 el c\u00edrculo como \u00e9l lo deseaba.<\/p>\n<p class=\"ft-text\">Ahora, desde otra perspectiva, sigue en casa, en su Penya, donde esta temporada empieza una nueva etapa como entrenador del equipo U22. Recibe a SPORT en el ic\u00f3nico Ol\u00edmpic de Badalona para repasar sus nuevos proyectos y analizar, desde un lugar privilegiado, el nuevo paradigma del b\u00e1squet base. <\/p>\n<p class=\"ft-text\"><strong>Hace algo m\u00e1s de un a\u00f1o que se retir\u00f3 y no ha parado de hacer cosas. \u00bfYa lo ten\u00eda previsto o es algo que le propuso el club y hubo un cambio de planes?<\/strong><\/p>\n<p class=\"ft-text\">Durante la \u00faltima temporada de jugador, hablando con el club, sab\u00edamos que ser\u00eda mi \u00faltima temporada, entonces esto te da un margen para pensar t\u00fa solo, con tu familia, con tus amigos, cu\u00e1l puede ser el siguiente paso. Siempre es un paso algo diferente, a veces traum\u00e1tico, en mi caso no, porque empec\u00e9 con 5 a\u00f1os a jugar y entiendo que dentro del baloncesto hay muchas cosas que hacer, y simplemente mi objetivo era buscar el camino a la siguiente cosa que disfrutase haci\u00e9ndola.<\/p>\n<p class=\"ft-text\">De jugador, evidentemente, he disfrutado mucho, pero creo que con lo que me gusta a m\u00ed, puedo encontrar una raz\u00f3n dentro del baloncesto que tambi\u00e9n lo disfrute, e intentar hacer algo, no s\u00e9 si igual, mejor o peor que yo como jugador, pero con ambici\u00f3n, aprendiendo y volviendo con nuevas ilusiones, porque al final es algo nuevo y siempre tienes unas nuevas motivaciones.<\/p>\n<p class=\"ft-text\"><strong>\u00bfUsted ten\u00eda claro que ser\u00eda en la Penya?<\/strong><\/p>\n<p class=\"ft-text\">S\u00ed. Primero, escuchando el club, ellos quer\u00edan que me quedara en la estructura. Al principio, por circunstancias, hubo la oportunidad de ser director de la cantera, porque el anterior acababa de marcharse y no hab\u00eda nadie muy preparado para hacerlo. Cre\u00ed que era un buen sitio para empezar, volver a ver c\u00f3mo est\u00e1bamos en la cantera, conocer a los jugadores j\u00f3venes, yo que he sido jugador de aqu\u00ed en todas las categor\u00edas, pues creo que les pod\u00eda aportar ciertas cosas.<\/p>\n<p class=\"ft-text\">Pero a lo largo de la temporada, ech\u00e9 en falta estar m\u00e1s cerca de la pista, que es lo que he hecho realmente en los \u00faltimos 20 a\u00f1os como profesional, y vi que no lo disfrutaba tanto. El siguiente paso ha sido la apuesta de Jordi (director deportivo) por m\u00ed como entrenador. Yo lo he pensado, he visto que era una oportunidad que quiz\u00e1 pod\u00eda hacerlo mejor y me gustaba m\u00e1s, y lo probaremos.<\/p>\n<p class=\"ft-text\"><strong>\u00bfC\u00f3mo valora la experiencia de haber sido director de cantera?<\/strong><\/p>\n<p class=\"ft-text\">El inicio es dif\u00edcil porque tienes que conocer a 500 ni\u00f1os nuevos, entrenadores, que desconoces c\u00f3mo trabajan. Es un proceso muy largo de ir viendo realmente c\u00f3mo son, y a partir de ah\u00ed, intentar estructurar como yo pensaba que deb\u00eda ser el futuro de la cantera, junto con Jordi Mart\u00ed y con la gente que coordina las diferentes partes de la cantera. Creo que el baloncesto de formaci\u00f3n ha cambiado mucho de cuando yo era jugador, ahora es muy globalizado.<\/p>\n<p class=\"ft-text\">Con el baloncesto universitario, muchos jugadores ya visualizan esto antes que visualizar llegar al primer equipo de la Penya, y es algo que dentro de mi filosof\u00eda no pod\u00eda pasar, los jugadores que est\u00e1n en nuestra cantera deben visualizar poder alg\u00fan d\u00eda disfrutar de ser jugadores del primer equipo. S\u00ed es verdad que hay un paso intermedio all\u00ed, porque econ\u00f3micamente y de posibilidades son muy importantes, pero que sean jugadores que tengan la idea, a pesar de irse en alg\u00fan momento, de volver a ser jugadores de la Penya y poder disfrutar de ser jugadores del primer equipo habi\u00e9ndose formado aqu\u00ed.<\/p>\n<p class=\"ft-text\"><strong>Temporada tras temporada siguen debutando jugadores y algunos se consagran en el primer equipo. \u00bfCu\u00e1l es el estado de salud de la cantera?<\/strong><\/p>\n<p class=\"ft-text\">Estamos pagando el imp\u00e1s de la explosi\u00f3n del baloncesto universitario. Ahora, poco a poco, empezar\u00e1 a haber jugadores formados en la Penya que tendr\u00e1n que volver a jugar en ligas profesionales, creo que seremos una atracci\u00f3n para ellos, entonces volvemos a recuperar un poco al jugador formado aqu\u00ed. Es una cuesti\u00f3n de adaptarse a los nuevos tiempos, porque saldr\u00e1n obst\u00e1culos, pero siempre debes encontrar la f\u00f3rmula para seguir siendo la Penya, porque si no ser\u00edamos un club m\u00e1s y evidentemente debemos defender qui\u00e9nes somos de aqu\u00ed hasta el final.<\/p>\n<p class=\"ft-text\"><strong>\u00bfQu\u00e9 ha cambiado en la forma de trabajar la base respecto a cuando usted era joven?<\/strong><\/p>\n<p class=\"ft-text\">Yo considero que es un baloncesto mucho m\u00e1s globalizado. Yo recuerdo que mi equipo j\u00fanior no ten\u00eda ning\u00fan extranjero, ahora ya encuentras en los clubs a tres, cuatro, cinco jugadores extranjeros que viven en una residencia, que tienen una estructura mucho m\u00e1s importante. Tambi\u00e9n la repercusi\u00f3n de todo, al final con las redes sociales, el m\u00f3vil, el internet, antes lo que hac\u00eda el junior de la Penya jugando incluso contra el Bar\u00e7a, se sab\u00eda entre la gente muy cercana que hab\u00eda ido a ver el partido.<\/p>\n<p class=\"ft-text\">Ahora se saben los resultados del mini b\u00e1squet, hay estad\u00edsticas, la Minicopa, v\u00eddeos. Es demasiado profesionalizado para mi gusto. Hemos perdido un poco la esencia, y al final es otro negocio, hay gente que se aprovecha, y a veces, ves jugadores que parecen tener que ser el nuevo Ricky Rubio o Luka Doncic, y realmente no es as\u00ed.<\/p>\n<blockquote class=\"ft-mol-quote\" data-aida-quote=\"\"><p>A veces, ves jugadores que parecen tener que ser el nuevo Ricky Rubio o Luka Doncic, y realmente no es as\u00ed<\/p><\/blockquote>\n<p class=\"ft-text\"><strong>Hagamos un par\u00e9ntesis. Este verano estuvo en la Summer League con los Toronto Raptors. \u00bfC\u00f3mo valora la experiencia y c\u00f3mo le lleg\u00f3 la oportunidad?<\/strong><\/p>\n<p class=\"ft-text\">En primavera, empec\u00e9 a intentar encontrar opciones, y tuve la suerte de que Toronto, su head coach y asistente son europeos, conocen el baloncesto espa\u00f1ol, han entrenado y vivido en Espa\u00f1a, y cuando hubo la oportunidad de que ten\u00edan un espacio para alguien, al recibir mi nombre les interes\u00f3, y al final tuve la oportunidad. Ellos me invitaron a hacerlo, super amables, te abren las puertas, que es algo que impacta al principio, porque es otro mundo, y en 15 o 20 d\u00edas aprendes una nueva filosof\u00eda, cosas que crees que son de una forma son totalmente diferentes, y seguramente aplique cosas que aprendes en sitios como \u00e9ste.<\/p>\n<p class=\"ft-text\"><strong>\u00bfQu\u00e9 diferencias detect\u00f3 en la forma de trabajar entre un staff de la ACB y uno de la NBA?<\/strong><\/p>\n<p class=\"ft-text\">Es muy diferente porque ellos no entrenan all\u00ed. Aqu\u00ed tendr\u00e1s 150 d\u00edas de entrenamiento una temporada, all\u00ed Toronto la temporada pasada tuvo 17 entrenamientos de 5 contra 5, contando la pretemporada. Entonces ellos buscan una forma distinta de mejorar. Tienen muchos entrenadores asistentes, y cada entrenador asistente tiene uno o dos jugadores, y mejoran a trav\u00e9s del entrenamiento individual, de mucho v\u00eddeo y mucho mentoraje.<\/p>\n<p class=\"ft-text\">Esto es algo que me impact\u00f3 mucho, porque si no entrenas, el trabajo del entrenador no es a lo que est\u00e1s acostumbrado (gestionar un equipo hasta el entrenamiento y mejorarlo) es gestionar un grupo de personas y conseguir que en pista todo este trabajo individualizado funcione como equipo.<\/p>\n<p class=\"ft-text\"><strong>Volvamos a la Penya. Se suele decir que hay jugadores con alma de entrenador, que intervienen en los tiempos muertos, que hablan mucho con los compa\u00f1eros y el entrenador. \u00bfUsted se ve\u00eda un poco as\u00ed?<\/strong><\/p>\n<p class=\"ft-text\">Durante mucha parte de mi carrera no, porque cre\u00eda que estar\u00eda cansado de volver a tener esta vida, pero despu\u00e9s de estar un tiempo alejado, ves que hay cosas que echas de menos, cosas que ves en una pista y quiz\u00e1 har\u00edas de una u otra forma&#8230; Cuando no est\u00e1s tan en la pista, empiezas en pensar m\u00e1s qu\u00e9 hacer, lo que te permite ir viendo cu\u00e1l es el siguiente paso. Es una nueva motivaci\u00f3n, tengo ganas de hacerlo bien, pero no s\u00e9 exactamente si va a funcionar. No de resultados, si ser\u00e1 algo que me gustar\u00e1 hacer.<\/p>\n<p class=\"ft-text\">De momento, estoy disfrutando mucho este inicio de la pretemporada, estando aqu\u00ed aprendiendo con el primer equipo. Conozco a Dani (Miret) de hace mucho tiempo, pero es muy diferente cuando est\u00e1s con los entrenadores d\u00eda a d\u00eda, qu\u00e9 piensan, qu\u00e9 no piensan, c\u00f3mo planifican todas estas cosas.<\/p>\n<blockquote class=\"ft-mol-quote\" data-aida-quote=\"\"><p>Es una nueva motivaci\u00f3n, tengo ganas de hacerlo bien, pero no s\u00e9 exactamente si va a funcionar<\/p><\/blockquote>\n<p class=\"ft-text\"><strong>\u00bfQu\u00e9 objetivos se marcan con el U22?<\/strong><\/p>\n<p class=\"ft-text\">Nuestro objetivo principal es acercar los h\u00e1bitos profesionales a jugadores j\u00f3venes que vienen de junior o primeros a\u00f1os de s\u00e9nior. Primero, para que sean \u00fatiles para nuestro primer equipo, que tengan los h\u00e1bitos correctos, que el staff del primer equipo no tenga que contarles cosas que ya deben saber, porque a nivel de U22 ya lo estamos haciendo como un equipo semiprofesional.<\/p>\n<p class=\"ft-text\">Y despu\u00e9s, evidentemente, tener un espacio para ser jugadores. Es muy dif\u00edcil ahora mismo jugar en la competici\u00f3n europea o en ACB, porque la diferencia del nivel de entre cuando yo debut\u00e9 y ahora es mucho mayor. Entonces, necesitamos un espacio donde tener minutos, donde cometer errores, donde crecer como jugadores, y creo que la Liga U22 en este aspecto a nosotros nos va bien por eso, porque los jugadores que entrenan con din\u00e1mica en el primer equipo puedan tener su espacio a la hora de competir.<\/p>\n<p class=\"ft-text\"><strong>Hemos conocido que han fichado a una perla rumana, Sebastian-Petru Lapuste. \u00bfQu\u00e9 nos puede contar de \u00e9l?<\/strong><\/p>\n<p class=\"ft-text\">El club hace una apuesta fuerte por uno de los jugadores europeos diferenciales de sus generaciones, e intentamos traer este tipo de jugadores, porque tenemos muchos jugadores de aqu\u00ed, pero siempre necesitas unas piezas para acabar de ordenar un poco los jugadores que pueden llegar al primer equipo. En una \u00e9poca hab\u00edamos tenido Rub\u00e9n Prey, Michael Ruzic, Ian Platteeuw, jugadores interiores, pues ahora ten\u00edamos algo de espacio con alg\u00fan base o un jugador exterior, porque tenemos a Diego (Niebla), Humberto (Ruiz), Adri\u00e1n Torres, que son m\u00e1s jugadores aleros.<\/p>\n<p class=\"ft-text\">Hemos cre\u00eddo que era interesante, trabajamos durante el a\u00f1o pasado para esta posible incorporaci\u00f3n, y esperamos que nos encaje con nosotros y sean de esos jugadores que crecen con nosotros y conseguimos que la gente de Badalona disfrute de los jugadores formados aqu\u00ed.<\/p>\n<p class=\"ft-text\"><strong>El Joventut ha sido uno de los principales perjudicados por el auge de la NCAA. \u00bfC\u00f3mo ve esta situaci\u00f3n?\u00bfLes ha generado dudas acerca de su filosof\u00eda de club?<\/strong><\/p>\n<p class=\"ft-text\">La explosi\u00f3n del baloncesto universitario al principio cuesta, debes ver hacia d\u00f3nde vas. Cuando se estabilice un poco ser\u00e1 m\u00e1s f\u00e1cil, porque en un principio las primeras temporadas han sido dif\u00edciles. Pero yo me quedo con una frase que Jordi Mart\u00ed dec\u00eda, que nosotros debemos crear el mejor jugador posible con nuestro sello algo diferenciador y cuantos m\u00e1s jugadores de mayor nivel seamos capaces de sacar, ser\u00e1 mejor para todos.<\/p>\n<p class=\"ft-text\">Si es para jugar en el primer equipo cuando tienen 15 a\u00f1os, como ocurri\u00f3 con Ricky Rubio, fant\u00e1stico; si tienen 17 o 18, tambi\u00e9n. Y si son muy buenos y viene una universidad americana o la NBA, y se van y tienes un r\u00e9dito econ\u00f3mico, ya lo pelearemos cuando llegue, pero no podemos plantearnos si lo hacemos o no, porque ahora no hay tantos j\u00f3venes, pero hay m\u00e1s jugadores que acaban volviendo a la Penya porque han sido formados aqu\u00ed. Son diferentes beneficios que debemos tener y adaptarnos.<\/p>\n<blockquote class=\"ft-mol-quote\" data-aida-quote=\"\"><p>Nosotros debemos crear el mejor jugador posible con nuestro sello algo diferenciador<\/p><\/blockquote>\n<p class=\"ft-text\"><strong>Dos nombres para terminar. \u00bfA nivel interno qu\u00e9 supone la presencia de Ricky Rubio?<\/strong><\/p>\n<p class=\"ft-text\">Es fundamental. Que Ricky vuelva a la Penya no es s\u00f3lo lo que est\u00e1 en la pista, que evidentemente la temporada pasada ya lo vimos todos, sino todo lo que \u00e9l aporta fuera. Para la gente joven y no tan joven. Gente de 40-50 a\u00f1os, que cuando sali\u00f3 Ricky eran j\u00f3venes, son los que m\u00e1s contentos est\u00e1n de volver a revivir sensaciones de aquellas \u00e9pocas en las que ganamos t\u00edtulos.<\/p>\n<p class=\"ft-text\">Es un proceso que \u00e9l tambi\u00e9n est\u00e1 muy mentalizado, ayudar al club a ir creciendo poco a poco, que se acerca el centenario, y era clave que \u00e9l siguiera. Yo no ten\u00eda dudas, pero al final los pasos y los procesos son los que son, y al final los jugadores veteranos tenemos nuestras historias en la cabeza y tienes que valorarlo todo bien, pero el a\u00f1o pasado la gente disfrut\u00f3 de Ricky, \u00e9l disfrut\u00f3 de volver a Badalona y esperamos que este a\u00f1o sea lo mismo.<\/p>\n<p class=\"ft-text\"><strong>\u00bfEl regreso de Isaac Nogu\u00e9s tras su periplo americano es el mejor ejemplo del mensaje que el club quiere transmitir a los j\u00f3venes que deciden cruzar el charco?<\/strong><\/p>\n<p class=\"ft-text\">Nosotros como estructura y como cantera intentamos que los jugadores que se vayan, sobre todo est\u00e9n lo mejor tratados posible, que esto sea su casa y que lo sientan as\u00ed. Hay que intentar que el jugador se vaya con ganas de, en alg\u00fan momento de su carrera jugar aqu\u00ed, a veces m\u00e1s j\u00f3venes, a veces m\u00e1s veteranos, pero creo que lo estamos ajustando bien, incluso con jugadores no formados aqu\u00ed, que vivieron aqu\u00ed experiencias de su carrera muy buenas y hacen una apuesta por volver aqu\u00ed.<\/p>\n","protected":false},"excerpt":{"rendered":"Cuando termina la carrera profesional de un deportista, los focos se alejan y empieza una nueva vida. Cada&hellip;\n","protected":false},"author":2,"featured_media":746925,"comment_status":"","ping_status":"","sticky":false,"template":"","format":"standard","meta":{"footnotes":""},"categories":[269],"tags":[299,298,50106,168,2226,25,24,4079,16012,43600,7848,4968,23905,4080,23,167,17369],"class_list":["post-746924","post","type-post","status-publish","format-standard","has-post-thumbnail","category-baloncesto","tag-baloncesto","tag-basketball","tag-dani-miret","tag-deportes","tag-entrenador","tag-es","tag-espana","tag-joventut","tag-joventut-badalona","tag-liga-u","tag-ncaa","tag-pau","tag-ribas","tag-ricky-rubio","tag-spain","tag-sports","tag-u22"],"share_on_mastodon":{"url":"https:\/\/pubeurope.com\/@es\/117211327821619562","error":""},"_links":{"self":[{"href":"https:\/\/www.europesays.com\/es\/wp-json\/wp\/v2\/posts\/746924","targetHints":{"allow":["GET"]}}],"collection":[{"href":"https:\/\/www.europesays.com\/es\/wp-json\/wp\/v2\/posts"}],"about":[{"href":"https:\/\/www.europesays.com\/es\/wp-json\/wp\/v2\/types\/post"}],"author":[{"embeddable":true,"href":"https:\/\/www.europesays.com\/es\/wp-json\/wp\/v2\/users\/2"}],"replies":[{"embeddable":true,"href":"https:\/\/www.europesays.com\/es\/wp-json\/wp\/v2\/comments?post=746924"}],"version-history":[{"count":0,"href":"https:\/\/www.europesays.com\/es\/wp-json\/wp\/v2\/posts\/746924\/revisions"}],"wp:featuredmedia":[{"embeddable":true,"href":"https:\/\/www.europesays.com\/es\/wp-json\/wp\/v2\/media\/746925"}],"wp:attachment":[{"href":"https:\/\/www.europesays.com\/es\/wp-json\/wp\/v2\/media?parent=746924"}],"wp:term":[{"taxonomy":"category","embeddable":true,"href":"https:\/\/www.europesays.com\/es\/wp-json\/wp\/v2\/categories?post=746924"},{"taxonomy":"post_tag","embeddable":true,"href":"https:\/\/www.europesays.com\/es\/wp-json\/wp\/v2\/tags?post=746924"}],"curies":[{"name":"wp","href":"https:\/\/api.w.org\/{rel}","templated":true}]}}