{"id":746928,"date":"2026-09-04T06:22:19","date_gmt":"2026-09-04T06:22:19","guid":{"rendered":"https:\/\/www.europesays.com\/es\/746928\/"},"modified":"2026-09-04T06:22:19","modified_gmt":"2026-09-04T06:22:19","slug":"el-fichaje-estelar-de-el-perro-andaluz-deja-el-primer-momentazo-en-su-debut-cuanto-cuesta-la-boca-de-brad-pitt","status":"publish","type":"post","link":"https:\/\/www.europesays.com\/es\/746928\/","title":{"rendered":"El \u00abfichaje estelar\u00bb de &#8216;El perro andaluz&#8217; deja el primer momentazo en su debut: \u00ab\u00bfCu\u00e1nto cuesta la boca de Brad Pitt?\u00bb"},"content":{"rendered":"<p class=\"c-paragraph\"><b>Antonio Reguera<\/b> se estren\u00f3 como fichaje estelar de la nueva temporada de <b><a href=\"https:\/\/www.20minutos.es\/television\/manu-sanchez-estrena-perro-andaluz-dedicando-su-monologo-ceuta-es-ejemplo-convivencia-pluralidad-coexistencia_7032695_0.html\" title=\"Manu S\u00e1nchez estrena &#039;El perro andaluz&#039; dedicando su mon\u00f3logo a Ceuta: &quot;Es ejemplo de convivencia, pluralidad y coexistencia&quot;\" rel=\"nofollow noopener\" target=\"_blank\">El perro andaluz<\/a><\/b>, el programa que presenta <a href=\"https:\/\/www.20minutos.es\/television\/manu-sanchez-estrena-perro-andaluz-dedicando-su-monologo-ceuta-es-ejemplo-convivencia-pluralidad-coexistencia_7032695_0.html\" title=\"Manu S\u00e1nchez estrena &#039;El perro andaluz&#039; dedicando su mon\u00f3logo a Ceuta: &quot;Es ejemplo de convivencia, pluralidad y coexistencia&quot;\" rel=\"nofollow noopener\" target=\"_blank\">Manu S\u00e1nchez<\/a>. El m\u00fasico y humorista gaditano aprovech\u00f3 su primera intervenci\u00f3n para contar una <b>an\u00e9cdota reciente vivida junto a su hijo Carlos.<\/b><\/p>\n<p class=\"c-paragraph\">Todo arranc\u00f3 por una <b>visita al dentista<\/b>, un amigo de la familia en C\u00e1diz al que Reguera acudi\u00f3 con \u00abla boca hecha polvo\u00bb, seg\u00fan \u00e9l. Antes de entrar a la consulta, su hijo ya le hab\u00eda avisado de la ocurrencia que se le ven\u00eda encima: \u00ab<b>Pap\u00e1, tienes los pi\u00f1onates para echarte<\/b>\u00ab, le advirti\u00f3 Carlos, entre risas del propio Reguera al recordarlo.<\/p>\n<p class=\"c-paragraph\">Ya en la consulta, Reguera decidi\u00f3 preguntar por los precios usando una referencia muy particular: \u00ab<b>\u00bfCu\u00e1nto cuesta la boca de <a href=\"https:\/\/www.20minutos.es\/tags\/personas\/brad-pitt-actor.html\" title=\"Brad Pitt\" rel=\"nofollow noopener\" target=\"_blank\">Brad Pitt<\/a>?\u00bb<\/b>. El dentista respondi\u00f3 sin dudar que esa dentadura costaba <b>24.000 euros<\/b>, cifra que el humorista utiliz\u00f3 como punto de partida para seguir indagando.<\/p>\n<p class=\"c-paragraph\">La cosa fue a m\u00e1s cuando Reguera pregunt\u00f3 por versiones m\u00e1s econ\u00f3micas. \u00ab<b>La de la abuela de Brad mejor, que te la dan con el vaso y el agua<\/b>\u00ab, explic\u00f3 sobre la opci\u00f3n m\u00e1s barata del cat\u00e1logo, tasada en 2.500 euros frente a los <b>12.000 de la madre de Brad Pitt<\/b>.<\/p>\n<p class=\"c-paragraph\">El remate lleg\u00f3 de la mano de su hijo Carlos, que zanj\u00f3 la conversaci\u00f3n con una propuesta inesperada. <b>\u00abPues mira, mejor que le pongas la de una amiga de la abuela<\/b>\u00ab, sugiri\u00f3 el peque\u00f1o, dejando la an\u00e9cdota cerrada con la \u00faltima palabra para \u00e9l<\/p>\n","protected":false},"excerpt":{"rendered":"Antonio Reguera se estren\u00f3 como fichaje estelar de la nueva temporada de El perro andaluz, el programa que&hellip;\n","protected":false},"author":2,"featured_media":746929,"comment_status":"","ping_status":"","sticky":false,"template":"","format":"standard","meta":{"footnotes":""},"categories":[174],"tags":[16470,255,51,146,147,25,24,12103,256,557,8515,23],"class_list":["post-746928","post","type-post","status-publish","format-standard","has-post-thumbnail","category-famosos","tag-andaluz","tag-celebrities","tag-deja","tag-entertainment","tag-entretenimiento","tag-es","tag-espana","tag-estelar","tag-famosos","tag-fichaje","tag-perro","tag-spain"],"share_on_mastodon":{"url":"https:\/\/pubeurope.com\/@es\/117211335774239148","error":""},"_links":{"self":[{"href":"https:\/\/www.europesays.com\/es\/wp-json\/wp\/v2\/posts\/746928","targetHints":{"allow":["GET"]}}],"collection":[{"href":"https:\/\/www.europesays.com\/es\/wp-json\/wp\/v2\/posts"}],"about":[{"href":"https:\/\/www.europesays.com\/es\/wp-json\/wp\/v2\/types\/post"}],"author":[{"embeddable":true,"href":"https:\/\/www.europesays.com\/es\/wp-json\/wp\/v2\/users\/2"}],"replies":[{"embeddable":true,"href":"https:\/\/www.europesays.com\/es\/wp-json\/wp\/v2\/comments?post=746928"}],"version-history":[{"count":0,"href":"https:\/\/www.europesays.com\/es\/wp-json\/wp\/v2\/posts\/746928\/revisions"}],"wp:featuredmedia":[{"embeddable":true,"href":"https:\/\/www.europesays.com\/es\/wp-json\/wp\/v2\/media\/746929"}],"wp:attachment":[{"href":"https:\/\/www.europesays.com\/es\/wp-json\/wp\/v2\/media?parent=746928"}],"wp:term":[{"taxonomy":"category","embeddable":true,"href":"https:\/\/www.europesays.com\/es\/wp-json\/wp\/v2\/categories?post=746928"},{"taxonomy":"post_tag","embeddable":true,"href":"https:\/\/www.europesays.com\/es\/wp-json\/wp\/v2\/tags?post=746928"}],"curies":[{"name":"wp","href":"https:\/\/api.w.org\/{rel}","templated":true}]}}