{"id":746948,"date":"2026-09-04T06:34:16","date_gmt":"2026-09-04T06:34:16","guid":{"rendered":"https:\/\/www.europesays.com\/es\/746948\/"},"modified":"2026-09-04T06:34:16","modified_gmt":"2026-09-04T06:34:16","slug":"dos-menores-heridos-muy-graves-en-alzira-al-desplomarse-un-pilar-en-un-motor-de-riego","status":"publish","type":"post","link":"https:\/\/www.europesays.com\/es\/746948\/","title":{"rendered":"Dos menores heridos muy graves en Alzira al desplomarse un pilar en un motor de riego"},"content":{"rendered":"<p class=\"ft-text ft-helper-closenews\">La <strong>tragedia ha envuelto esta tarde el motor de la Sociedad de Riegos la Casella de Alzira. Dos ni\u00f1os de 9 y 11 han a\u00f1os ha resultado gravemente heridos <\/strong>al desplomarse uno de los pilares que sosten\u00edan un emparrado en la entrada de este antiguo huerto ubicado junto a la carretera de la Solana. <strong>\u201cLos ha reventado\u201d, ha resumido el padre de los ni\u00f1os<\/strong> visiblemente afectado cuando un conocido se ha interesado por lo sucedido cuando abandonaba el lugar para dirigirse al hospital junto a uno de los menores. Las escenas de dolor de los familiares en el entorno del motor alertaban de la gravedad del accidente.<\/p>\n<p class=\"ft-text\">Las primeras hip\u00f3tesis apuntan a que <strong>los ni\u00f1os jugaban en una hamaca que estaba sujeta en los pilares de esta especie de porche, en la parte exterior del motor<\/strong> cuando, al parecer, uno de los pilares se ha precipitado y los ha golpeado. Las v\u00edctimas son un ni\u00f1o de 9 a\u00f1os y una ni\u00f1a de 11, hijos del celador que atend\u00eda el motor durante las vacaciones del titular.<\/p>\n<p class=\"ft-text\">Los servicios de emergencia se han movilizado r\u00e1pidamente tras recibir el<strong> aviso del accidente sobre las 19,56 horas.<\/strong> El Centro de Informaci\u00f3n y Coordinaci\u00f3n de Urgencias (CICU) ha desplazado <strong>dos unidades del SAMU<\/strong> y un Soporte Vital B\u00e1sico (SVB). Un SAMU ha traslado al ni\u00f1o al Hospital la Fe de Val\u00e8ncia y el otro a su hermana al Hospital de la Ribera. El Consorcio de Bomberos ha movilizado efectivos del parque de Alzira e incluso se ha <strong>desplazado al valle de la Casella el helic\u00f3ptero con m\u00e9dico abordo<\/strong>. Los bomberos han ofrecido apoyo a los servicios sanitarios desplazados aunque no han tenido que participar en ning\u00fan rescate ya que los ni\u00f1os no han hab\u00edan quedado atrapados. Tambi\u00e9n se han desplazado efectivos de la Polic\u00eda Nacional, que incluso ha movilizado a una unidad de la polic\u00eda cient\u00edfica, y de la Polic\u00eda Local de Alzira. La carretera de la Casella ha permanecido cortada durante m\u00e1s de una por la presencia de los equipos de emergencia. <\/p>\n<p data-close=\"closedContent\" class=\"subscribeHideForDisplay\">Suscr\u00edbete para seguir leyendo<\/p>\n","protected":false},"excerpt":{"rendered":"La tragedia ha envuelto esta tarde el motor de la Sociedad de Riegos la Casella de Alzira. Dos&hellip;\n","protected":false},"author":2,"featured_media":746949,"comment_status":"","ping_status":"","sticky":false,"template":"","format":"standard","meta":{"footnotes":""},"categories":[8],"tags":[45177,17,18,12087,25,24,13,14,14001,11,11225,16843,19,20,1567,2362,9,10,15,16,8669,33390,23,12,21,22],"class_list":["post-746948","post","type-post","status-publish","format-standard","has-post-thumbnail","category-espana","tag-alzira","tag-breaking-news","tag-breakingnews","tag-desplomarse","tag-es","tag-espana","tag-featured-news","tag-featurednews","tag-graves","tag-headlines","tag-heridos","tag-la-ribera","tag-latest-news","tag-latestnews","tag-menores","tag-motor","tag-news","tag-noticias","tag-noticias-destacadas","tag-noticiasdestacadas","tag-pilar","tag-riego","tag-spain","tag-titulares","tag-ultimas-noticias","tag-ultimasnoticias"],"share_on_mastodon":{"url":"https:\/\/pubeurope.com\/@es\/117211383541147728","error":""},"_links":{"self":[{"href":"https:\/\/www.europesays.com\/es\/wp-json\/wp\/v2\/posts\/746948","targetHints":{"allow":["GET"]}}],"collection":[{"href":"https:\/\/www.europesays.com\/es\/wp-json\/wp\/v2\/posts"}],"about":[{"href":"https:\/\/www.europesays.com\/es\/wp-json\/wp\/v2\/types\/post"}],"author":[{"embeddable":true,"href":"https:\/\/www.europesays.com\/es\/wp-json\/wp\/v2\/users\/2"}],"replies":[{"embeddable":true,"href":"https:\/\/www.europesays.com\/es\/wp-json\/wp\/v2\/comments?post=746948"}],"version-history":[{"count":0,"href":"https:\/\/www.europesays.com\/es\/wp-json\/wp\/v2\/posts\/746948\/revisions"}],"wp:featuredmedia":[{"embeddable":true,"href":"https:\/\/www.europesays.com\/es\/wp-json\/wp\/v2\/media\/746949"}],"wp:attachment":[{"href":"https:\/\/www.europesays.com\/es\/wp-json\/wp\/v2\/media?parent=746948"}],"wp:term":[{"taxonomy":"category","embeddable":true,"href":"https:\/\/www.europesays.com\/es\/wp-json\/wp\/v2\/categories?post=746948"},{"taxonomy":"post_tag","embeddable":true,"href":"https:\/\/www.europesays.com\/es\/wp-json\/wp\/v2\/tags?post=746948"}],"curies":[{"name":"wp","href":"https:\/\/api.w.org\/{rel}","templated":true}]}}