{"id":746958,"date":"2026-09-04T06:45:17","date_gmt":"2026-09-04T06:45:17","guid":{"rendered":"https:\/\/www.europesays.com\/es\/746958\/"},"modified":"2026-09-04T06:45:17","modified_gmt":"2026-09-04T06:45:17","slug":"violeta-mangrinan-muestra-el-antes-y-el-despues-de-su-casa-pepa-la-espera-ha-valido-la-pena","status":"publish","type":"post","link":"https:\/\/www.europesays.com\/es\/746958\/","title":{"rendered":"Violeta Mangri\u00f1\u00e1n muestra \u00abel antes y el despu\u00e9s\u00bb de su Casa Pepa: \u00abLa espera ha valido la pena\u00bb"},"content":{"rendered":"<p class=\"c-paragraph\"><a href=\"https:\/\/www.20minutos.es\/tags\/personas\/violeta-mangrinan.html\" title=\"Violeta Mangri\u00f1\u00e1n\" target=\"_blank\" rel=\"nofollow noopener\">Violeta Mangri\u00f1\u00e1n<\/a> sorprendi\u00f3 a sus seguidores el pasado mes de febrero al compartir en su perfil de <a href=\"https:\/\/www.20minutos.es\/tags\/temas\/instagram.html\" title=\"Instagram\" target=\"_blank\" rel=\"nofollow noopener\">Instagram <\/a>su gran adquisici\u00f3n. Cumpliendo con uno de sus mayores sue\u00f1os,<b> se compr\u00f3 una casa en A\u00edn, el pueblo de su familia.<\/b> Desde entonces, la influencer ha mostrado c\u00f3mo han ido avanzando las reformas de \u00abCasa Pepa\u00bb.\u00a0<\/p>\n<p class=\"c-paragraph\">Se cumplen ya siete meses desde la noticia y<b> cada vez est\u00e1 m\u00e1s cerca de poder vivir en ella<\/b>. Porque lo cierto es que el proceso no ha sido nada sencillo. Para conseguir la casa de su sue\u00f1o, tuvo que ponerse en contacto con diferentes arquitectos y hacer una reforma casi \u00edntegra. Y finalmente, lo que empez\u00f3 siendo una ilusi\u00f3n ha acabado siendo su realidad.\u00a0<\/p>\n<p class=\"c-paragraph\">\u00ab\u00a1Por fin! Despu\u00e9s de 7 a\u00f1os esperando encontrar una casita en el pueblo, hoy ya es una realidad.<b> La espera ha valido la pena y creo que mi yaya ha tenido mucho que ver<\/b>, por eso el nombre, en su honor. Porque s\u00e9 muy bien la ilusi\u00f3n que le hac\u00eda ver a todos sus nietos y bisnietos pasar las vacaciones all\u00ed todos juntos y as\u00ed ser\u00e1\u00bb, comenz\u00f3 a escribir en una de sus \u00faltimas publicaciones.<\/p>\n<p class=\"c-paragraph\">As\u00ed, la influencer comparti\u00f3 dos v\u00eddeos mostrando \u00abel antes\u00bb y \u00abel despu\u00e9s\u00bb de la casa. \u00abEsta planta que veis es la\u00a0planta cero, que\u00a0aqu\u00ed tendremos cocina, sal\u00f3n comedor y el acceso al jard\u00edn.\u00a0<b>Ahora mismo esta planta no conecta con las otras dos plantas, pero eso cambiar\u00e1 porque\u00a0haremos una escalera<\/b>\u00ab, comenz\u00f3 a explicar. Porque, aunque a\u00fan queda mucho trabajo por delante, ya se imagina c\u00f3mo quedar\u00e1 todo.\u00a0<\/p>\n<p class=\"c-paragraph\">De hecho, ense\u00f1\u00f3 diferentes dise\u00f1os conceptuales para que sus seguidores entendieran el concepto. Aunque, como dej\u00f3 claro,<b> \u00abno es en ning\u00fan caso la imagen definitiva\u00bb.<\/b> Pasando a la segunda planta, se llega a la zona m\u00e1s \u00edntima. \u00abTendremos\u00a0habitaci\u00f3n de matrimonio, vestidor, ba\u00f1o y una peque\u00f1a salita de estar, con\u00a0barra y recibidor\u00bb, se\u00f1al\u00f3.\u00a0<\/p>\n<p class=\"c-paragraph\">Y es que, en esta zona elevada se pude disfrutar de \u00ablo mejor de la casa\u00bb: \u00abNo vamos a discutir que obviamente\u00a0<b>lo mejor de la casa son las vistas<\/b>\u00a0que dan al r\u00edo del pueblo, esto es un regalo\u00bb. Aunque no solo la localizaci\u00f3n, sino que el estilo \u00abantiguo\u00bb tambi\u00e9n tiene un gran encanto. \u00abH<b>ay muchas joyitas en la casa que vamos a tratar de restaurar<\/b>\u00a0en la medida de lo posible\u00bb, destac\u00f3 dando especial importancia a la chimenea.\u00a0<\/p>\n<p class=\"c-paragraph\">Finalmente, en la tercera planta se encontrar\u00e1n las habitaciones de sus hijas, de invitados y un ba\u00f1o. O al menos esa ser\u00eda la primera idea. \u00abAunque voy a darle una vuelta seria porque no s\u00e9 si la habitaci\u00f3n de las ni\u00f1as finalmente ir\u00e1 aqu\u00ed\u00bb, confes\u00f3. \u00abComo veis, en una de las habitaciones tambi\u00e9n nos encontramos otra joyita que pienso restaurar. Es\u00a0<b>una m\u00e1quina de coser s\u00faper antigua que va a ser un escritorio<\/b>\u00a0para mis ni\u00f1as\u00bb, explic\u00f3 haciendo referencia a su comentario anterior.\u00a0<\/p>\n<p class=\"c-paragraph\">Porque, el motivo por el que sus ni\u00f1as tendr\u00e1n la parte superior es para poder tener la mayor libertad a la hora de jugar.\u00a0<b>\u00abLa zona abuhardillada de la casa me apetec\u00eda hacer la habitaci\u00f3n de las ni\u00f1as<\/b>\u00a0porque hab\u00edamos pensado dise\u00f1ar unas camitas a medida con un mueble muy chulo, y la verdad que la idea me gustaba, pero como os he dicho voy a pens\u00e1rmelo\u00bb, recalc\u00f3.\u00a0<\/p>\n<p class=\"c-paragraph\">Y, as\u00ed explic\u00f3 tambi\u00e9n qu\u00e9 har\u00e1 con el exterior de la vivienda. Su idea inicial es hacer un jard\u00edn con huerto. Un pensamiento que le ha causado grandes quebraderos de cabeza. <b>\u00abHa sido el culpable de que la reforma se demore tanto\u00bb<\/b>, lament\u00f3. Porque para lograr su objetivo necesita \u00ab200 metros cuadrados\u00bb teniendo en cuenta que tambi\u00e9n quiere una piscina y espacio para criar gallinas.\u00a0<\/p>\n","protected":false},"excerpt":{"rendered":"Violeta Mangri\u00f1\u00e1n sorprendi\u00f3 a sus seguidores el pasado mes de febrero al compartir en su perfil de Instagram&hellip;\n","protected":false},"author":2,"featured_media":746959,"comment_status":"","ping_status":"","sticky":false,"template":"","format":"standard","meta":{"footnotes":""},"categories":[174],"tags":[2566,255,987,146,147,25,24,256,48715,1156,23,48714],"class_list":["post-746958","post","type-post","status-publish","format-standard","has-post-thumbnail","category-famosos","tag-antes","tag-celebrities","tag-despues","tag-entertainment","tag-entretenimiento","tag-es","tag-espana","tag-famosos","tag-mangrinan","tag-muestra","tag-spain","tag-violeta"],"share_on_mastodon":{"url":"https:\/\/pubeurope.com\/@es\/117211426107582934","error":""},"_links":{"self":[{"href":"https:\/\/www.europesays.com\/es\/wp-json\/wp\/v2\/posts\/746958","targetHints":{"allow":["GET"]}}],"collection":[{"href":"https:\/\/www.europesays.com\/es\/wp-json\/wp\/v2\/posts"}],"about":[{"href":"https:\/\/www.europesays.com\/es\/wp-json\/wp\/v2\/types\/post"}],"author":[{"embeddable":true,"href":"https:\/\/www.europesays.com\/es\/wp-json\/wp\/v2\/users\/2"}],"replies":[{"embeddable":true,"href":"https:\/\/www.europesays.com\/es\/wp-json\/wp\/v2\/comments?post=746958"}],"version-history":[{"count":0,"href":"https:\/\/www.europesays.com\/es\/wp-json\/wp\/v2\/posts\/746958\/revisions"}],"wp:featuredmedia":[{"embeddable":true,"href":"https:\/\/www.europesays.com\/es\/wp-json\/wp\/v2\/media\/746959"}],"wp:attachment":[{"href":"https:\/\/www.europesays.com\/es\/wp-json\/wp\/v2\/media?parent=746958"}],"wp:term":[{"taxonomy":"category","embeddable":true,"href":"https:\/\/www.europesays.com\/es\/wp-json\/wp\/v2\/categories?post=746958"},{"taxonomy":"post_tag","embeddable":true,"href":"https:\/\/www.europesays.com\/es\/wp-json\/wp\/v2\/tags?post=746958"}],"curies":[{"name":"wp","href":"https:\/\/api.w.org\/{rel}","templated":true}]}}