{"id":746990,"date":"2026-09-04T07:10:26","date_gmt":"2026-09-04T07:10:26","guid":{"rendered":"https:\/\/www.europesays.com\/es\/746990\/"},"modified":"2026-09-04T07:10:26","modified_gmt":"2026-09-04T07:10:26","slug":"la-casa-de-la-imagen-estrena-temporada-con-alvaro-ybarra","status":"publish","type":"post","link":"https:\/\/www.europesays.com\/es\/746990\/","title":{"rendered":"La Casa de la Imagen estrena temporada con \u00c1lvaro Ybarra"},"content":{"rendered":"<p>\u00c1lvaro Ybarra Zavala, uno de los fot\u00f3grafos m\u00e1s internacionales de nuestro pa\u00eds, pasa este jueves por la capital riojana para presentar su \u00faltimo y ambicioso  &#8230; proyecto, &#8216;El legado que seremos&#8217;, expuesto en la Casa de la Imagen hasta el pr\u00f3ximo 1 de octubre. <\/p>\n<p class=\"v-d-p\">Cinco a\u00f1os le ha llevado recorrer buena parte de nuestra geograf\u00eda para documentar c\u00f3mo la descarbonizaci\u00f3n y el paso a las energ\u00edas renovables nos est\u00e1 transformando a todos. Lo cuenta en im\u00e1genes y a trav\u00e9s de sus principales protagonistas: alcaldes, ganaderos, operarios&#8230; y, sobre todo, gente an\u00f3nima de las comarcas mineras y zonas industriales tradicionales, fundamentalmente de Galicia, Castilla y Le\u00f3n, Arag\u00f3n y Andaluc\u00eda.<\/p>\n<p class=\"v-d-p\">Con su c\u00e1mara, \u00c1lvaro Ybarra captura c\u00f3mo estos territorios integran las nuevas oportunidades energ\u00e9ticas sin perder su identidad.<\/p>\n<p>\nTrilog\u00eda visual\n<\/p>\n<p class=\"v-d-p\">Este proyecto documental, patrocinado por Endesa, ha sido concebido como una trilog\u00eda visual, dado que recorre tres momentos esenciales de esta revoluci\u00f3n: el final de una era que se desvanece, el nacimiento de un nuevo paradigma y los desaf\u00edos que definir\u00e1n el mundo que estamos construyendo. <\/p>\n<p class=\"v-d-p\">\u00abEn los \u00faltimos a\u00f1os hemos vivido guerras, cambios geopol\u00edticos que han cambiado el mundo, una pandemia, grandes crisis econ\u00f3micas&#8230; Ahora tenemos delante una nueva revoluci\u00f3n industrial que parte de una evoluci\u00f3n energ\u00e9tica. Yo veo todo eso y digo \u00bfpero c\u00f3mo no lo vas a fotografiar?\u00bb, comenta Ybarra Zavala sobre este proyecto, que lejos de ser un relato distante o t\u00e9cnico es una mirada generacional, un ejercicio de memoria. Y, sobre todo, una invitaci\u00f3n a reflexionar sobre la responsabilidad compartida de imaginar \u2013y decidir\u2013 el futuro que dejaremos en medio de esta transformaci\u00f3n. <\/p>\n<p class=\"v-d-p\">Con \u00c1lvaro Ybarra y &#8216;El legado que seremos&#8217; estrena la Casa de la Imagen su 44 temporada. La exposici\u00f3n se puede visitar hasta el 1 de octubre en su sede (plaza de San Bartolom\u00e9, 3), de lunes a viernes de 18.00 a 20.30 horas.<\/p>\n","protected":false},"excerpt":{"rendered":"\u00c1lvaro Ybarra Zavala, uno de los fot\u00f3grafos m\u00e1s internacionales de nuestro pa\u00eds, pasa este jueves por la capital&hellip;\n","protected":false},"author":2,"featured_media":746991,"comment_status":"","ping_status":"","sticky":false,"template":"","format":"standard","meta":{"footnotes":""},"categories":[173],"tags":[2607,229,233,231,230,385,232,234,146,147,25,24,1719,1157,23,1152,54500],"class_list":["post-746990","post","type-post","status-publish","format-standard","has-post-thumbnail","category-arte-y-diseno","tag-alvaro","tag-arte","tag-arte-y-diseno","tag-arts","tag-arts-and-design","tag-casa","tag-design","tag-diseno","tag-entertainment","tag-entretenimiento","tag-es","tag-espana","tag-estrena","tag-imagen","tag-spain","tag-temporada","tag-ybarra"],"share_on_mastodon":{"url":"https:\/\/pubeurope.com\/@es\/117211524361146966","error":""},"_links":{"self":[{"href":"https:\/\/www.europesays.com\/es\/wp-json\/wp\/v2\/posts\/746990","targetHints":{"allow":["GET"]}}],"collection":[{"href":"https:\/\/www.europesays.com\/es\/wp-json\/wp\/v2\/posts"}],"about":[{"href":"https:\/\/www.europesays.com\/es\/wp-json\/wp\/v2\/types\/post"}],"author":[{"embeddable":true,"href":"https:\/\/www.europesays.com\/es\/wp-json\/wp\/v2\/users\/2"}],"replies":[{"embeddable":true,"href":"https:\/\/www.europesays.com\/es\/wp-json\/wp\/v2\/comments?post=746990"}],"version-history":[{"count":0,"href":"https:\/\/www.europesays.com\/es\/wp-json\/wp\/v2\/posts\/746990\/revisions"}],"wp:featuredmedia":[{"embeddable":true,"href":"https:\/\/www.europesays.com\/es\/wp-json\/wp\/v2\/media\/746991"}],"wp:attachment":[{"href":"https:\/\/www.europesays.com\/es\/wp-json\/wp\/v2\/media?parent=746990"}],"wp:term":[{"taxonomy":"category","embeddable":true,"href":"https:\/\/www.europesays.com\/es\/wp-json\/wp\/v2\/categories?post=746990"},{"taxonomy":"post_tag","embeddable":true,"href":"https:\/\/www.europesays.com\/es\/wp-json\/wp\/v2\/tags?post=746990"}],"curies":[{"name":"wp","href":"https:\/\/api.w.org\/{rel}","templated":true}]}}