{"id":747010,"date":"2026-09-04T07:22:16","date_gmt":"2026-09-04T07:22:16","guid":{"rendered":"https:\/\/www.europesays.com\/es\/747010\/"},"modified":"2026-09-04T07:22:16","modified_gmt":"2026-09-04T07:22:16","slug":"el-calor-persiste-este-viernes-pero-llegaran-las-primeras-tormentas-el-sabado-podran-ser-fuertes-y-dejar-granizo-y-barro","status":"publish","type":"post","link":"https:\/\/www.europesays.com\/es\/747010\/","title":{"rendered":"El calor persiste este viernes, pero llegar\u00e1n las primeras tormentas: el s\u00e1bado podr\u00e1n ser fuertes y dejar granizo y barro"},"content":{"rendered":"<p class=\"c-paragraph\">Espa\u00f1a encara este viernes <b>otra jornada de <a href=\"https:\/\/www.20minutos.es\/tags\/temas\/calor.html\" title=\"Calor\" rel=\"nofollow noopener\" target=\"_blank\">calor <\/a>intenso<\/b>, aunque el escenario empezar\u00e1 a cambiar por el oeste. Las temperaturas comenzar\u00e1n a bajar en la vertiente atl\u00e1ntica, mientras que se mantendr\u00e1n muy elevadas en buena parte del resto del pa\u00eds. La entrada de una masa de aire algo m\u00e1s fr\u00eda desde el Atl\u00e1ntico favorecer\u00e1 adem\u00e1s la <b>aparici\u00f3n de algunas lluvias y tormentas aisladas, todav\u00eda poco importantes<\/b>. El episodio tormentoso m\u00e1s significativo llegar\u00e1 el s\u00e1bado, cuando la inestabilidad se extender\u00e1 por m\u00e1s zonas y algunas tormentas podr\u00e1n ser fuertes.<\/p>\n<p class=\"c-paragraph\">Por el momento, \u00ab<b>el protagonista claramente es el intenso calor\u00bb<\/b>, explica a <b>20minutos <\/b>Jos\u00e9 Miguel Vi\u00f1as, meteor\u00f3logo de <a href=\"https:\/\/www.20minutos.es\/tags\/instituciones-empresas\/meteored.html\" title=\"Meteored\" rel=\"nofollow noopener\" target=\"_blank\">Meteored<\/a>. El episodio vendr\u00e1 acompa\u00f1ado adem\u00e1s de polvo en suspensi\u00f3n y calima, que enturbiar\u00e1n los cielos peninsulares y tambi\u00e9n se dejar\u00e1n notar en <a href=\"https:\/\/www.20minutos.es\/tags\/lugares\/canarias.html\" title=\"Canarias\" rel=\"nofollow noopener\" target=\"_blank\">Canarias <\/a>durante el fin de semana. Este viernes empezar\u00e1, no obstante, la transici\u00f3n. \u00abVa a empezar a llegar una masa de aire un poco m\u00e1s fr\u00eda por el Atl\u00e1ntico y ya <b>por la tarde tendremos algunas tormentas<\/b> por el golfo de <a href=\"https:\/\/www.20minutos.es\/tags\/lugares\/cadiz.html\" title=\"C\u00e1diz\" rel=\"nofollow noopener\" target=\"_blank\">C\u00e1diz <\/a>y por el \u00e1rea de la cordillera Cant\u00e1brica\u00bb, avanza Vi\u00f1as, aunque en principio \u00abno ser\u00e1n fuertes\u00bb.<\/p>\n<p class=\"c-paragraph\">V\u00edctor Gonz\u00e1lez, tambi\u00e9n meteor\u00f3logo de Meteored, rebaja igualmente la importancia de estas primeras precipitaciones. \u00abEl viernes todav\u00eda no hay mucha inestabilidad\u00bb, explica a este diario. Podr\u00eda formarse alguna tormenta aislada en el interior del noroeste, pero ser\u00eda<b> <\/b>\u00abrelativamente poco probable\u00bb y \u00abmuy anecd\u00f3tica\u00bb, <b>con lluvias \u00abmuy puntuales o casi nulas\u00bb<\/b>, que podr\u00e1n caer acompa\u00f1adas de barro por el polvo sahariano en suspensi\u00f3n. \u00abEl d\u00eda que considero que hay que vigilar con lo que respecta a las tormentas es el s\u00e1bado\u00bb, insiste Gonz\u00e1lez.<\/p>\n<p class=\"c-paragraph\">Detr\u00e1s del cambio se encuentra una peque\u00f1a DANA situada en el Atl\u00e1ntico que se aproxima hacia\u00a0<a href=\"https:\/\/www.20minutos.es\/tags\/lugares\/portugal.html\" title=\"Portugal\" rel=\"nofollow noopener\" target=\"_blank\">Portugal<\/a>\u00a0y\u00a0<a href=\"https:\/\/www.20minutos.es\/tags\/lugares\/galicia.html\" title=\"Galicia\" rel=\"nofollow noopener\" target=\"_blank\">Galicia<\/a>\u00a0y que ir\u00e1 debilitando por el oeste la dorsal c\u00e1lida responsable de las elevadas temperaturas de estos d\u00edas, favoreciendo as\u00ed el aumento de la inestabilidad. Se trata, seg\u00fan Gonz\u00e1lez, de una <b>DANA \u00abmuy, muy peque\u00f1a\u00bb<\/b>, poco potente y con una circulaci\u00f3n d\u00e9bil, lo que ha dificultado su predicci\u00f3n. Adem\u00e1s, se encuentra ya al final de su ciclo de vida: cuando interact\u00fae de forma m\u00e1s clara con la Pen\u00ednsula el s\u00e1bado, se incorporar\u00e1 al chorro polar y se transformar\u00e1 en una vaguada, que seguir\u00e1 afectando al pa\u00eds durante el fin de semana antes de alejarse hacia Europa.<\/p>\n<p>Las tormentas m\u00e1s fuertes llegar\u00e1n el s\u00e1bado<\/p>\n<p class=\"c-paragraph\">\u00abEl episodio como tal va a comprender, sobre todo, la jornada del s\u00e1bado\u00bb, se\u00f1ala Gonz\u00e1lez. Ser\u00e1 especialmente <b>a partir del mediod\u00eda <\/b>cuando las<b> tormentas empiecen a generalizarse<\/b> y algunas puedan ser fuertes. El calor diurno favorecer\u00e1 el crecimiento de las nubes de evoluci\u00f3n y \u00abhabr\u00e1 bastante energ\u00eda disponible\u00bb para que algunas alcancen cierta intensidad.<\/p>\n<p class=\"c-paragraph\">Vi\u00f1as apunta principalmente al<b> noroeste y oeste peninsular<\/b> y sit\u00faa <a href=\"https:\/\/www.20minutos.es\/tags\/lugares\/castilla-y-leon.html\" title=\"Castilla y Le\u00f3n\" rel=\"nofollow noopener\" target=\"_blank\">Castilla y Le\u00f3n<\/a> y <a href=\"https:\/\/www.20minutos.es\/tags\/lugares\/extremadura.html\" title=\"Extremadura\" rel=\"nofollow noopener\" target=\"_blank\">Extremadura <\/a>entre las comunidades donde podr\u00e1n descargar las tormentas m\u00e1s intensas. Tambi\u00e9n se esperan chubascos intensos en zonas de <a href=\"https:\/\/www.20minutos.es\/tags\/lugares\/castilla-la-mancha.html\" title=\"Castilla-La Mancha\" rel=\"nofollow noopener\" target=\"_blank\">Castilla-La Mancha<\/a>, <a href=\"https:\/\/www.20minutos.es\/tags\/lugares\/madrid.html\" title=\"Madrid\" rel=\"nofollow noopener\" target=\"_blank\">Madrid<\/a>, el interior de Galicia, <a href=\"https:\/\/www.20minutos.es\/tags\/lugares\/asturias.html\" title=\"Asturias\" rel=\"nofollow noopener\" target=\"_blank\">Asturias<\/a>, <a href=\"https:\/\/www.20minutos.es\/tags\/lugares\/cantabria.html\" title=\"Cantabria\" rel=\"nofollow noopener\" target=\"_blank\">Cantabria<\/a>, el interior del <a href=\"https:\/\/www.20minutos.es\/tags\/lugares\/pais-vasco.html\" title=\"Pa\u00eds Vasco\" rel=\"nofollow noopener\" target=\"_blank\">Pa\u00eds Vasco<\/a> y los Pirineos. Gonz\u00e1lez se\u00f1ala adem\u00e1s la cordillera Cant\u00e1brica, la meseta norte, el sistema Central y el sistema Ib\u00e9rico entre las \u00e1reas donde podr\u00e1n desarrollarse tormentas.<\/p>\n<p class=\"c-paragraph\">Adem\u00e1s de chubascos fuertes, <b>las tormentas podr\u00e1n dejar granizo y rachas intensas de viento<\/b>. Vi\u00f1as advierte incluso de la posibilidad de alg\u00fan \u00abrevent\u00f3n\u00bb, que describe como un desplome de aire fr\u00edo capaz de generar vientos muy intensos. Hacia el interior, donde las precipitaciones pueden ser menos abundantes, las tormentas podr\u00edan destacar precisamente por esas fuertes rachas de viento.<\/p>\n<p class=\"c-paragraph\">El <b>calor <\/b>de estos d\u00edas tambi\u00e9n contribuir\u00e1 a alimentar las tormentas. Gonz\u00e1lez explica que las altas temperaturas favorecen el ascenso de las masas de aire, a lo que se suma la elevada temperatura del Mediterr\u00e1neo y el Atl\u00e1ntico, que aporta humedad y energ\u00eda. \u00abUna DANA que casi pasar\u00eda desapercibida puede provocar este episodio\u00bb porque \u00abest\u00e1 todo a una temperatura y con unas condiciones de humedad y energ\u00e9ticas\u00bb que hacen que, \u00aba poco que pinches ah\u00ed, salte todo\u00bb. Pese a ello, el meteor\u00f3logo descarta una situaci\u00f3n excepcional y habla de \u00abun <b>episodio de tormentas convencional\u00bb<\/b>, similar a otros registrados este verano.<\/p>\n<p class=\"c-paragraph\">El domingo la inestabilidad empezar\u00e1 a perder fuerza y se desplazar\u00e1 hacia el noreste, con tormentas especialmente en los Pirineos y el sistema Ib\u00e9rico. Ser\u00e1n<b> tormentas m\u00e1s aisladas<\/b>, aunque all\u00ed donde se formen podr\u00e1n<b> descargar con fuerza<\/b>, especialmente en Arag\u00f3n, Cuenca, La Rioja y el noreste de Castilla y Le\u00f3n. En otros puntos del noreste se esperan chubascos d\u00e9biles y dispersos.<\/p>\n<p class=\"c-paragraph\">El descenso de las temperaturas tampoco ser\u00e1 muy acusado: el s\u00e1bado todav\u00eda har\u00e1 mucho calor en gran parte de la Pen\u00ednsula, especialmente en el noreste. La situaci\u00f3n ser\u00e1 transitoria y, a partir del lunes, la atm\u00f3sfera volver\u00e1 a estabilizarse. Las temperaturas seguir\u00e1n siendo elevadas durante los primeros d\u00edas de la pr\u00f3xima semana y, como avanza Vi\u00f1as, \u00ab<b>seguir\u00e1 el calor intenso\u00bb<\/b>.<\/p>\n","protected":false},"excerpt":{"rendered":"Espa\u00f1a encara este viernes otra jornada de calor intenso, aunque el escenario empezar\u00e1 a cambiar por el oeste.&hellip;\n","protected":false},"author":2,"featured_media":747011,"comment_status":"","ping_status":"","sticky":false,"template":"","format":"standard","meta":{"footnotes":""},"categories":[5],"tags":[17,18,4922,25,24,7179,13,14,11,19,20,9,10,15,16,5714,27071,23,12,21,22,381],"class_list":["post-747010","post","type-post","status-publish","format-standard","has-post-thumbnail","category-titulares","tag-breaking-news","tag-breakingnews","tag-calor","tag-es","tag-espana","tag-este","tag-featured-news","tag-featurednews","tag-headlines","tag-latest-news","tag-latestnews","tag-news","tag-noticias","tag-noticias-destacadas","tag-noticiasdestacadas","tag-pero","tag-persiste","tag-spain","tag-titulares","tag-ultimas-noticias","tag-ultimasnoticias","tag-viernes"],"share_on_mastodon":{"url":"https:\/\/pubeurope.com\/@es\/117211571611433006","error":""},"_links":{"self":[{"href":"https:\/\/www.europesays.com\/es\/wp-json\/wp\/v2\/posts\/747010","targetHints":{"allow":["GET"]}}],"collection":[{"href":"https:\/\/www.europesays.com\/es\/wp-json\/wp\/v2\/posts"}],"about":[{"href":"https:\/\/www.europesays.com\/es\/wp-json\/wp\/v2\/types\/post"}],"author":[{"embeddable":true,"href":"https:\/\/www.europesays.com\/es\/wp-json\/wp\/v2\/users\/2"}],"replies":[{"embeddable":true,"href":"https:\/\/www.europesays.com\/es\/wp-json\/wp\/v2\/comments?post=747010"}],"version-history":[{"count":0,"href":"https:\/\/www.europesays.com\/es\/wp-json\/wp\/v2\/posts\/747010\/revisions"}],"wp:featuredmedia":[{"embeddable":true,"href":"https:\/\/www.europesays.com\/es\/wp-json\/wp\/v2\/media\/747011"}],"wp:attachment":[{"href":"https:\/\/www.europesays.com\/es\/wp-json\/wp\/v2\/media?parent=747010"}],"wp:term":[{"taxonomy":"category","embeddable":true,"href":"https:\/\/www.europesays.com\/es\/wp-json\/wp\/v2\/categories?post=747010"},{"taxonomy":"post_tag","embeddable":true,"href":"https:\/\/www.europesays.com\/es\/wp-json\/wp\/v2\/tags?post=747010"}],"curies":[{"name":"wp","href":"https:\/\/api.w.org\/{rel}","templated":true}]}}