{"id":747026,"date":"2026-09-04T07:36:09","date_gmt":"2026-09-04T07:36:09","guid":{"rendered":"https:\/\/www.europesays.com\/es\/747026\/"},"modified":"2026-09-04T07:36:09","modified_gmt":"2026-09-04T07:36:09","slug":"ana-mena-arrasa-en-los-premios-juventud-con-el-medley-perfecto-de-madrid-city-y-pa-ti-toa","status":"publish","type":"post","link":"https:\/\/www.europesays.com\/es\/747026\/","title":{"rendered":"Ana Mena arrasa en los Premios Juventud con el medley perfecto de &#8216;Madrid City&#8217; y &#8216;pa ti toa"},"content":{"rendered":"<p>No hay palabras para describir lo de <a title=\"Ana Mena\" href=\"https:\/\/www.europafm.com\/temas\/ana_mena-1\" target=\"_blank\" rel=\"nofollow noopener\"><b>Ana Mena<\/b><\/a> en los <a title=\"Premios Juventud 2026\" href=\"https:\/\/www.europafm.com\/temas\/premios_juventud-1\" target=\"_blank\" rel=\"nofollow noopener\"><b>Premios Juventud 2026<\/b><\/a>.<\/p>\n<p>La malague\u00f1a fue una de las estrellas invitadas de la noche y no solo brill\u00f3, arras\u00f3 sobre el escenario.<\/p>\n<p>En pleno proceso de creaci\u00f3n de <a title=\"su tercer disco\" href=\"https:\/\/www.europafm.com\/noticias\/musica\/ana-mena-define-nuevo-disco-como-ida-olla-recopilamos-todo-que-dicho-ahora-album_202608206a86ec73a5690f047384c650.html\" target=\"_blank\" rel=\"nofollow noopener\">su tercer disco<\/a>, la cantante sali\u00f3 del estudio para brillar en una noche donde <a title=\"la m\u00fasica en directo\" href=\"https:\/\/www.europafm.com\/noticias\/musica\/asi-han-sido-todas-actuaciones-premios-juventud-2026_202609046a99f3ef2d7d3022177dbfe7.html\" target=\"_blank\" rel=\"nofollow noopener\">la m\u00fasica en directo<\/a> fue protagonista.<\/p>\n<p>Ana Mena interpret\u00f3 un medley de <b>Madrid City<\/b> y <a title=\"pa ti toa &lt;3\" href=\"https:\/\/www.europafm.com\/noticias\/musica\/ana-mena-lola-indigo-derrochan-sensualidad-baile-blanco-negro-videoclip-toa-3_202606166a30f96a9b079e64f685c315.html\" target=\"_blank\" rel=\"nofollow noopener\"><b>pa ti toa &lt;3<\/b><\/a>, su reci\u00e9n lanzada colaboraci\u00f3n con <b>Lola \u00cdndigo<\/b> que est\u00e1 dando grandes alegr\u00edas a las dos cantantes.<\/p>\n<p>Su actuaci\u00f3n fue <b>un derroche talento<\/b>. Ana Mena luci\u00f3 voz y capacidad para bailar, por no hablar del acierto que supuso fusionar las dos canciones. \u00a1El mix perfecto!<\/p>\n<p>La cantante acudi\u00f3 a la gala tambi\u00e9n como nominada pero se fue de vac\u00edo. El premio Mejor Euro-Song al que optaba por L\u00e1rgate fue para Aitana y su hit del verano Superestrella.<\/p>\n","protected":false},"excerpt":{"rendered":"No hay palabras para describir lo de Ana Mena en los Premios Juventud 2026. La malague\u00f1a fue una&hellip;\n","protected":false},"author":2,"featured_media":747027,"comment_status":"","ping_status":"","sticky":false,"template":"","format":"standard","meta":{"footnotes":""},"categories":[170],"tags":[146,147,25,24,184,185,33635,23],"class_list":["post-747026","post","type-post","status-publish","format-standard","has-post-thumbnail","category-musica","tag-entertainment","tag-entretenimiento","tag-es","tag-espana","tag-music","tag-musica","tag-premios-juventud","tag-spain"],"share_on_mastodon":{"url":"https:\/\/pubeurope.com\/@es\/117211626787941559","error":""},"_links":{"self":[{"href":"https:\/\/www.europesays.com\/es\/wp-json\/wp\/v2\/posts\/747026","targetHints":{"allow":["GET"]}}],"collection":[{"href":"https:\/\/www.europesays.com\/es\/wp-json\/wp\/v2\/posts"}],"about":[{"href":"https:\/\/www.europesays.com\/es\/wp-json\/wp\/v2\/types\/post"}],"author":[{"embeddable":true,"href":"https:\/\/www.europesays.com\/es\/wp-json\/wp\/v2\/users\/2"}],"replies":[{"embeddable":true,"href":"https:\/\/www.europesays.com\/es\/wp-json\/wp\/v2\/comments?post=747026"}],"version-history":[{"count":0,"href":"https:\/\/www.europesays.com\/es\/wp-json\/wp\/v2\/posts\/747026\/revisions"}],"wp:featuredmedia":[{"embeddable":true,"href":"https:\/\/www.europesays.com\/es\/wp-json\/wp\/v2\/media\/747027"}],"wp:attachment":[{"href":"https:\/\/www.europesays.com\/es\/wp-json\/wp\/v2\/media?parent=747026"}],"wp:term":[{"taxonomy":"category","embeddable":true,"href":"https:\/\/www.europesays.com\/es\/wp-json\/wp\/v2\/categories?post=747026"},{"taxonomy":"post_tag","embeddable":true,"href":"https:\/\/www.europesays.com\/es\/wp-json\/wp\/v2\/tags?post=747026"}],"curies":[{"name":"wp","href":"https:\/\/api.w.org\/{rel}","templated":true}]}}