{"id":747052,"date":"2026-09-04T07:54:20","date_gmt":"2026-09-04T07:54:20","guid":{"rendered":"https:\/\/www.europesays.com\/es\/747052\/"},"modified":"2026-09-04T07:54:20","modified_gmt":"2026-09-04T07:54:20","slug":"marc-casado-de-competir-el-ascenso-a-segunda-al-depor-a-completar-un-equipo-de-ensueno","status":"publish","type":"post","link":"https:\/\/www.europesays.com\/es\/747052\/","title":{"rendered":"Marc Casad\u00f3: De competir el ascenso a Segunda al D\u00e9por a completar un equipo de ensue\u00f1o"},"content":{"rendered":"<p class=\"ft-text ft-helper-align-justify\">All\u00e1 por <strong>el 12 de mayo del 2024<\/strong>, A Coru\u00f1a se levant\u00f3 nerviosa, ilusionada y con un sue\u00f1o entre ceja y ceja: <strong>salir del barro y volver al f\u00fatbol profesional<\/strong>. A primera hora de la ma\u00f1ana, varios aficionados que regresaban a su tierra ya portaban la camiseta del D\u00e9por. En el avi\u00f3n Barcelona-A Coru\u00f1a de las siete de la ma\u00f1ana no eran una ni dos las zamarras blanquiazules que hab\u00eda; estaban en todas partes. <\/p>\n<p class=\"ft-text ft-helper-align-justify\">Si la previa de los partidos de f\u00fatbol se asocia a una cuesti\u00f3n de dos o tres horas antes de que empiece a rodar el bal\u00f3n, aquel d\u00eda <strong>la ciudad coru\u00f1esa ya ten\u00eda concentraciones de seguidores deportivistas que estaban al pie del ca\u00f1\u00f3n a eso de las diez de la ma\u00f1ana<\/strong>. Escuchabas hablar del partido en cualquier rinc\u00f3n y tanto la gente mayor como, sobre todo, la m\u00e1s joven eran muy conscientes de la importancia de aquella jornada. Lo hab\u00edan pasado muy mal. Hab\u00edan llorado. Rindieron honor a aquel aficionado que dijo: \u201cEn primera, en segunda o en tercera\u201d. Y tiempo despu\u00e9s lo ten\u00edan de nuevo muy cerca.<\/p>\n<p>Las vueltas que da el f\u00fatbol<\/p>\n<p class=\"ft-text ft-helper-align-justify\"><strong>El Bar\u00e7a Atl\u00e8tic de Rafa M\u00e1rquez<\/strong> llegaba a Riazor con posibilidades de <strong>disputar el ascenso directo al Deportivo<\/strong> hasta los \u00faltimos suspiros de la Primera Federaci\u00f3n. Pero contaban con el gran h\u00e1ndicap de jugar a domicilio y la caldera que se encontraron horas despu\u00e9s, junto a la posibilidad real de volver a Segunda, llev\u00f3 en volandas al equipo comandado por Lucas P\u00e9rez. <\/p>\n<p class=\"ft-text ft-helper-align-justify\">En frente hab\u00eda un jovenc\u00edsimo grupo de chavales formados en La Masia con la ilusi\u00f3n de competir de t\u00fa a t\u00fa a un hist\u00f3rico del f\u00fatbol espa\u00f1ol. Cosas de la vida, <strong>el capit\u00e1n de aquel filial blaugrana era un tal Marc Casad\u00f3<\/strong>. El de Sant Pere de Vilamajor, en aquel entonces, ni mucho menos se imaginaba que <strong>ganar\u00eda dos Ligas con el club de su vida<\/strong>, pero tampoco que jugar\u00eda tiempo despu\u00e9s con el Deportivo en Primera Divisi\u00f3n. <\/p>\n<p class=\"ft-text ft-helper-align-justify\">Aquel fallido ascenso en C\u00f3rdoba le dej\u00f3 con la miel en los labios, pero pudo resarcirse compitiendo al m\u00e1ximo nivel con el club de su vida y <strong>dando exhibiciones<\/strong>, en aquella semana de octubre de 2024, <strong>ante el Real Madrid y el Bayern M\u00fanich<\/strong>.<\/p>\n<p><img decoding=\"async\" src=\"https:\/\/www.europesays.com\/es\/wp-content\/uploads\/2026\/09\/c6f7dff3-a23f-40f9-a174-b5d8d913b326_alta-libre-aspect-ratio_default_0_x993y430.jpg\" width=\"1200\" height=\"781\" alt=\"Marc Casad\u00f3 firm\u00f3 un partidazo en el Bernab\u00e9u en su primera temporada con Flick\" class=\"ft-helper-img-rd\" loading=\"lazy\" fetchpriority=\"auto\"\/><\/p>\n<p class=\"ft-helper-fontColor-quaternary ft-helper-fontSize-body-S ft-helper-spacer-t-xxs\">Marc Casad\u00f3 firm\u00f3 un partidazo en el Bernab\u00e9u en su primera temporada con Flick  \/ Valent\u00ed Enrich<\/p>\n<p>La extensi\u00f3n de M\u00e1rquez sobre el campo<\/p>\n<p class=\"ft-text ft-helper-align-justify\"><strong>La marea blanquiazul inund\u00f3 el paseo mar\u00edtimo hasta Riazor<\/strong>. Bengalas, c\u00e1nticos y un recibimiento al bus en el que iban los jugadores, atronador. El acceso al estadio estaba colapsado y varios de los periodistas que fuimos a cubrir el partido tuvimos que buscar accesos alternativos hasta llegar finalmente a las cabinas de prensa. <\/p>\n<p class=\"ft-text ft-helper-align-justify\">Riazor rug\u00eda, la afici\u00f3n botaba como nunca y <strong>aquel gol de falta de Lucas P\u00e9rez hizo que se viniera el campo abajo<\/strong>. Ten\u00eda que ser \u2018O Neno\u2019 el que certificara la vuelta del Deportivo de A Coru\u00f1a al f\u00fatbol profesional y el estallido de j\u00fabilo no fue para menos. <\/p>\n<p><img decoding=\"async\" src=\"https:\/\/www.europesays.com\/es\/wp-content\/uploads\/2026\/09\/c26b53d7-0648-48fb-af47-bd2dd0ac980a_alta-libre-aspect-ratio_default_0_x723y321.jpg\" width=\"1200\" height=\"800\" alt=\"Marc Casad\u00f3 era el l\u00edder del filial que dirig\u00eda Rafa M\u00e1rquez\" class=\"ft-helper-img-rd\" loading=\"lazy\" fetchpriority=\"auto\"\/><\/p>\n<p class=\"ft-helper-fontColor-quaternary ft-helper-fontSize-body-S ft-helper-spacer-t-xxs\">Marc Casad\u00f3 era el l\u00edder del filial que dirig\u00eda Rafa M\u00e1rquez  \/ Dani Barbeito<\/p>\n<p class=\"ft-text ft-helper-align-justify\">Entre este resumen y el transcurso de aquellos minutos hubo un chaval que dio una masterclass de liderazgo y sobre todo de barcelonismo. <strong>Rafa M\u00e1rquez defini\u00f3 en varias ocasiones a Casad\u00f3 como una extensi\u00f3n suya<\/strong> en el campo. No era para menos. Se dej\u00f3 la piel y demostr\u00f3 a aquellas m\u00e1s de 32.000 personas que para llevarse aquel partido tendr\u00edan que luchar hasta el final. <\/p>\n<p class=\"ft-text ft-helper-align-justify\">Aquel d\u00eda dej\u00f3 tambi\u00e9n claro que, si con Xavi Hern\u00e1ndez no pudo tener el protagonismo que esperaba, su sucesor tendr\u00eda disponible a uno de esos jugadores que te llevas a la guerra contigo. Al acabar el encuentro, en zona mixta se le vio cabreado por el resultado final y sobre la permisibilidad arbitral sentenci\u00f3 aquello con<strong> \u201cno nos han dejado jugar a nuestro f\u00fatbol\u201d<\/strong>. La noche, como no pod\u00eda ser de otra manera, fue muy larga en A Coru\u00f1a. <\/p>\n<p>Reencuentros con excul\u00e9s<\/p>\n<p class=\"ft-text ft-helper-align-justify\">Marc Casad\u00f3 vivi\u00f3 en sus carnes lo que es Riazor y una afici\u00f3n que vive por y para su equipo. Dicen que el f\u00fatbol da vueltas y vaya si las da. Ahora <strong>se reencontrar\u00e1 con algunos exbarcelonistas como Adama Traor\u00e9, Pierre-Emerick Aubameyang<\/strong> y un viejo conocido como<a class=\"ft-link ft-link--decoration\" href=\"https:\/\/www.sport.es\/es\/noticias\/barca\/arnau-comas-eric-cubarsi-son-131162022\" rel=\"nofollow noopener\" target=\"_blank\"><strong> Arnau Comas<\/strong><\/a>, a quien conoce de las categor\u00edas inferiores. Tambi\u00e9n con Luismi Cruz.<\/p>\n<p class=\"ft-text ft-helper-align-justify\">El conjunto gallego, con Fernando Soriano encabezando la direcci\u00f3n deportiva, ha conseguido apuntalar un equipo que est\u00e1 llamado a competir por cosas importantes. Tras los fichajes de este nuevo \u2018Superd\u00e9por\u2019, parece incluso que la afici\u00f3n deportivista se haya olvidado de que son un equipo reci\u00e9n ascendido. Pero es que este D\u00e9por no es poca broma. <\/p>\n<p><img decoding=\"async\" src=\"https:\/\/www.europesays.com\/es\/wp-content\/uploads\/2026\/09\/1c620866-9a52-4982-8aa5-d8968344aa18_alta-libre-aspect-ratio_default_0_x720y600.jpg\" width=\"1200\" height=\"1500\" alt=\"Marc Casad\u00f3 posa con la bufanda del Deportivo\" class=\"ft-helper-img-rd\" loading=\"lazy\" fetchpriority=\"auto\"\/><\/p>\n<p class=\"ft-helper-fontColor-quaternary ft-helper-fontSize-body-S ft-helper-spacer-t-xxs\">Marc Casad\u00f3 posa con la bufanda del Deportivo  \/ RC Deportivo<\/p>\n<p class=\"ft-text ft-helper-align-justify\"><strong>\u00abEs un muy buen proyecto, tengo muchas ganas de empezar\u00bb<\/strong>, explic\u00f3 el canterano blaugrana antes de volar hacia A Coru\u00f1a. Aunque el futbolista catal\u00e1n reconoci\u00f3 que <a class=\"ft-link ft-link--decoration\" href=\"https:\/\/www.sport.es\/es\/noticias\/barca\/casado-molesto-he-hablado-barca-133868787\" rel=\"nofollow noopener\" target=\"_blank\"><strong>\u00abdejar de jugar en el Bar\u00e7a siempre es complicado\u00bb<\/strong><\/a><strong> <\/strong>para un cul\u00e9 de cuna como \u00e9l y al que la afici\u00f3n tanto aprecia. Adem\u00e1s, tambi\u00e9n dej\u00f3 un mensaje muy sincero y correcto al Bar\u00e7a en el que se percibe esa decepci\u00f3n por c\u00f3mo han gestionado su salida: <strong>\u00abNo me voy molesto. He hablado con el club y todos tenemos cosas que mejorar\u00bb<\/strong>.<\/p>\n<p class=\"ft-text\">Est\u00e1 por ver c\u00f3mo comienza esta nueva aventura de Marc Casad\u00f3 en A Coru\u00f1a. En Riazor, lo que s\u00ed tiene seguro es que<a class=\"ft-link ft-link--decoration\" href=\"https:\/\/www.sport.es\/es\/noticias\/futbol\/hay-dorsales-deportivo-adama-casado-133884421\" rel=\"nofollow noopener\" target=\"_blank\"> recuperar\u00e1 el dorsal n\u00famero 6<\/a> con el que casualmente se enfrent\u00f3 al D\u00e9por aquel 12 de mayo de 2024.<\/p>\n","protected":false},"excerpt":{"rendered":"All\u00e1 por el 12 de mayo del 2024, A Coru\u00f1a se levant\u00f3 nerviosa, ilusionada y con un sue\u00f1o&hellip;\n","protected":false},"author":2,"featured_media":747053,"comment_status":"","ping_status":"","sticky":false,"template":"","format":"standard","meta":{"footnotes":""},"categories":[268],"tags":[5843,2296,210,6422,168,412,25,24,280,282,20218,14482,10193,281,23,167],"class_list":["post-747052","post","type-post","status-publish","format-standard","has-post-thumbnail","category-futbol","tag-a-coruna","tag-barca","tag-barcelona","tag-depor","tag-deportes","tag-deportivo","tag-es","tag-espana","tag-football","tag-futbol","tag-marc-casado","tag-marquez","tag-riazor","tag-soccer","tag-spain","tag-sports"],"share_on_mastodon":{"url":"https:\/\/pubeurope.com\/@es\/117211698451546217","error":""},"_links":{"self":[{"href":"https:\/\/www.europesays.com\/es\/wp-json\/wp\/v2\/posts\/747052","targetHints":{"allow":["GET"]}}],"collection":[{"href":"https:\/\/www.europesays.com\/es\/wp-json\/wp\/v2\/posts"}],"about":[{"href":"https:\/\/www.europesays.com\/es\/wp-json\/wp\/v2\/types\/post"}],"author":[{"embeddable":true,"href":"https:\/\/www.europesays.com\/es\/wp-json\/wp\/v2\/users\/2"}],"replies":[{"embeddable":true,"href":"https:\/\/www.europesays.com\/es\/wp-json\/wp\/v2\/comments?post=747052"}],"version-history":[{"count":0,"href":"https:\/\/www.europesays.com\/es\/wp-json\/wp\/v2\/posts\/747052\/revisions"}],"wp:featuredmedia":[{"embeddable":true,"href":"https:\/\/www.europesays.com\/es\/wp-json\/wp\/v2\/media\/747053"}],"wp:attachment":[{"href":"https:\/\/www.europesays.com\/es\/wp-json\/wp\/v2\/media?parent=747052"}],"wp:term":[{"taxonomy":"category","embeddable":true,"href":"https:\/\/www.europesays.com\/es\/wp-json\/wp\/v2\/categories?post=747052"},{"taxonomy":"post_tag","embeddable":true,"href":"https:\/\/www.europesays.com\/es\/wp-json\/wp\/v2\/tags?post=747052"}],"curies":[{"name":"wp","href":"https:\/\/api.w.org\/{rel}","templated":true}]}}