{"id":747058,"date":"2026-09-04T07:59:29","date_gmt":"2026-09-04T07:59:29","guid":{"rendered":"https:\/\/www.europesays.com\/es\/747058\/"},"modified":"2026-09-04T07:59:29","modified_gmt":"2026-09-04T07:59:29","slug":"vive-latino-zaragoza-el-vive-latino-desvela-los-horarios-de-todos-los-conciertos-la-programacion-completa","status":"publish","type":"post","link":"https:\/\/www.europesays.com\/es\/747058\/","title":{"rendered":"Vive Latino Zaragoza | El Vive Latino desvela los horarios de todos los conciertos: la programaci\u00f3n completa"},"content":{"rendered":"<p class=\"ft-text\">El <strong>Festival Vive Latino Espa\u00f1a<\/strong>, que se celebrar\u00e1 en el recinto de la <strong>Expo de Zaragoza los pr\u00f3ximos 4 y 5 de septiembre<\/strong>, acaba de desvelar, junto al cartel que ya vio la luz hace meses, uno de sus secretos mejor guardados, la distribuci\u00f3n por escenarios de las bandas y los horarios en los que<strong> se celebrar\u00e1 cada uno de los conciertos.<\/strong><\/p>\n<p class=\"ft-text\">As\u00ed, el escenario Ambar (el m\u00e1s grande del recinto situado en la explanada del Palacio de Congresos) se abrir\u00e1 el viernes 4 de septiembre con Julieta Venegas a las 18.25 horas y despu\u00e9s pasar\u00e1n por el mismo Amaia (20.05 horas), <strong>Loquillo (22.15 horas) y Rawayana (0.50 horas),<\/strong> que cerrar\u00e1 este primer d\u00eda de este escenario.<\/p>\n<p class=\"ft-text\">Ese viernes por el Anfiteatro de la Expo pasar\u00e1n Ni\u00f1a Polaca (17.40 horas),<strong> Pignoise (19.15 horas), M-Clan (21.10 horas), Rigoberta Bandini (23.35 horas) y Modelo (02.00 horas)<\/strong> para poner el broche de oro. En el tercer escenario, el Escena VL, actuar\u00e1n el primer d\u00eda de la cita El practicante (17.15 horas), Volador (18.25 horas), El Kuelgue (20.10 horas), Ed Maverick (21.40 horas), <strong>Plastilina Mosh (23.10 horas), Sanguijuelas del Guadiana (0.30 horas) y La Chiva Gantiva (02.00 horas).<\/strong><\/p>\n<p class=\"ft-text\">La segunda jornada del Vive Latino congregar\u00e1 en el escenario grande del festival a<strong> Biznaga (18.25 horas), Guitarricadellafuente (20.05 horas),<\/strong> Sil\u00f3e (22.15 horas) y La M.O.D.A. (0.45 horas). En el Caja Rural de Arag\u00f3n (Anfiteatro de la Expo), por su parte, actuar\u00e1n Buena Vista All Stars (17.40 horas), Veintiuno (19.15 horas), <strong>Ojete Calor (21.10 horas), Ultraligera (23.30 horas)<\/strong> y La plazuela (01.55 horas).<\/p>\n<p class=\"ft-text\">Por \u00faltimo, en el escenario m\u00e1s peque\u00f1o se podr\u00e1 disfrutar de los conciertos de M\u00faltipla (17.15 horas), El verbo odiado (18.25 horas), Hermanos Mart\u00ednez (19.45 horas), Esteman y Daniela Spalla (21.10 horas), Divisi\u00f3n min\u00fascula (22.35 horas), <strong>Begut (23.50 horas), Sonido Gallo negro (01.10 horas) y Rialto DJ (02.10 horas).<\/strong><\/p>\n<p class=\"ft-text\">Las puertas del recinto abrir\u00e1n los dos d\u00edas a las 16.45 horas mientras que la <strong>hora de clausura ser\u00e1n las tres de la madrugada.<\/strong> Los pases de lucha libre mexicana ser\u00e1n a las 18.30 horas, 20.10 horas y 22.20 horas durante los dos d\u00edas.<\/p>\n<p class=\"ft-text\">Los abonos para el <a class=\"ft-link ft-link--decoration\" href=\"https:\/\/www.ticketmaster.es\/event\/festival-vive-latino-espana-2026-entradas\/1496370416?_gl=1*zdr2dh*_ga*MTcyMDY3NDEzNC4xNzg1MDg5Njg5*_ga_0EDW5KNTQG*czE3ODcxMzE3MDMkbzEkZzEkdDE3ODcxMzE3MTYkajQ3JGwwJGgw\" target=\"_blank\" rel=\"nofollow noopener\"><strong>Vive Latino se pueden comprar en Ticketmaster<\/strong><\/a> a un precio de 136 euros mientras que las entradas para cada uno de los d\u00edas tienen un precio de 85 euros.<\/p>\n<p>Un recinto sin cambios<\/p>\n<p class=\"ft-text\">Todos ellos actuar\u00e1n <strong>en los mismos tres escenarios de las ediciones anteriores,<\/strong> mientras que el acceso (con una \u00fanica puerta de entrada) seguir\u00e1 siendo el mismo. En contra de lo que se pensaba hace solo unos meses, el traslado de la televisi\u00f3n auton\u00f3mica al recinto de la Expo (se va a instalar en los &#8216;cacahuetes&#8217; sin uso) no obligar\u00e1 finalmente a cambiar la ubicaci\u00f3n de la principal zona gastron\u00f3mica. As\u00ed, la distribuci\u00f3n interna del festival no tendr\u00e1 que reorganizarse, algo que s\u00ed podr\u00eda suceder en la edici\u00f3n de 2027.<\/p>\n<p class=\"ft-text\">Sin cambios a nivel estructural y con <strong>el recinto de la Expo como ubicaci\u00f3n inmejorable,<\/strong> el Vive Latino aspira a repetir las cifras de las dos pasadas ediciones, cuando logr\u00f3 congregar a unos 38.000 asistentes en sus dos jornadas. <strong>En 2023 la cifra se situ\u00f3 en 42.995 personas (muy cerca del lleno t\u00e9cnico)<\/strong>, mientras que el primer a\u00f1o atrajo a 33.736 espectadores. El aforo volver\u00e1 a estar limitado a un m\u00e1ximo de 22.000 asistentes por d\u00eda para priorizar la comodidad.<\/p>\n<p class=\"ft-text\">En este sentido, el festival ha dado un salto de calidad en las \u00faltimas ediciones. Los tiempos de espera en las barras y en los ba\u00f1os se han reducido y apenas ha habido quejas por las filas en los estands gastron\u00f3micos a diferencia de en la primera edici\u00f3n.<\/p>\n","protected":false},"excerpt":{"rendered":"El Festival Vive Latino Espa\u00f1a, que se celebrar\u00e1 en el recinto de la Expo de Zaragoza los pr\u00f3ximos&hellip;\n","protected":false},"author":2,"featured_media":747059,"comment_status":"","ping_status":"","sticky":false,"template":"","format":"standard","meta":{"footnotes":""},"categories":[170],"tags":[132670,146,147,25,24,184,185,23],"class_list":["post-747058","post","type-post","status-publish","format-standard","has-post-thumbnail","category-musica","tag-el-vive-latino-desvela-los-horarios-de-todos-los-conciertos-la-programacion-completa","tag-entertainment","tag-entretenimiento","tag-es","tag-espana","tag-music","tag-musica","tag-spain"],"share_on_mastodon":{"url":"https:\/\/pubeurope.com\/@es\/117211717295052080","error":""},"_links":{"self":[{"href":"https:\/\/www.europesays.com\/es\/wp-json\/wp\/v2\/posts\/747058","targetHints":{"allow":["GET"]}}],"collection":[{"href":"https:\/\/www.europesays.com\/es\/wp-json\/wp\/v2\/posts"}],"about":[{"href":"https:\/\/www.europesays.com\/es\/wp-json\/wp\/v2\/types\/post"}],"author":[{"embeddable":true,"href":"https:\/\/www.europesays.com\/es\/wp-json\/wp\/v2\/users\/2"}],"replies":[{"embeddable":true,"href":"https:\/\/www.europesays.com\/es\/wp-json\/wp\/v2\/comments?post=747058"}],"version-history":[{"count":0,"href":"https:\/\/www.europesays.com\/es\/wp-json\/wp\/v2\/posts\/747058\/revisions"}],"wp:featuredmedia":[{"embeddable":true,"href":"https:\/\/www.europesays.com\/es\/wp-json\/wp\/v2\/media\/747059"}],"wp:attachment":[{"href":"https:\/\/www.europesays.com\/es\/wp-json\/wp\/v2\/media?parent=747058"}],"wp:term":[{"taxonomy":"category","embeddable":true,"href":"https:\/\/www.europesays.com\/es\/wp-json\/wp\/v2\/categories?post=747058"},{"taxonomy":"post_tag","embeddable":true,"href":"https:\/\/www.europesays.com\/es\/wp-json\/wp\/v2\/tags?post=747058"}],"curies":[{"name":"wp","href":"https:\/\/api.w.org\/{rel}","templated":true}]}}