{"id":747060,"date":"2026-09-04T08:00:18","date_gmt":"2026-09-04T08:00:18","guid":{"rendered":"https:\/\/www.europesays.com\/es\/747060\/"},"modified":"2026-09-04T08:00:18","modified_gmt":"2026-09-04T08:00:18","slug":"llega-a-netflix-la-nueva-pelicula-de-maribel-verdu-y-pedro-casablanc-una-comedia-sobre-el-team-building-para-volver-a-la-oficina","status":"publish","type":"post","link":"https:\/\/www.europesays.com\/es\/747060\/","title":{"rendered":"Llega a Netflix la nueva pel\u00edcula de Maribel Verd\u00fa y Pedro Casablanc: una comedia sobre el &#8216;team building&#8217; para volver a la oficina"},"content":{"rendered":"<p class=\"v-d-p\">Septiembre es el mes de los prop\u00f3sitos, la vuelta a la rutina y, tambi\u00e9n, de las <strong>novedades de Netflix<\/strong>. La plataforma de contenidos se propone animar las primeras semanas del curso con una oferta renovada de series y pel\u00edculas. La salida de la oficina estar\u00e1 llena de comedia, drama y misterios, como el que llega esta semana. <\/p>\n<p class=\"v-d-p\">Hablamos de <strong>&#8216;Gracias, equipo&#8217;<\/strong>, una pel\u00edcula que se estrena este mes y que promete alegrar esas tardes en las que el trabajo empieza a pesarnos de nuevo. A veces uno sue\u00f1a con volver a las vacaciones y esta historia <strong>de Zeta Studios <\/strong>es un trampol\u00edn ideal para olvidarse de las presiones de la nueva temporada de proyectos.<\/p>\n<p class=\"v-d-p\">Esta comedia ha sido creada por Adolfo Valor y Crist\u00f3bal Garrido y dirigida por Diego Nu\u00f1ez Irigoyen, que se estrena como director de largometrajes con esta historia de trabajo en equipo, convivencias y tensiones entre compa\u00f1eros de departamento. La oficina viaja a las afueras de Madrid para <strong>\u00abel mismo puto &#8216;team building&#8217; de cada a\u00f1o\u00bb<\/strong>. <\/p>\n<ul class=\"v-cmp-rld__u\">\n<li class=\"v-cmp-rld__l\">\n<p><a class=\"v-a-lnk\" href=\"http:\/\/www.abc.es\/play\/series\/acaba-llegar-netflix-visto-thriller-nordico-cinco-20260827165934-nt.html#vtm_modulosEngag=noticiasrelacionadas-cmp-uno:play:noticia:1\" data-voc-vtm-id=\"in-text-traffic\" rel=\"nofollow noopener\" target=\"_blank\"><br \/>\n<img decoding=\"async\" loading=\"lazy\" src=\"https:\/\/www.europesays.com\/es\/wp-content\/uploads\/2026\/09\/maxresdefault-kkHB--366x256@diario_abc.jpg\" class=\"v-a-img\" width=\"258\" height=\"180\" alt=\"El \u00faltimo \u00e9xito de Netflix es un thriller n\u00f3rdico de cinco episodios que te enganchar\u00e1 sin piedad\"\/><br \/>\n<\/a><\/p>\n<\/li>\n<\/ul>\n<p>\nLa fecha de estreno de &#8216;Gracias, equipo&#8217;\n<\/p>\n<p class=\"v-d-p\">Llega a Netflix el pr\u00f3ximo <strong>11 de septiembre de 2026<\/strong>, a tiempo para acompa\u00f1ar a millones de usuarios en su vuelta del verano. A continuaci\u00f3n, compartimos el tr\u00e1iler que el gigante audiovisual ha preparado para ir entrando en el tema antes de ver la pel\u00edcula completa. <\/p>\n<p>\nTr\u00e1iler y sinopsis de la nueva pel\u00edcula de Netflix\n<\/p>\n<p class=\"v-d-p\">El tr\u00e1iler da una muestra breve de lo que ser\u00e1 esta pel\u00edcula cuando llegue a la plataforma. La historia acompa\u00f1a a los trabajadores de una empresa quesera que se enfrentan a un fin de semana de construcci\u00f3n de equipo en un entorno rural. Al mismo tiempo, una ronda de despidos pone en ebullici\u00f3n las amistades, lealtades y ri\u00f1as que existen entre ellos. <\/p>\n<p class=\"v-d-p\">Netflix comparte la siguiente sinopsis: \u00ab&#8217;Gracias, equipo&#8217; cuenta la historia de <strong>la empresa T\u00edo Mochales<\/strong>, que fue, hace a\u00f1os, la reina indiscutible del queso espa\u00f1ol. Hoy es una empresa algo oxidada, que intenta mantener el tipo. Su \u00faltima gran idea: organizar <strong>un &#8216;team building&#8217; rural <\/strong>en el pueblo donde la empresa se fund\u00f3. Pero lo que deb\u00eda ser un retiro para reconectar con &#8216;los valores de siempre&#8217;, se convierte en una encerrona cuando descubren que<strong> se vienen despidos<\/strong>, y muchos. Lo que promet\u00eda ser una escapada motivacional, se convierte en una batalla campal de peloteo, traiciones y filtraciones\u00bb.<\/p>\n<p>\nEl reparto encabezado por Maribel Verd\u00fa\n<\/p>\n<p class=\"v-d-p\">Esta divertida historia de vuelta a la oficina est\u00e1 protagonizada por <a href=\"https:\/\/www.abc.es\/gente\/alexandra-jimenez-redes-sociales-opinan-escucha-20250822155358-nt.html\" title=\"\" data-voc-vtm-id=\"in-text-traffic\" data-mrf-link=\"www.abc.es\" rel=\"nofollow noopener\" target=\"_blank\">Alexandra Jim\u00e9nez<\/a> (&#8217;53 domingos&#8217;, &#8216;El inocente&#8217;), <a href=\"https:\/\/www.abc.es\/gente\/maribel-verdu-anos-mayonesa-desayuno-mermelada-pan-20260601151258-nt.html\" title=\"\" data-voc-vtm-id=\"in-text-traffic\" data-mrf-link=\"www.abc.es\" rel=\"nofollow noopener\" target=\"_blank\">Maribel Verd\u00fa<\/a> (&#8216;El problema final&#8217;, &#8216;\u00c9lite&#8217;), <a href=\"https:\/\/www.abc.es\/play\/series\/noticias\/abci-pedro-casablanc-solo-negaria-interpretar-maldad-mas-explicita-201911250049_noticia.html\" title=\"\" data-voc-vtm-id=\"in-text-traffic\" data-mrf-link=\"www.abc.es\" rel=\"nofollow noopener\" target=\"_blank\">Pedro Casablanc<\/a> (&#8216;La viuda negra&#8217;, &#8216;Salvador&#8217;) y <a href=\"https:\/\/www.abc.es\/bienestar\/alimentacion\/raul-tejon-anos-indica-alimentos-come-mantenerse-20260421112859-nt.html\" title=\"\" data-voc-vtm-id=\"in-text-traffic\" data-mrf-link=\"www.abc.es\" rel=\"nofollow noopener\" target=\"_blank\">Ra\u00fal Tej\u00f3n<\/a> (&#8216;Machos Alfa&#8217;, &#8216;Alma&#8217;). Destaca la colaboraci\u00f3n especial de <strong>Pepe Viyuela<\/strong>. <\/p>\n<p class=\"v-d-p\">Completan el reparto, Ismael Fritschi (&#8216;Infiesto&#8217;, &#8216;REC 4: Apocalipsis&#8217;), Blanca Mart\u00ednez (&#8216;Respira&#8217;, &#8216;Todas las veces que nos enamoramos&#8217;), V\u00edctor Rebull (&#8216;La reina del sur&#8217;, &#8216;Alma&#8217;) y Saturnino Garc\u00eda (&#8216;Shevernatze: Una epopeya marcha atr\u00e1s&#8217;). <\/p>\n<p class=\"v-d-p\">Netflix ofrece as\u00ed una historia divertida, en las que muchas personas se ver\u00e1n reflejadas -o a compa\u00f1eros de su trabajo-, y un reparto de estrellas para empezar septiembre con una sonrisa y algo menos de nostalgia por las vacaciones. <\/p>\n<p class=\"v-d-p\">La pel\u00edcula se estrena directamente en Netflix, sin haber pasado previamente por las salas de cine. Los usuarios de la plataforma son los \u00fanicos en disponer de este t\u00edtulo desde el d\u00eda de su estreno.<\/p>\n","protected":false},"excerpt":{"rendered":"Septiembre es el mes de los prop\u00f3sitos, la vuelta a la rutina y, tambi\u00e9n, de las novedades de&hellip;\n","protected":false},"author":2,"featured_media":747061,"comment_status":"","ping_status":"","sticky":false,"template":"","format":"standard","meta":{"footnotes":""},"categories":[169],"tags":[132671,177,146,147,25,24,176,5012,22165,175,152,795,1822,156,23,22166],"class_list":["post-747060","post","type-post","status-publish","format-standard","has-post-thumbnail","category-cine","tag-casablanc","tag-cine","tag-entertainment","tag-entretenimiento","tag-es","tag-espana","tag-film","tag-llega","tag-maribel","tag-movies","tag-netflix","tag-nueva","tag-pedro","tag-serie","tag-spain","tag-verdu"],"share_on_mastodon":{"url":"https:\/\/pubeurope.com\/@es\/117211722187412696","error":""},"_links":{"self":[{"href":"https:\/\/www.europesays.com\/es\/wp-json\/wp\/v2\/posts\/747060","targetHints":{"allow":["GET"]}}],"collection":[{"href":"https:\/\/www.europesays.com\/es\/wp-json\/wp\/v2\/posts"}],"about":[{"href":"https:\/\/www.europesays.com\/es\/wp-json\/wp\/v2\/types\/post"}],"author":[{"embeddable":true,"href":"https:\/\/www.europesays.com\/es\/wp-json\/wp\/v2\/users\/2"}],"replies":[{"embeddable":true,"href":"https:\/\/www.europesays.com\/es\/wp-json\/wp\/v2\/comments?post=747060"}],"version-history":[{"count":0,"href":"https:\/\/www.europesays.com\/es\/wp-json\/wp\/v2\/posts\/747060\/revisions"}],"wp:featuredmedia":[{"embeddable":true,"href":"https:\/\/www.europesays.com\/es\/wp-json\/wp\/v2\/media\/747061"}],"wp:attachment":[{"href":"https:\/\/www.europesays.com\/es\/wp-json\/wp\/v2\/media?parent=747060"}],"wp:term":[{"taxonomy":"category","embeddable":true,"href":"https:\/\/www.europesays.com\/es\/wp-json\/wp\/v2\/categories?post=747060"},{"taxonomy":"post_tag","embeddable":true,"href":"https:\/\/www.europesays.com\/es\/wp-json\/wp\/v2\/tags?post=747060"}],"curies":[{"name":"wp","href":"https:\/\/api.w.org\/{rel}","templated":true}]}}