{"id":747082,"date":"2026-09-04T08:16:15","date_gmt":"2026-09-04T08:16:15","guid":{"rendered":"https:\/\/www.europesays.com\/es\/747082\/"},"modified":"2026-09-04T08:16:15","modified_gmt":"2026-09-04T08:16:15","slug":"unicaja-caja-87-sevilla-final-de-la-copa-andalucia-fecha-hora-y-donde-se-puede-ver-por-television","status":"publish","type":"post","link":"https:\/\/www.europesays.com\/es\/747082\/","title":{"rendered":"Unicaja-Caja 87 Sevilla, final de la Copa Andaluc\u00eda: fecha, hora y d\u00f3nde se puede ver por televisi\u00f3n"},"content":{"rendered":"<p class=\"ft-text\"><strong>El nuevo Unicaja de Txus Vidorreta da este fin de semana su segundo paso de la pretemporada<\/strong>. Los verdes juegan este s\u00e1bado su primer amistoso en Andaluc\u00eda, <a class=\"ft-link ft-link--decoration\" href=\"https:\/\/www.laopiniondemalaga.es\/unicaja\/2026\/08\/30\/nuevo-unicaja-txus-vidorreta-estrena-pretemporada-melilla-133786629.html\" target=\"_blank\" rel=\"nofollow noopener\">tras su triunfo en Melilla del pasado fin de semana<\/a>. Los verdes se miden al <strong>Caja 87 de la Primera FEB<\/strong> (antigua LEB Oro) para jugar la final de la Copa Andaluc\u00eda.<\/p>\n<p>Los internacionales, de vuelta<\/p>\n<p class=\"ft-text\">El segundo amistoso de la \u00abera Vidorreta\u00bb contar\u00e1 con<strong> 4 altas de la primera plantilla verde y morada<\/strong> de este curso 2026\/2027. Y es que los cuatro internacionales que participaron la semana pasada en la Ventana FIBA est\u00e1n de vuelta. <strong>Alberto D\u00edaz, Willy Hernang\u00f3mez, Amine Noua y Melwin Pantzar jugar\u00e1n sus primeros minutos<\/strong> de la fase de preparaci\u00f3n. En el caso del p\u00edvot madrile\u00f1o, el internacional franc\u00e9s y el base sueco ser\u00e1, adem\u00e1s, su debut con la camiseta verde y morada.<\/p>\n<p><img decoding=\"async\" src=\"https:\/\/www.europesays.com\/es\/wp-content\/uploads\/2026\/09\/a4b727f5-b7dd-45fa-8ac8-c3c90f6d8313_alta-libre-aspect-ratio_default_0_x859y395.jpg\" width=\"1200\" height=\"829\" alt=\"Melwin Pantzar, uno de los debutantes.\" class=\"ft-helper-img-rd\" loading=\"lazy\" fetchpriority=\"auto\"\/><\/p>\n<p class=\"ft-helper-fontColor-quaternary ft-helper-fontSize-body-S ft-helper-spacer-t-xxs\">Melwin Pantzar, uno de los debutantes.  \/ Unicajab\/Photopress-Mariano Pozo<\/p>\n<p>Horario del Unicaja-Caja 87 Sevilla<\/p>\n<p class=\"ft-text\">El encuentro contra el equipo sevillano se jugar\u00e1 este<strong> s\u00e1bado, 5 de septiembre, a partir de las 20 horas<\/strong>, en el Polideportivo Vistalegre de C\u00f3rdoba. <\/p>\n<p>\u00bfD\u00f3nde se podr\u00e1 ver por TV?<\/p>\n<p class=\"ft-text\">El encuentro entre cajistas y sevillanos<a class=\"ft-link ft-link--decoration\" href=\"https:\/\/www.laopiniondemalaga.es\/unicaja\/2026\/09\/01\/final-copa-unicaja-andalucia-tv-133835273.html\" target=\"_blank\" rel=\"nofollow noopener\"> se ver\u00e1 en directo a trav\u00e9s de las c\u00e1maras de <\/a><a class=\"ft-link ft-link--decoration\" href=\"https:\/\/www.laopiniondemalaga.es\/unicaja\/2026\/09\/01\/final-copa-unicaja-andalucia-tv-133835273.html\" target=\"_blank\" rel=\"nofollow noopener\"><strong>Andaluc\u00eda Televisi\u00f3n<\/strong><\/a><a class=\"ft-link ft-link--decoration\" href=\"https:\/\/www.laopiniondemalaga.es\/unicaja\/2026\/09\/01\/final-copa-unicaja-andalucia-tv-133835273.html\" target=\"_blank\" rel=\"nofollow noopener\">.<\/a> Una vez acabe el duelo, se podr\u00e1n leer en el <a class=\"ft-link ft-link--decoration\" href=\"https:\/\/www.laopiniondemalaga.es\/unicaja\/\" target=\"_blank\" rel=\"nofollow noopener\">sitio web de La Opini\u00f3n de M\u00e1laga<\/a> la cr\u00f3nica del partido y se podr\u00e1n consultar las estad\u00edsticas.<\/p>\n","protected":false},"excerpt":{"rendered":"El nuevo Unicaja de Txus Vidorreta da este fin de semana su segundo paso de la pretemporada. Los&hellip;\n","protected":false},"author":2,"featured_media":747083,"comment_status":"","ping_status":"","sticky":false,"template":"","format":"standard","meta":{"footnotes":""},"categories":[269],"tags":[42868,259,299,298,8221,2493,2760,168,25,24,1058,1171,23,167,807,2246],"class_list":["post-747082","post","type-post","status-publish","format-standard","has-post-thumbnail","category-baloncesto","tag-42868","tag-andalucia","tag-baloncesto","tag-basketball","tag-caja","tag-copa","tag-cordoba","tag-deportes","tag-es","tag-espana","tag-final","tag-sevilla","tag-spain","tag-sports","tag-television","tag-unicaja"],"share_on_mastodon":{"url":"https:\/\/pubeurope.com\/@es\/117211785033644658","error":""},"_links":{"self":[{"href":"https:\/\/www.europesays.com\/es\/wp-json\/wp\/v2\/posts\/747082","targetHints":{"allow":["GET"]}}],"collection":[{"href":"https:\/\/www.europesays.com\/es\/wp-json\/wp\/v2\/posts"}],"about":[{"href":"https:\/\/www.europesays.com\/es\/wp-json\/wp\/v2\/types\/post"}],"author":[{"embeddable":true,"href":"https:\/\/www.europesays.com\/es\/wp-json\/wp\/v2\/users\/2"}],"replies":[{"embeddable":true,"href":"https:\/\/www.europesays.com\/es\/wp-json\/wp\/v2\/comments?post=747082"}],"version-history":[{"count":0,"href":"https:\/\/www.europesays.com\/es\/wp-json\/wp\/v2\/posts\/747082\/revisions"}],"wp:featuredmedia":[{"embeddable":true,"href":"https:\/\/www.europesays.com\/es\/wp-json\/wp\/v2\/media\/747083"}],"wp:attachment":[{"href":"https:\/\/www.europesays.com\/es\/wp-json\/wp\/v2\/media?parent=747082"}],"wp:term":[{"taxonomy":"category","embeddable":true,"href":"https:\/\/www.europesays.com\/es\/wp-json\/wp\/v2\/categories?post=747082"},{"taxonomy":"post_tag","embeddable":true,"href":"https:\/\/www.europesays.com\/es\/wp-json\/wp\/v2\/tags?post=747082"}],"curies":[{"name":"wp","href":"https:\/\/api.w.org\/{rel}","templated":true}]}}