{"id":747102,"date":"2026-09-04T08:28:34","date_gmt":"2026-09-04T08:28:34","guid":{"rendered":"https:\/\/www.europesays.com\/es\/747102\/"},"modified":"2026-09-04T08:28:34","modified_gmt":"2026-09-04T08:28:34","slug":"jaecoo-8-shs-probamos-a-fondo-el-suv-de-los-428-cv-y-otras-cifras-magicas","status":"publish","type":"post","link":"https:\/\/www.europesays.com\/es\/747102\/","title":{"rendered":"Jaecoo 8 SHS: Probamos a fondo el SUV de los 428 CV y otras cifras m\u00e1gicas"},"content":{"rendered":"<p data-journey-content=\"true\" data-node-id=\"4\" class=\"css-1ood0zq emevuu60\">El 8 no es un n\u00famero ordinal sin m\u00e1s. Se trata de una cifra, par, que simboliza el infinito y es la \u00fanica cantidad cuyo cubo es igual al cuadrado si se eleva a la potencia correspondiente (gracias por la informaci\u00f3n, Google). Tambi\u00e9n representa al conjunto de las notas musicales y hasta las personas que se salvaron en el Arca de No\u00e9, por poner unos ejemplos.<\/p>\n<p data-journey-content=\"true\" data-node-id=\"10\" class=\"css-1ood0zq emevuu60\">Pero es en la cultura china donde este d\u00edgito adquiere un significado distinto al del resto del mundo, ya que representa la buena suerte y la riqueza. Para entender la importancia que all\u00ed tiene el 8 hay que remontarse a la ceremonia de apertura de las Olimpiadas de Pek\u00edn de 2008, celebrada el d\u00eda 8 del mes 8 a las 8 horas y 8 minutos.<\/p>\n<p data-journey-content=\"true\" data-node-id=\"14\" class=\"css-1ood0zq emevuu60\">As\u00ed que si el fabricante chino Jaecoo utiliza este n\u00famero para designar a su todocamino m\u00e1s grande, tecnol\u00f3gico y lujoso es porque es lo m\u00e1s grande, tecnol\u00f3gico y lujoso que han hecho\u2026 hasta la fecha. <strong data-node-id=\"14.1\">El Jaecoo 8 SHS h\u00edbrido enchufable es de los SUV m\u00e1s elegantes del mercado<\/strong>, con los argumentos necesarios para rivalizar con los representantes de las casas pr\u00e9mium europeas, alemanas principalmente, por 30.000 euros menos a igualdad de tama\u00f1o, motorizaci\u00f3n y acabado.<\/p>\n<p><img draggable=\"true\" alt=\"jaecoo 8 shs\" title=\"jaecoo 8 shs\" loading=\"lazy\" width=\"8256\" height=\"5504\" decoding=\"async\" data-nimg=\"1\" style=\"color:transparent;width:100%;height:auto;\"   src=\"https:\/\/www.europesays.com\/es\/wp-content\/uploads\/2026\/09\/1788510505_331_f9f46e12-31e6-470d-941e-6fac42d1cb3e.jpg\" class=\"css-0 e1ddfba50\"\/><\/p>\n<p>Christian Colmenero\/\/Car and Driver<\/p>\n<p><strong data-node-id=\"16.0\">Estudiado al mil\u00edmetro<\/strong><\/p>\n<p data-journey-content=\"true\" data-node-id=\"20\" class=\"css-1ood0zq emevuu60\">No hay que quedarse s\u00f3lo con el precio del <a href=\"https:\/\/www.caranddriver.com\/es\/coches\/novedades\/a41414368\/jaecoo-8\/\" target=\"_blank\" data-vars-ga-outbound-link=\"https:\/\/www.caranddriver.com\/es\/coches\/novedades\/a41414368\/jaecoo-8\/\" data-vars-ga-ux-element=\"Hyperlink\" data-vars-ga-call-to-action=\"Jaecoo 8 SHS\" data-node-id=\"20.1\" class=\"body-link css-1jjwy84 emevuu60\" rel=\"nofollow noopener\">Jaecoo 8 SHS<\/a> como carta de presentaci\u00f3n, aunque eso le hace ganar atractivo (y mucho). Su mera presencia en la calle genera curiosidad a los viandantes y al resto de conductores, que se quedan mirando las formas de su carrocer\u00eda.<\/p>\n<p><img draggable=\"true\" alt=\"jaecoo 8 shs\" title=\"jaecoo 8 shs\" loading=\"lazy\" width=\"8120\" height=\"5414\" decoding=\"async\" data-nimg=\"1\" style=\"color:transparent;width:100%;height:auto;\"   src=\"https:\/\/www.europesays.com\/es\/wp-content\/uploads\/2026\/09\/d0d974bf-52e8-41d1-ab0d-eb01059661e6.jpg\" class=\"css-0 e1ddfba50\"\/><\/p>\n<p>Christian Colmenero\/\/Car and Driver<\/p>\n<p data-journey-content=\"true\" data-node-id=\"25\" class=\"css-1ood0zq emevuu60\">Las llantas multirradio de 20 pulgadas combinan magistralmente con la iluminaci\u00f3n coast to coast posterior, como tambi\u00e9n la proporci\u00f3n lateral, con una liger\u00edsima ca\u00edda coup\u00e9 que no afecta a la habitabilidad, que es otro de sus puntos fuertes, con dos filas de asientos de serie y una tercera opcional.<\/p>\n<p><img draggable=\"true\" alt=\"jaecoo 8 shs\" title=\"jaecoo 8 shs\" loading=\"lazy\" width=\"7732\" height=\"5154\" decoding=\"async\" data-nimg=\"1\" style=\"color:transparent;width:100%;height:auto;\"   src=\"https:\/\/www.europesays.com\/es\/wp-content\/uploads\/2026\/09\/8203284a-7622-4452-8e54-1a03b5bcaaf9.jpg\" class=\"css-0 e1ddfba50\"\/><\/p>\n<p>Christian Colmenero\/\/Car and Driver<\/p>\n<p data-journey-content=\"true\" data-node-id=\"30\" class=\"css-1ood0zq emevuu60\">Aunque el elemento del exterior que acapara todas las miradas es la gran parrilla laminada, escoltada por dos faros con iluminaci\u00f3n integral LED. Por esta boca pasa el aire que necesita el motor de gasolina de cuatro cilindros y 143 caballos y sirve, adem\u00e1s, para refrigerar las unidades el\u00e9ctricas que trabajan junto a este 1.5 turbo.<\/p>\n<p><img draggable=\"true\" alt=\"jaecoo 8 shs\" title=\"jaecoo 8 shs\" loading=\"lazy\" width=\"7865\" height=\"5243\" decoding=\"async\" data-nimg=\"1\" style=\"color:transparent;width:100%;height:auto;\"   src=\"https:\/\/www.europesays.com\/es\/wp-content\/uploads\/2026\/09\/c86e49f1-0354-4eee-8b67-fb30adf40057.jpg\" class=\"css-0 e1ddfba50\"\/><\/p>\n<p>Christian Colmenero\/\/Car and Driver<\/p>\n<p data-journey-content=\"true\" data-node-id=\"35\" class=\"css-1ood0zq emevuu60\"><strong data-node-id=\"35.0\">En total, 428 caballos que se obtienen del bloque de combusti\u00f3n, de dos motores el\u00e9ctricos delanteros (122 y 102 caballos) y uno trasero (238 caballos), los tres alimentados por una bater\u00eda de gran capacidad (34,5 kWh).<\/strong> Esta pila tiene una capacidad de 34,5 kW y est\u00e1 fabricada por CATL, uno de los mayores especialistas del mundo. Viene con funci\u00f3n V2L para dar energ\u00eda a una bicicleta el\u00e9ctrica o un ordenador y admite cargas de hasta 6,6 kW en corriente alterna y de hasta 70 kW en continua. Jaecoo dice que esta pila tiene una certificaci\u00f3n IP68, por lo que est\u00e1 protegida del agua en caso de enfrentarse a un vadeo.<\/p>\n<p><img draggable=\"true\" alt=\"jaecoo 8 shs\" title=\"jaecoo 8 shs\" loading=\"lazy\" width=\"7015\" height=\"4676\" decoding=\"async\" data-nimg=\"1\" style=\"color:transparent;width:100%;height:auto;\"   src=\"https:\/\/www.europesays.com\/es\/wp-content\/uploads\/2026\/09\/0d2cd581-5514-41e3-ac35-43ef8c4ace98.jpg\" class=\"css-0 e1ddfba50\"\/><\/p>\n<p>Christian Colmenero\/\/Car and Driver<\/p>\n<p>M\u00e1ximo placer<\/p>\n<p data-journey-content=\"true\" data-node-id=\"41\" class=\"css-1ood0zq emevuu60\">Pero volvamos a los detalles especiales del Jaecoo 8 antes de entrar en la parte din\u00e1mica. Es el caso de las manetas de las puertas, retr\u00e1ctiles, que mejoran la aerodin\u00e1mica y, de paso, la est\u00e9tica. Cuando tiras de las manetas, accedes a un interior en el que no hay ning\u00fan rinc\u00f3n \u2018desnudo\u2019 o con un pl\u00e1stico descuidado, ni siquiera detr\u00e1s, que es lo habitual. <strong data-node-id=\"41.1\">Todo est\u00e1 rematado o recubierto de material mullido, lo que eleva la percepci\u00f3n de calidad.<\/strong><\/p>\n<p><img draggable=\"true\" alt=\"jaecoo 8 shs\" title=\"jaecoo 8 shs\" loading=\"lazy\" width=\"8256\" height=\"5504\" decoding=\"async\" data-nimg=\"1\" style=\"color:transparent;width:100%;height:auto;\"   src=\"https:\/\/www.europesays.com\/es\/wp-content\/uploads\/2026\/09\/fd5b7156-151f-4125-af86-84e2a0009244.jpg\" class=\"css-0 e1ddfba50\"\/><\/p>\n<p>Christian Colmenero\/\/Car and Driver<\/p>\n<p data-journey-content=\"true\" data-node-id=\"46\" class=\"css-1ood0zq emevuu60\">Sucede tambi\u00e9n con los asientos, creados para que los pasajeros disfruten de viajes en primera clase. Unas butacas elevadas respecto a otros turismos, tapizadas en cuero, calefactadas y ventiladas y hasta con funci\u00f3n masaje y con altavoces incorporados en el reposacabezas en el caso del conductor.<strong data-node-id=\"46.1\"> En la parte posterior, el espacio que existe es sensacional para adultos y aumenta con la luminosidad que ofrece el gran techo panor\u00e1mico con cortina, de serie.<\/strong><\/p>\n<p><img draggable=\"true\" alt=\"jaecoo 8 shs\" title=\"jaecoo 8 shs\" loading=\"lazy\" width=\"5498\" height=\"8246\" decoding=\"async\" data-nimg=\"1\" style=\"color:transparent;width:100%;height:auto;\"   src=\"https:\/\/www.europesays.com\/es\/wp-content\/uploads\/2026\/09\/ccc63cb9-470d-433a-becb-2e91f51ae229.jpg\" class=\"css-0 e1ddfba50\"\/><\/p>\n<p>Christian Colmenero\/\/Car and Driver<\/p>\n<p><img draggable=\"true\" alt=\"jaecoo 8 shs\" title=\"jaecoo 8 shs\" loading=\"lazy\" width=\"5504\" height=\"8256\" decoding=\"async\" data-nimg=\"1\" style=\"color:transparent;width:100%;height:auto;\"   src=\"https:\/\/www.europesays.com\/es\/wp-content\/uploads\/2026\/09\/466e4042-d533-4919-8a58-a823970a259a.jpg\" class=\"css-0 e1ddfba50\"\/><\/p>\n<p>Christian Colmenero\/\/Car and Driver<\/p>\n<p data-journey-content=\"true\" data-node-id=\"51\" class=\"css-1ood0zq emevuu60\">Ese aspecto de alt\u00edsimo nivel viene acompa\u00f1ado por la construcci\u00f3n s\u00f3lida del salpicadero y una consola central de tipo flotante en la que hay soluciones inteligentes como una doble base de carga inal\u00e1mbrica, un selector circular que da acceso a los modos de conducci\u00f3n y uno doble para cambiar de modo EV (el\u00e9ctrico) a (h\u00edbrido) y viceversa, entre otros.<\/p>\n<p><img draggable=\"true\" alt=\"jaecoo 8 shs\" title=\"jaecoo 8 shs\" loading=\"lazy\" width=\"8256\" height=\"5504\" decoding=\"async\" data-nimg=\"1\" style=\"color:transparent;width:100%;height:auto;\"   src=\"https:\/\/www.europesays.com\/es\/wp-content\/uploads\/2026\/09\/e94bf22e-d46b-45f9-9b67-86da8b408bb2.jpg\" class=\"css-0 e1ddfba50\"\/><\/p>\n<p>Christian Colmenero\/\/Car and Driver<\/p>\n<p data-journey-content=\"true\" data-node-id=\"56\" class=\"css-1ood0zq emevuu60\">El resto se maneja a trav\u00e9s de la pantalla multimedia, desde la que tambi\u00e9n se desconectan algunas de las ayudas a la conducci\u00f3n que interfieren en la marcha por ser demasiado precavidas. <strong data-node-id=\"56.1\">Basta deslizar el dedo de arriba abajo en cualquier men\u00fa para que salga esta funci\u00f3n. Mide 12,3 pulgadas, lo mismo que la del cuadro de mandos. <\/strong>Ambas est\u00e1n ligeramente separadas, pero unidas bajo un mismo m\u00f3dulo. No existen apenas botones y todo se maneja desde el infoentretenimiento, que es r\u00e1pido al contar con un chip Qualcomm 8155. Apenas existen botones y todo se maneja desde el infoentretenimiento, que es r\u00e1pido al contar con un chip Qualcomm 8155. <\/p>\n<p><strong data-node-id=\"57.0\">Una palabra: bienestar<\/strong><\/p>\n<p data-journey-content=\"true\" data-node-id=\"61\" class=\"css-1ood0zq emevuu60\">El Jaecoo 8 SHS ofrece una experiencia de conducci\u00f3n agradable desde el mismo momento que lo arrancamos, cosa que hace como un el\u00e9ctrico moderno; basta pisar el freno para que todo se ponga en funcionamiento (se apaga cerrando literalmente el coche). A baja velocidad ya se aprecia un aislamiento ac\u00fastico de primer nivel gracias a soluciones como las ventanillas dobles y es en autopista donde este veh\u00edculo se muestra como lo que en verdad es: un SUV de lujo ultraconfortable.<\/p>\n<p><img draggable=\"true\" alt=\"jaecoo 8 shs\" title=\"jaecoo 8 shs\" loading=\"lazy\" width=\"8076\" height=\"5384\" decoding=\"async\" data-nimg=\"1\" style=\"color:transparent;width:100%;height:auto;\"   src=\"https:\/\/www.europesays.com\/es\/wp-content\/uploads\/2026\/09\/9a78563b-f7ab-4ac5-aa12-041073ebdc2d.jpg\" class=\"css-0 e1ddfba50\"\/><\/p>\n<p>Christian Colmenero\/\/Car and Driver<\/p>\n<p data-journey-content=\"true\" data-node-id=\"66\" class=\"css-1ood0zq emevuu60\">La suspensi\u00f3n electromagn\u00e9tica, que recurre a un esquema McPherson delante y a un multibrazo detr\u00e1s, se acompa\u00f1a de una amortiguaci\u00f3n de dureza variable que, aun seleccionando la posici\u00f3n m\u00e1s firme, sigue haciendo de este Jaecoo un todocamino suave y c\u00f3modo para circular. Y en caso de salir a pistas, entra en funcionamiento el bloqueo de diferencial trasero para sortear obst\u00e1culos, de serie.<\/p>\n<p><img draggable=\"true\" alt=\"jaecoo 8 shs\" title=\"jaecoo 8 shs\" loading=\"lazy\" width=\"7858\" height=\"5239\" decoding=\"async\" data-nimg=\"1\" style=\"color:transparent;width:100%;height:auto;\"   src=\"https:\/\/www.europesays.com\/es\/wp-content\/uploads\/2026\/09\/2da271ac-bd78-42af-8867-f191161afbd3.jpg\" class=\"css-0 e1ddfba50\"\/><\/p>\n<p>Christian Colmenero\/\/Car and Driver<\/p>\n<p data-journey-content=\"true\" data-node-id=\"71\" class=\"css-1ood0zq emevuu60\">Pero es que, a nivel de autonom\u00eda, este gran SUV logra unas cifras que en papel parece imposible que alcance un veh\u00edculo de 4,82 metros de largo y 2,3 toneladas gracias a la tecnolog\u00eda h\u00edbrida enchufable SHS (Super Hybrid System) desarrollada por Omoda &amp; Jaecoo, que ha permitido a la marca en menos de dos a\u00f1os estar entre las tres que m\u00e1s PHEV vende en Espa\u00f1a. <strong data-node-id=\"71.1\">Cuando la bater\u00eda est\u00e1 cargada al 100%, es posible rodar m\u00e1s de 100 kil\u00f3metros reales sin gastar gasolina y, llegado el momento, existen otros 800 kil\u00f3metros en la rec\u00e1mara gracias a un tanque de 70 litros de gasolina.<\/strong> La electricidad y el carburante son necesarios para los 428 caballos disponibles bajo el acelerador, que empujan hasta demostrar que este Jaecoo 8 SHS es capaz de ofrecer prestaciones de compacto deportivo y mucha eficiencia en una carrocer\u00eda pensada para viajar pl\u00e1cidamente en familia.<\/p>\n<p><strong data-node-id=\"73.0\">Ficha t\u00e9cnica Jaecoo 8 SHS<\/strong><\/p>\n<ul data-node-id=\"74\" class=\"css-119vjyh emevuu60\">\n<li data-node-id=\"74.0\">Precio: desde 44.990 euros (Incluye promociones vinculadas a la financiaci\u00f3n y Programa Auto+)<\/li>\n<li data-node-id=\"74.1\">Largo\/ancho\/alto: 4,82\/1,93\/1,71 metros <\/li>\n<li data-node-id=\"74.2\">Maletero: 200-738 litros <\/li>\n<li data-node-id=\"74.3\">Peso: 2.685 kg <\/li>\n<li data-node-id=\"74.4\">Transmisi\u00f3n: integral, autom\u00e1tica de 3 velocidades <\/li>\n<li data-node-id=\"74.5\">Potencia: 428 CV <\/li>\n<li data-node-id=\"74.6\">Bater\u00eda: 34,5 kWh <\/li>\n<li data-node-id=\"74.7\">Par motor: 580 Nm <\/li>\n<li data-node-id=\"74.8\">0-100 km\/h: 5,8 segundos <\/li>\n<li data-node-id=\"74.9\">Velocidad m\u00e1xima: 180 km\/h <\/li>\n<li data-node-id=\"74.10\">Consumo: 2,1 kWh\/100 km <\/li>\n<li data-node-id=\"74.11\">Autonom\u00eda el\u00e9ctrica: 134 km<\/li>\n<\/ul>\n<p>Jaecoo 8 SHS prueba a fondo &#8211; fotos<img  alt=\"jaecoo 8 shs\" src=\"https:\/\/www.europesays.com\/es\/wp-content\/uploads\/2026\/09\/13330740-830d-47c7-bf46-eb6e125846b2.jpg\" title=\"jaecoo 8 shs\" width=\"7853\" height=\"5235\" decoding=\"async\" loading=\"lazy\"\/>Ver Fotos<img decoding=\"async\" data-dynamic-svg=\"true\" src=\"https:\/\/www.caranddriver.com\/_assets\/design-tokens\/fre\/static\/icons\/arrow-right.7440adc.svg?primary=%2523ffffff\" loading=\"lazy\" data-testid=\"dynamic-svg-base\" height=\"auto\" width=\"100%\" alt=\"\" title=\"Black right arrow\" role=\"img\" class=\"css-isk7jr e1jtuqk16\"\/><strong data-node-id=\"76.0\">Opini\u00f3n Jaecoo 8<\/strong><\/p>\n<ul data-node-id=\"77\" class=\"css-119vjyh emevuu60\">\n<li data-node-id=\"77.0\">A favor: relaci\u00f3n precio-equipamiento sin igual. Imagen de lujo. Calidad de fabricaci\u00f3n. Espacio interior real para una familia<\/li>\n<li data-node-id=\"77.1\">En contra: pantalla multimedia peque\u00f1a. Sin apenas botones f\u00edsicos. Insistencia de las ADAS<\/li>\n<\/ul>\n<p data-journey-content=\"true\" data-node-id=\"81\" class=\"css-1ood0zq emevuu60\"><strong data-node-id=\"81.0\">*Esta prueba ha sido extra\u00edda del n\u00famero 337 de Car and Driver. Tienes un completo an\u00e1lisis en ese ejemplar.<\/strong><\/p>\n","protected":false},"excerpt":{"rendered":"El 8 no es un n\u00famero ordinal sin m\u00e1s. Se trata de una cifra, par, que simboliza el&hellip;\n","protected":false},"author":2,"featured_media":747103,"comment_status":"","ping_status":"","sticky":false,"template":"","format":"standard","meta":{"footnotes":""},"categories":[80],"tags":[82,95,94,25,24,12719,975,23],"class_list":["post-747102","post","type-post","status-publish","format-standard","has-post-thumbnail","category-economia","tag-business","tag-economia","tag-economy","tag-es","tag-espana","tag-print","tag-seo","tag-spain"],"share_on_mastodon":{"url":"https:\/\/pubeurope.com\/@es\/117211832318143179","error":""},"_links":{"self":[{"href":"https:\/\/www.europesays.com\/es\/wp-json\/wp\/v2\/posts\/747102","targetHints":{"allow":["GET"]}}],"collection":[{"href":"https:\/\/www.europesays.com\/es\/wp-json\/wp\/v2\/posts"}],"about":[{"href":"https:\/\/www.europesays.com\/es\/wp-json\/wp\/v2\/types\/post"}],"author":[{"embeddable":true,"href":"https:\/\/www.europesays.com\/es\/wp-json\/wp\/v2\/users\/2"}],"replies":[{"embeddable":true,"href":"https:\/\/www.europesays.com\/es\/wp-json\/wp\/v2\/comments?post=747102"}],"version-history":[{"count":0,"href":"https:\/\/www.europesays.com\/es\/wp-json\/wp\/v2\/posts\/747102\/revisions"}],"wp:featuredmedia":[{"embeddable":true,"href":"https:\/\/www.europesays.com\/es\/wp-json\/wp\/v2\/media\/747103"}],"wp:attachment":[{"href":"https:\/\/www.europesays.com\/es\/wp-json\/wp\/v2\/media?parent=747102"}],"wp:term":[{"taxonomy":"category","embeddable":true,"href":"https:\/\/www.europesays.com\/es\/wp-json\/wp\/v2\/categories?post=747102"},{"taxonomy":"post_tag","embeddable":true,"href":"https:\/\/www.europesays.com\/es\/wp-json\/wp\/v2\/tags?post=747102"}],"curies":[{"name":"wp","href":"https:\/\/api.w.org\/{rel}","templated":true}]}}