{"id":747104,"date":"2026-09-04T08:29:13","date_gmt":"2026-09-04T08:29:13","guid":{"rendered":"https:\/\/www.europesays.com\/es\/747104\/"},"modified":"2026-09-04T08:29:13","modified_gmt":"2026-09-04T08:29:13","slug":"el-balance-de-casi-cuatro-anos-de-meloni-en-italia-el-gobierno-mas-longevo-desde-la-posguerra-el-pais-expres","status":"publish","type":"post","link":"https:\/\/www.europesays.com\/es\/747104\/","title":{"rendered":"El balance de casi cuatro a\u00f1os de Meloni en Italia, el Gobierno m\u00e1s longevo desde la posguerra | El PA\u00cdS Expr\u00e9s"},"content":{"rendered":"<p><img alt=\"\" decoding=\"auto\" class=\"_re  a_m-h\" height=\"414\"  width=\"414\"  src=\"https:\/\/www.europesays.com\/es\/wp-content\/uploads\/2026\/09\/GSWHFMCSCVCEHGPYAAKSG4MPEM.JPG\" loading=\"eager\" fetchpriority=\"low\"\/>FILE PHOTO: Leader of Brothers of Italy Giorgia Meloni holds a sign at the party&#8217;s election night headquarters, in Rome, Italy September 26, 2022. REUTERS\/Guglielmo Mangiapane\/File PhotoFOTO: Guglielmo Mangiapane (REUTERS)<\/p>\n<p class=\"\">El Gobierno de Giorgia Meloni ya es el m\u00e1s longevo de Italia desde la ca\u00edda de Mussolini. La mandataria de ultraderecha suma 1.413 d\u00edas (tres a\u00f1os y 10 meses y medio) como primera ministra de un pa\u00eds que llevaba d\u00e9cadas acumulando una media de cambio de gobierno cada seis meses. <\/p>\n<ul>\n<li>Supera as\u00ed al segundo Ejecutivo que dirigi\u00f3 Berlusconi entre 2001 y 2005, aunque en realidad sigui\u00f3 un a\u00f1o m\u00e1s con un cambio de gabinete, pero t\u00e9cnicamente ya era otro Gobierno. <\/li>\n<\/ul>\n<p class=\"\"><b>Su balance, en cambio, es m\u00e1s bien pobre.<\/b> En todo este tiempo, y habiendo tenido m\u00e1s posibilidades que nadie hasta ahora para acometer grandes reformas, todos los grandes proyectos de Meloni para transformar el pa\u00eds han naufragado.<\/p>\n<ul>\n<li>Ha abandonado el federalismo, su reforma de la justicia fue rechazada en marzo en un refer\u00e9ndum y tampoco ha reformado las pensiones ni ha bajado los impuestos, como prometi\u00f3.<\/li>\n<li>Adem\u00e1s, en pol\u00edtica exterior ha sido desde\u00f1ada por Donald Trump, la figura internacional que ella laureaba.<\/li>\n<\/ul>\n<p class=\"\"><b>Pero habr\u00e1 celebraci\u00f3n.<\/b> Meloni ha convocado un acto multitudinario en Bari, al sur de Italia, bajo el lema \u201cEl Gobierno m\u00e1s estable, la Italia m\u00e1s fuerte\u201d. El mensaje a sus votantes es que necesitar\u00e1 otros cinco a\u00f1os.<\/p>\n<p class=\"\">\u00a9Foto: Guglielmo Mangiapane (Reuters)<\/p>\n<p class=\"\"><a href=\"https:\/\/elpais.com\/internacional\/2026-09-04\/el-gobierno-de-meloni-ya-es-el-mas-longevo-de-italia-pero-poco-mas-puede-celebrar.html\" target=\"_self\" rel=\"nofollow noopener\" title=\"https:\/\/elpais.com\/internacional\/2026-09-04\/el-gobierno-de-meloni-ya-es-el-mas-longevo-de-italia-pero-poco-mas-puede-celebrar.html\">Si quieres saber m\u00e1s, puedes leer aqu\u00ed.<\/a><\/p>\n","protected":false},"excerpt":{"rendered":"FILE PHOTO: Leader of Brothers of Italy Giorgia Meloni holds a sign at the party&#8217;s election night headquarters,&hellip;\n","protected":false},"author":2,"featured_media":747105,"comment_status":"","ping_status":"","sticky":false,"template":"","format":"standard","meta":{"footnotes":""},"categories":[42],"tags":[17,18,13,14,14655,582,11,61,62,63,64,628,19,20,9,10,15,16,76835,12,21,22,65,66,67],"class_list":["post-747104","post","type-post","status-publish","format-standard","has-post-thumbnail","category-internacional","tag-breaking-news","tag-breakingnews","tag-featured-news","tag-featurednews","tag-giorgia-meloni","tag-gobierno","tag-headlines","tag-internacional","tag-international","tag-international-news","tag-internationalnews","tag-italia","tag-latest-news","tag-latestnews","tag-news","tag-noticias","tag-noticias-destacadas","tag-noticiasdestacadas","tag-reformas-politicas","tag-titulares","tag-ultimas-noticias","tag-ultimasnoticias","tag-world","tag-world-news","tag-worldnews"],"share_on_mastodon":{"url":"","error":""},"_links":{"self":[{"href":"https:\/\/www.europesays.com\/es\/wp-json\/wp\/v2\/posts\/747104","targetHints":{"allow":["GET"]}}],"collection":[{"href":"https:\/\/www.europesays.com\/es\/wp-json\/wp\/v2\/posts"}],"about":[{"href":"https:\/\/www.europesays.com\/es\/wp-json\/wp\/v2\/types\/post"}],"author":[{"embeddable":true,"href":"https:\/\/www.europesays.com\/es\/wp-json\/wp\/v2\/users\/2"}],"replies":[{"embeddable":true,"href":"https:\/\/www.europesays.com\/es\/wp-json\/wp\/v2\/comments?post=747104"}],"version-history":[{"count":0,"href":"https:\/\/www.europesays.com\/es\/wp-json\/wp\/v2\/posts\/747104\/revisions"}],"wp:featuredmedia":[{"embeddable":true,"href":"https:\/\/www.europesays.com\/es\/wp-json\/wp\/v2\/media\/747105"}],"wp:attachment":[{"href":"https:\/\/www.europesays.com\/es\/wp-json\/wp\/v2\/media?parent=747104"}],"wp:term":[{"taxonomy":"category","embeddable":true,"href":"https:\/\/www.europesays.com\/es\/wp-json\/wp\/v2\/categories?post=747104"},{"taxonomy":"post_tag","embeddable":true,"href":"https:\/\/www.europesays.com\/es\/wp-json\/wp\/v2\/tags?post=747104"}],"curies":[{"name":"wp","href":"https:\/\/api.w.org\/{rel}","templated":true}]}}