{"id":747116,"date":"2026-09-04T08:40:30","date_gmt":"2026-09-04T08:40:30","guid":{"rendered":"https:\/\/www.europesays.com\/es\/747116\/"},"modified":"2026-09-04T08:40:30","modified_gmt":"2026-09-04T08:40:30","slug":"el-baloncesto-valnalon-apuesta-por-nuevos-retos-crea-un-equipo-de-padres-y-madres-para-esta-temporada","status":"publish","type":"post","link":"https:\/\/www.europesays.com\/es\/747116\/","title":{"rendered":"El Baloncesto Val&#8217;Nal\u00f3n apuesta por nuevos retos: crea un equipo de padres y madres para esta temporada"},"content":{"rendered":"<p class=\"ft-text ft-helper-closenews\">El <strong>equipo de baloncesto langreano, Asociaci\u00f3n Cultural y Deportiva (ACD) Val&#8217;Nal\u00f3n<\/strong>, sigue impulsando la pr\u00e1ctica el baloncesto en la Cuenca del Nal\u00f3n con <strong>nuevos desaf\u00edos. Lo hace<\/strong> con una iniciativa muy especial. El club <strong>ha creado un equipo de padres y madres<\/strong>, que llevar\u00e1 \u00abla pasi\u00f3n por el baloncesto a toda la familia\u00bb, y que se pondr\u00e1 en marcha de cara al arranque de esta temporada.<\/p>\n<p class=\"ft-text\">Con esta propuesta, el ACD Val&#8217;Nal\u00f3n busca \u00abseguir ampliando la familia del baloncesto\u00bb, dando a conocer este deporte. Esta es una de las novedades para la nueva temporada, tras una campa\u00f1a 2025-2026 que se <strong>cerr\u00f3 con \u00abun balance extraordinario,<\/strong> que demuestra el alto nivel de sus canteranos\u00bb. Cinco equipos disputaron las fases de cruces por el t\u00edtulo regional, tres de ellos se metieron en la disputa de la \u00abFinal Four\u00bb y el palmar\u00e9s se coron\u00f3 con \u00abdos brillantes subcampeonatos y un meritorio tercer puesto\u00bb. <\/p>\n<p>Categor\u00edas<\/p>\n<p class=\"ft-text\">La entidad cuenta actualmente con un volumen cercano a las 150 fichas y una estructura que abarca un total de <strong>12 equipos, \u00abcon representaci\u00f3n en absolutamente todas las categor\u00edas de formaci\u00f3n\u00bb<\/strong>. Estos incluyen desde los m\u00e1s peque\u00f1os de \u00abBabybasket\u00bb hasta un equipo Senior Femenino, \u00abreferente \u00fanico de la modalidad federada en el valle\u00bb. Los resultados demuestran que \u00abel Val&#8217;Nal\u00f3n promueve la formaci\u00f3n humana y los valores de equipo por encima del marcador\u00bb. <\/p>\n<p class=\"ft-text\">El baloncesto en la Cuenca del Nal\u00f3n goza de \u00abuna salud excelente\u00bb, con un equipo, el langreano, que lleva m\u00e1s de tres d\u00e9cadas de trayectoria y fomento del deporte base, consolidado como \u00abun pilar social y deportivo indiscutible en la comarca\u00bb. El Val&#8217;Nal\u00f3n abre sus puertas a todo el que quiera formar parte de su historia. <\/p>\n<p data-close=\"closedContent\" class=\"subscribeHideForDisplay\">Suscr\u00edbete para seguir leyendo<\/p>\n","protected":false},"excerpt":{"rendered":"El equipo de baloncesto langreano, Asociaci\u00f3n Cultural y Deportiva (ACD) Val&#8217;Nal\u00f3n, sigue impulsando la pr\u00e1ctica el baloncesto en&hellip;\n","protected":false},"author":2,"featured_media":747117,"comment_status":"","ping_status":"","sticky":false,"template":"","format":"standard","meta":{"footnotes":""},"categories":[269],"tags":[304,299,298,634,168,25,24,45549,5024,2205,23,167,132676],"class_list":["post-747116","post","type-post","status-publish","format-standard","has-post-thumbnail","category-baloncesto","tag-apuesta","tag-baloncesto","tag-basketball","tag-deporte","tag-deportes","tag-es","tag-espana","tag-langreo","tag-nuevos","tag-retos","tag-spain","tag-sports","tag-valnalon"],"share_on_mastodon":{"url":"https:\/\/pubeurope.com\/@es\/117211878650595705","error":""},"_links":{"self":[{"href":"https:\/\/www.europesays.com\/es\/wp-json\/wp\/v2\/posts\/747116","targetHints":{"allow":["GET"]}}],"collection":[{"href":"https:\/\/www.europesays.com\/es\/wp-json\/wp\/v2\/posts"}],"about":[{"href":"https:\/\/www.europesays.com\/es\/wp-json\/wp\/v2\/types\/post"}],"author":[{"embeddable":true,"href":"https:\/\/www.europesays.com\/es\/wp-json\/wp\/v2\/users\/2"}],"replies":[{"embeddable":true,"href":"https:\/\/www.europesays.com\/es\/wp-json\/wp\/v2\/comments?post=747116"}],"version-history":[{"count":0,"href":"https:\/\/www.europesays.com\/es\/wp-json\/wp\/v2\/posts\/747116\/revisions"}],"wp:featuredmedia":[{"embeddable":true,"href":"https:\/\/www.europesays.com\/es\/wp-json\/wp\/v2\/media\/747117"}],"wp:attachment":[{"href":"https:\/\/www.europesays.com\/es\/wp-json\/wp\/v2\/media?parent=747116"}],"wp:term":[{"taxonomy":"category","embeddable":true,"href":"https:\/\/www.europesays.com\/es\/wp-json\/wp\/v2\/categories?post=747116"},{"taxonomy":"post_tag","embeddable":true,"href":"https:\/\/www.europesays.com\/es\/wp-json\/wp\/v2\/tags?post=747116"}],"curies":[{"name":"wp","href":"https:\/\/api.w.org\/{rel}","templated":true}]}}