{"id":747118,"date":"2026-09-04T08:41:15","date_gmt":"2026-09-04T08:41:15","guid":{"rendered":"https:\/\/www.europesays.com\/es\/747118\/"},"modified":"2026-09-04T08:41:15","modified_gmt":"2026-09-04T08:41:15","slug":"juanma-rodriguez-estalla-en-el-chiringuito-es-un-club-desestabilizador","status":"publish","type":"post","link":"https:\/\/www.europesays.com\/es\/747118\/","title":{"rendered":"Juanma Rodr\u00edguez estalla en El Chiringuito: \u00abEs un club desestabilizador\u00bb"},"content":{"rendered":"<p class=\"ft-text\">Otra noche m\u00e1s, en <strong>El Chiringuito<\/strong> se ha hablado del caso del fichaje de <strong>Juli\u00e1n \u00c1lvarez<\/strong>. El futuro del delantero argentino volvi\u00f3 a centrar parte del debate y, en esta ocasi\u00f3n, <strong>Juanma Rodr\u00edguez protagoniz\u00f3 uno de los momentos m\u00e1s tensos de la tertulia<\/strong> al cargar contra las informaciones relacionadas con el inter\u00e9s del Barcelona.<\/p>\n<p class=\"ft-text\">El tertuliano comenz\u00f3 cuestionando que todav\u00eda se siga debatiendo sobre qui\u00e9n tiene la raz\u00f3n en el caso de Juli\u00e1n \u00c1lvarez. \u00abPrimero, yo no s\u00e9 c\u00f3mo seguimos cuestion\u00e1ndonos el tema de Juli\u00e1n qui\u00e9n tiene la raz\u00f3n. Pero evidentemente, el que tiene la raz\u00f3n es el que es el propietario de los derechos del jugador, \u00bfvale? Y punto\u00bb, afirm\u00f3.<\/p>\n<p>Juanma cuestiona las informaciones sobre Juli\u00e1n \u00c1lvarez<\/p>\n<p class=\"ft-text\">Juanma Rodr\u00edguez puso el foco en una de las informaciones aportadas durante el programa por <strong>Jos\u00e9 \u00c1lvarez<\/strong>, asegurando que no entend\u00eda c\u00f3mo no se hab\u00eda dejado al Atl\u00e9tico de Madrid tranquilo en todo este asunto.<\/p>\n<p class=\"ft-text\">\u00abEs que es una cosa tremenda. Es aburrido ya. Es como un front\u00f3n. Les tiras una pelota y te la devuelven. Otra pelota y te la devuelven. \u00d3igame, d\u00e9jeme usted en paz ya. D\u00e9jeme usted tranquilo\u00bb, se\u00f1al\u00f3 el tertuliano.<\/p>\n<p class=\"ft-text\">El periodista Jos\u00e9 \u00c1lvarez intervino entonces para aclarar el origen de las informaciones sobre una posible operaci\u00f3n. Seg\u00fan explic\u00f3, <strong>no proced\u00edan directamente del Barcelona, sino del entorno del futbolista<\/strong>.<\/p>\n<p>\u00abDejad ya en paz al Atl\u00e9tico de Madrid\u00bb<\/p>\n<p class=\"ft-text\">Fue entonces cuando Juanma Rodr\u00edguez elev\u00f3 el tono de su intervenci\u00f3n y lanz\u00f3 una contundente acusaci\u00f3n contra el Barcelona, al que calific\u00f3 de <strong>\u00abclub desestabilizador\u00bb<\/strong>.<\/p>\n<p><img decoding=\"async\" src=\"https:\/\/www.europesays.com\/es\/wp-content\/uploads\/2026\/09\/1dece724-53d6-436c-953c-10a06b977b3c_alta-libre-aspect-ratio_default_0_x930y413.jpg\" width=\"1200\" height=\"800\" alt=\"El delantero del Atl\u00e9tico de Madrid Guiuliano Simeone (d) saluda a Juli\u00e1n \u00c1lvarez al entrar en el terreno de juego, durante el partido de LaLiga de f\u00fatbol que Atl\u00e9tico de Madrid y Villarreal CF disputan este domingo en el estadio Metropolitano.\" class=\"ft-helper-img-rd\" loading=\"lazy\" fetchpriority=\"auto\"\/><\/p>\n<p class=\"ft-helper-fontColor-quaternary ft-helper-fontSize-body-S ft-helper-spacer-t-xxs\">Juli\u00e1n \u00c1lvarez entrando al campo en el primer partido de Liga  \/ Kiko Huesca \/ EFE<\/p>\n<p class=\"ft-text\">El tertuliano insisti\u00f3 en que, a su juicio, las informaciones y el intento de fichaje hab\u00edan generado un problema tanto para el conjunto rojiblanco como para el delantero argentino.<\/p>\n<p class=\"ft-text\"><strong>\u00abDejad ya en paz al Atl\u00e9tico de Madrid, no desestabilic\u00e9is m\u00e1s. Dejad tranquilo al jugador que le hab\u00e9is hundido, que le hab\u00e9is metido en un problema, tanto a \u00e9l como al Atl\u00e9tico de Madrid y luego vosotros de rositas\u00bb<\/strong>, sentenci\u00f3.<\/p>\n<p>Cr\u00edticas tambi\u00e9n a Toni Freixa<\/p>\n<p class=\"ft-text\">Juanma Rodr\u00edguez tambi\u00e9n reaccion\u00f3 con indignaci\u00f3n a unas declaraciones de <strong>Toni Freixa<\/strong>, quien habr\u00eda comparado el precio que se ped\u00eda por Juli\u00e1n \u00c1lvarez con el coste del fichaje de Gabriel Jes\u00fas.<\/p>\n<p><img decoding=\"async\" src=\"https:\/\/www.europesays.com\/es\/wp-content\/uploads\/2026\/09\/cd1d16cd-c5a2-485d-9fa9-a6d6f523a70c_alta-libre-aspect-ratio_default_0_x600y225.jpg\" width=\"1200\" height=\"675\" alt=\"Toni Freixa da su punto de vista sobre el fichaje de Rodri\" class=\"ft-helper-img-rd\" loading=\"lazy\" fetchpriority=\"auto\"\/><\/p>\n<p class=\"ft-helper-fontColor-quaternary ft-helper-fontSize-body-S ft-helper-spacer-t-xxs\">Toni Freixa da su punto de vista sobre el fichaje de Rodri  \/ YOUTUBE<\/p>\n<p class=\"ft-text\">\u00abY llega Toni Freixa y dice, joder, ped\u00edan 90 por este cuando hemos fichado a Gabriel Jes\u00fas por 10. Encima recochineo\u00bb, coment\u00f3 visiblemente molesto.<\/p>\n<p class=\"ft-text\">Su cr\u00edtica termin\u00f3 con una reflexi\u00f3n especialmente contundente sobre su postura respecto al Bar\u00e7a: <strong>\u00abYo es que le retirar\u00eda la palabra, yo no me comer\u00eda ni un s\u00e1ndwich con esta gente, yo no quiero ni ir a heredar\u00bb<\/strong>.<\/p>\n<p class=\"ft-text\">Juanma cerr\u00f3 su intervenci\u00f3n volviendo a cargar contra el club azulgrana y reivindicando, con su habitual tono madridista, su sentimiento hacia el Real Madrid: <strong>\u00abO sea, es que es un club, de verdad, es que qu\u00e9 bueno es ser del Real Madrid, co\u00f1o\u00bb<\/strong>.<\/p>\n<p class=\"ft-text\">El debate sobre Juli\u00e1n \u00c1lvarez vuelve as\u00ed a dejar un momento de m\u00e1xima tensi\u00f3n en <strong>El Chiringuito<\/strong>, con Juanma Rodr\u00edguez se\u00f1alando directamente al Bar\u00e7a y defendiendo que se deje al Atl\u00e9tico de Madrid y al delantero argentino al margen de una operaci\u00f3n que, seg\u00fan su visi\u00f3n, <strong>ha terminado perjudicando a ambas partes<\/strong>.<\/p>\n","protected":false},"excerpt":{"rendered":"Otra noche m\u00e1s, en El Chiringuito se ha hablado del caso del fichaje de Juli\u00e1n \u00c1lvarez. El futuro&hellip;\n","protected":false},"author":2,"featured_media":747119,"comment_status":"","ping_status":"","sticky":false,"template":"","format":"standard","meta":{"footnotes":""},"categories":[268],"tags":[3409,2296,28867,1798,168,132677,25,24,9915,256,280,2313,282,20482,22784,416,281,23,167],"class_list":["post-747118","post","type-post","status-publish","format-standard","has-post-thumbnail","category-futbol","tag-atletico-de-madrid","tag-barca","tag-chiringuito","tag-club","tag-deportes","tag-desestabilizador","tag-es","tag-espana","tag-estalla","tag-famosos","tag-football","tag-fuera-de-juego","tag-futbol","tag-juanma","tag-julian-alvarez","tag-rodriguez","tag-soccer","tag-spain","tag-sports"],"share_on_mastodon":{"url":"https:\/\/pubeurope.com\/@es\/117211883874753844","error":""},"_links":{"self":[{"href":"https:\/\/www.europesays.com\/es\/wp-json\/wp\/v2\/posts\/747118","targetHints":{"allow":["GET"]}}],"collection":[{"href":"https:\/\/www.europesays.com\/es\/wp-json\/wp\/v2\/posts"}],"about":[{"href":"https:\/\/www.europesays.com\/es\/wp-json\/wp\/v2\/types\/post"}],"author":[{"embeddable":true,"href":"https:\/\/www.europesays.com\/es\/wp-json\/wp\/v2\/users\/2"}],"replies":[{"embeddable":true,"href":"https:\/\/www.europesays.com\/es\/wp-json\/wp\/v2\/comments?post=747118"}],"version-history":[{"count":0,"href":"https:\/\/www.europesays.com\/es\/wp-json\/wp\/v2\/posts\/747118\/revisions"}],"wp:featuredmedia":[{"embeddable":true,"href":"https:\/\/www.europesays.com\/es\/wp-json\/wp\/v2\/media\/747119"}],"wp:attachment":[{"href":"https:\/\/www.europesays.com\/es\/wp-json\/wp\/v2\/media?parent=747118"}],"wp:term":[{"taxonomy":"category","embeddable":true,"href":"https:\/\/www.europesays.com\/es\/wp-json\/wp\/v2\/categories?post=747118"},{"taxonomy":"post_tag","embeddable":true,"href":"https:\/\/www.europesays.com\/es\/wp-json\/wp\/v2\/tags?post=747118"}],"curies":[{"name":"wp","href":"https:\/\/api.w.org\/{rel}","templated":true}]}}