{"id":747140,"date":"2026-09-04T08:55:27","date_gmt":"2026-09-04T08:55:27","guid":{"rendered":"https:\/\/www.europesays.com\/es\/747140\/"},"modified":"2026-09-04T08:55:27","modified_gmt":"2026-09-04T08:55:27","slug":"cembrero-descarta-a-las-mafias-en-la-entrada-masiva-los-unicos-que-se-han-lucrado-con-esta-operacion-de-finales-de-julio-han-sido-los-taxistas-de-tetuan","status":"publish","type":"post","link":"https:\/\/www.europesays.com\/es\/747140\/","title":{"rendered":"Cembrero descarta a las mafias en la entrada masiva: \u00abLos \u00fanicos que se han lucrado con esta operaci\u00f3n de finales de julio han sido los taxistas de Tetu\u00e1n\u00bb"},"content":{"rendered":"<p class=\"L6-news-detail__text\">Cinco semanas despu\u00e9s de<b><a title=\" la entrada irregular de 80.000 personas en Ceuta\" href=\"https:\/\/www.lasexta.com\/temas\/ceuta-1\" target=\"_blank\" rel=\"nofollow noopener\"> la entrada irregular de 80.000 personas en Ceuta<\/a><\/b>, Marruecos sigue insistiendo en responsabilizar a las mafias de la crisis migratoria vivida en la ciudad aut\u00f3noma.<\/p>\n<p class=\"L6-news-detail__text\">No obstante, <b>Ignacio Cembrero no se cree esta tesis<\/b>: \u00abDetr\u00e1s de aquel que arriesga su vida no hay mafias\u00bb. \u00ab<b>En lo que pas\u00f3 en Ceuta no hay mafias<\/b>\u00ab, a\u00f1ade en el especial de El Objetivo de este jueves.<\/p>\n<p class=\"L6-news-detail__text\">El periodista expone que \u00ab<b>los \u00fanicos que se han lucrado con esta operaci\u00f3n de finales de julio han sido los taxistas de Tetu\u00e1n y de T\u00e1nger<\/b>\u00ab, alegando que los motivos de esta avalancha migratoria no son econ\u00f3micos.<\/p>\n<p class=\"L6-news-detail__text\">\u00ab<b>Me choca que el presidente del Gobierno y los ministros Marlaska y \u00c1ngel V\u00edctor Torres hayan empleado esas palabras<\/b>\u00ab, concluye Cembrero en El Objetivo.<\/p>\n<p>El CENIF descarta la implicaci\u00f3n de mafias<\/p>\n<p class=\"L6-news-detail__text\">El informe de la Polic\u00eda Nacional enviado a la jueza de la Audiencia Nacional que lleva la <a title=\"entrada masiva de migrantes a Ceuta\" href=\"https:\/\/www.lasexta.com\/noticias\/nacional\/ultima-hora-crisis-migratoria-ceuta-bolanos-torres-garcia-comparecen-congreso_202608276a8fea08d16f763504a07d4f.html\" target=\"_blank\" rel=\"nofollow noopener\"><b>entrada masiva de migrantes a Ceuta<\/b><\/a> el pasado 30 y 31 de julio descarta que los hechos puedan ser atribuibles a mafias radicadas en la ciudad aut\u00f3noma y no hace referencia tampoco a una posible participaci\u00f3n de Israel.<\/p>\n<p class=\"L6-news-detail__text\">El documento incluye v\u00eddeos y fotograf\u00edas en los que se detalla c\u00f3mo se produjo la entrada de migrantes. Y aunque no contempla la implicaci\u00f3n de mafias radicadas en Ceuta, <b>no descarta que puedan haber interferido otro tipo de organizaciones criminales.<\/b><\/p>\n<p class=\"L6-news-detail__text\"><b><a title=\"*A\u00f1ade laSexta como tu medio de referencia en Google y no te pierdas toda la actualidad y el mejor contenido.\" href=\"https:\/\/www.google.com\/preferences\/source?q=lasexta.com\" target=\"_blank\" rel=\"nofollow noopener\">*A\u00f1ade laSexta como tu medio de referencia en Google y no te pierdas toda la actualidad y el mejor contenido.<\/a><\/b><\/p>\n<p class=\"L6-support-news-video__title\">Calor extremo<\/p>\n<p> <a href=\"https:\/\/www.lasexta.com\/noticias\/el-tiempo\/cupula-calor-llega-pico-15-comunidades-alerta-temperaturas-42-grados_202609046a9a6f033bfe5d1eff42c5a3.html\" class=\"L6-news__link\" rel=\"nofollow noopener\" target=\"_blank\">La c\u00fapula de calor llega a su pico con 15 comunidades en alerta por temperaturas de hasta 42 grados<\/p>\n<p class=\"recirculation-video-desc\">Los detalles Este viernes ser\u00e1 el d\u00eda con m\u00e1s comunidadades aut\u00f3nomas en aviso. Las noches ser\u00e1n calurosas debido a que las temperaturas m\u00ednimas est\u00e1n elevadas, superando los 20 grados en gran parte del pa\u00eds.<\/p>\n<p> <\/a><\/p>\n","protected":false},"excerpt":{"rendered":"Cinco semanas despu\u00e9s de la entrada irregular de 80.000 personas en Ceuta, Marruecos sigue insistiendo en responsabilizar a&hellip;\n","protected":false},"author":2,"featured_media":747141,"comment_status":"","ping_status":"","sticky":false,"template":"","format":"standard","meta":{"footnotes":""},"categories":[8],"tags":[17,18,4486,2125,91247,25,24,13,14,11,19,20,9,10,15,110362,16,23,12,21,22],"class_list":["post-747140","post","type-post","status-publish","format-standard","has-post-thumbnail","category-espana","tag-breaking-news","tag-breakingnews","tag-ceuta","tag-directo","tag-el-objetivo","tag-es","tag-espana","tag-featured-news","tag-featurednews","tag-headlines","tag-latest-news","tag-latestnews","tag-news","tag-noticias","tag-noticias-destacadas","tag-noticias-ultima-hora","tag-noticiasdestacadas","tag-spain","tag-titulares","tag-ultimas-noticias","tag-ultimasnoticias"],"share_on_mastodon":{"url":"https:\/\/pubeurope.com\/@es\/117211937152358806","error":""},"_links":{"self":[{"href":"https:\/\/www.europesays.com\/es\/wp-json\/wp\/v2\/posts\/747140","targetHints":{"allow":["GET"]}}],"collection":[{"href":"https:\/\/www.europesays.com\/es\/wp-json\/wp\/v2\/posts"}],"about":[{"href":"https:\/\/www.europesays.com\/es\/wp-json\/wp\/v2\/types\/post"}],"author":[{"embeddable":true,"href":"https:\/\/www.europesays.com\/es\/wp-json\/wp\/v2\/users\/2"}],"replies":[{"embeddable":true,"href":"https:\/\/www.europesays.com\/es\/wp-json\/wp\/v2\/comments?post=747140"}],"version-history":[{"count":0,"href":"https:\/\/www.europesays.com\/es\/wp-json\/wp\/v2\/posts\/747140\/revisions"}],"wp:featuredmedia":[{"embeddable":true,"href":"https:\/\/www.europesays.com\/es\/wp-json\/wp\/v2\/media\/747141"}],"wp:attachment":[{"href":"https:\/\/www.europesays.com\/es\/wp-json\/wp\/v2\/media?parent=747140"}],"wp:term":[{"taxonomy":"category","embeddable":true,"href":"https:\/\/www.europesays.com\/es\/wp-json\/wp\/v2\/categories?post=747140"},{"taxonomy":"post_tag","embeddable":true,"href":"https:\/\/www.europesays.com\/es\/wp-json\/wp\/v2\/tags?post=747140"}],"curies":[{"name":"wp","href":"https:\/\/api.w.org\/{rel}","templated":true}]}}