{"id":747145,"date":"2026-09-04T09:00:23","date_gmt":"2026-09-04T09:00:23","guid":{"rendered":"https:\/\/www.europesays.com\/es\/747145\/"},"modified":"2026-09-04T09:00:23","modified_gmt":"2026-09-04T09:00:23","slug":"la-armada-ensena-los-dientes-en-el-omega-european-masters","status":"publish","type":"post","link":"https:\/\/www.europesays.com\/es\/747145\/","title":{"rendered":"La Armada ense\u00f1a los dientes en el Omega European Masters"},"content":{"rendered":"<p>&#13;<br \/>\n        &#13;<br \/>\n&#13;<br \/>\n        &#13;<\/p>\n<p>            <a href=\"https:\/\/www.europesays.com\/es\/wp-content\/uploads\/2026\/09\/WhatsApp-Image-2026-09-03-at-19.57.08.jpeg\" data-caption=\"\"><img decoding=\"async\" loading=\"lazy\" width=\"1068\" height=\"1600\" class=\"entry-thumb td-modal-image\" src=\"https:\/\/www.europesays.com\/es\/wp-content\/uploads\/2026\/09\/WhatsApp-Image-2026-09-03-at-19.57.08.jpeg\" alt=\"\" title=\"Juan Ochoa\"\/><\/a><\/p>\n<p>            La Armada no ha tardado ni un d\u00eda en asomar la cabeza en Crans-sur-Sierre. El Omega European Masters acaba de arrancar y la Armada ya se encuentra en las posiciones m\u00e1s interesantes. \u00c1ngel Ayora (-6) ha sido el mejor de todos, a un solo golpe del l\u00edder, Ashun Wu (-7), mi<\/p>\n<p>Para seguir leyendo, Suscr\u00edbete<\/p>\n<p>    Subscription OptionsMENSUAL<\/p>\n<p>Unlimited  Entradas<\/p>\n<p>Unlimited  Galer\u00edas<\/p>\n<p>Unlimited  \u00c1lbumes<\/p>\n<p>Unlimited  P\u00e1ginas<\/p>\n<p>ANUAL + LIBRO<\/p>\n<p>Unlimited  Entradas<\/p>\n<p>Unlimited  Galer\u00edas<\/p>\n<p>Unlimited  \u00c1lbumes<\/p>\n<p>Unlimited  P\u00e1ginas<\/p>\n<p>ANUAL<\/p>\n<p>Unlimited  Entradas<\/p>\n<p>Unlimited  Galer\u00edas<\/p>\n<p>Unlimited  \u00c1lbumes<\/p>\n<p>Unlimited  P\u00e1ginas<\/p>\n<p>    Recibe 30 mulligans para gastar en <a href=\"https:\/\/thegame.ten-golf.com\" target=\"_blank\" rel=\"nofollow noopener\">TheGame<\/a> junto a tu suscripci\u00f3n anual (al final de la temporada se quitar\u00e1n los mulligans no gastados)<\/p>\n<p>    Pincha <a href=\"https:\/\/ten-golf.com\/tengolf-pone-en-marcha-el-muro-de-pago-y-crea-el-club-tengolf\" target=\"_blank\" rel=\"nofollow noopener\">aqu\u00ed<\/a> para saber m\u00e1s sobre las distintas suscripciones<\/p>\n<p>        &#13;<br \/>\n&#13;<br \/>\n        &#13;<br \/>\n            &#13;<br \/>\n            &#13;<br \/>\n&#13;<\/p>\n<p class=\"join-telegram\"><img decoding=\"async\" class=\"loading\" src=\"https:\/\/www.europesays.com\/es\/wp-content\/uploads\/2026\/09\/1788512423_493_telegram-icon.png\" alt=\"\"\/> S\u00edguenos tambi\u00e9n en <a href=\"https:\/\/telegram.org\/\" target=\"_blank\" style=\"font-weight: normal;\" rel=\"nofollow noopener\">Telegram<\/a> en el canal <a href=\"https:\/\/t.me\/tengolf\" target=\"_blank\" rel=\"nofollow\">@tengolf<\/a><\/p>\n<p>        &#13;<br \/>\n        <a class=\"will-load\" name=\"end-article\" data-id=\"post-225596\"\/>&#13;<\/p>\n","protected":false},"excerpt":{"rendered":"&#13; &#13; &#13; &#13; La Armada no ha tardado ni un d\u00eda en asomar la cabeza en Crans-sur-Sierre.&hellip;\n","protected":false},"author":2,"featured_media":747146,"comment_status":"","ping_status":"","sticky":false,"template":"","format":"standard","meta":{"footnotes":""},"categories":[275],"tags":[26578,168,7316,25,24,50916,329,29061,338,339,340,1909,1910,69189,23,167],"class_list":["post-747145","post","type-post","status-publish","format-standard","has-post-thumbnail","category-golf","tag-angel-ayora","tag-deportes","tag-dp-world-tour","tag-es","tag-espana","tag-eugenio-chacarra","tag-golf","tag-omega-european-masters","tag-portada","tag-portada-america","tag-portada-global","tag-portada-top","tag-portada-top-america","tag-race-to-dubai","tag-spain","tag-sports"],"share_on_mastodon":{"url":"https:\/\/pubeurope.com\/@es\/117211958755037703","error":""},"_links":{"self":[{"href":"https:\/\/www.europesays.com\/es\/wp-json\/wp\/v2\/posts\/747145","targetHints":{"allow":["GET"]}}],"collection":[{"href":"https:\/\/www.europesays.com\/es\/wp-json\/wp\/v2\/posts"}],"about":[{"href":"https:\/\/www.europesays.com\/es\/wp-json\/wp\/v2\/types\/post"}],"author":[{"embeddable":true,"href":"https:\/\/www.europesays.com\/es\/wp-json\/wp\/v2\/users\/2"}],"replies":[{"embeddable":true,"href":"https:\/\/www.europesays.com\/es\/wp-json\/wp\/v2\/comments?post=747145"}],"version-history":[{"count":0,"href":"https:\/\/www.europesays.com\/es\/wp-json\/wp\/v2\/posts\/747145\/revisions"}],"wp:featuredmedia":[{"embeddable":true,"href":"https:\/\/www.europesays.com\/es\/wp-json\/wp\/v2\/media\/747146"}],"wp:attachment":[{"href":"https:\/\/www.europesays.com\/es\/wp-json\/wp\/v2\/media?parent=747145"}],"wp:term":[{"taxonomy":"category","embeddable":true,"href":"https:\/\/www.europesays.com\/es\/wp-json\/wp\/v2\/categories?post=747145"},{"taxonomy":"post_tag","embeddable":true,"href":"https:\/\/www.europesays.com\/es\/wp-json\/wp\/v2\/tags?post=747145"}],"curies":[{"name":"wp","href":"https:\/\/api.w.org\/{rel}","templated":true}]}}