{"id":747153,"date":"2026-09-04T09:05:17","date_gmt":"2026-09-04T09:05:17","guid":{"rendered":"https:\/\/www.europesays.com\/es\/747153\/"},"modified":"2026-09-04T09:05:17","modified_gmt":"2026-09-04T09:05:17","slug":"la-nueva-vida-de-araujo-en-liverpool","status":"publish","type":"post","link":"https:\/\/www.europesays.com\/es\/747153\/","title":{"rendered":"La nueva vida de Araujo en Liverpool"},"content":{"rendered":"<p class=\"ft-text\">En apenas un par de d\u00edas, <a class=\"ft-link ft-link--decoration\" href=\"https:\/\/www.sport.es\/es\/noticias\/barca\/bombazo-araujo-marcha-cedido-liverpool-133186991\" rel=\"nofollow noopener\" target=\"_blank\">la vida de Ronald Araujo dio un giro de 180 grados<\/a>. Despu\u00e9s de que los \u00faltimos meses en Barcelona no fueran ni mucho menos los que el uruguayo hubiese deseado, la opci\u00f3n de salir del club azulgrana fue ganando peso durante este verano.<strong> Eso s\u00ed, deb\u00edan cumplirse tres requisitos importantes: que fuese un club de primer nivel para demostrar su val\u00eda, que pudiera recuperar el protagonismo<\/strong> y, en caso de cesi\u00f3n, que asumiera su ficha entera para evitar que el Bar\u00e7a tuviera que pagar por su salida.<\/p>\n<p class=\"ft-text\">Y ah\u00ed apareci\u00f3 el Liverpool para llev\u00e1rselo en una operaci\u00f3n expr\u00e9s: cesi\u00f3n por una temporada con opci\u00f3n de compra y el uruguayo se bajaba la ficha entre un 10 y un 20% para que las negociaciones llegaran a buen puerto. As\u00ed, el club &#8216;red&#8217; <strong>se puso en contacto con el entorno del jugador a mediados de la primera semana de agosto<\/strong> y, a finales, Araujo ya hab\u00eda tomado la decisi\u00f3n de dejar Barcelona y asumir el nuevo reto.<\/p>\n<p><img decoding=\"async\" src=\"https:\/\/www.europesays.com\/es\/wp-content\/uploads\/2026\/09\/af9e38d3-f7b6-486d-aab7-2a4b364e6cce_alta-libre-aspect-ratio_default_0_x1000y468.jpg\" width=\"1200\" height=\"842\" alt=\"NEWCASTLE (United Kingdom), 23\/08\/2026.- Ronald Araujo of Liverpool looks on during the English Premier League match between Newcastle United and Liverpool FC, in Newcastle, Britain, 23 August 2026. (Reino Unido) EFE\/EPA\/ADAM VAUGHAN EDITORIAL USE ONLY. No use with unauthorized audio, video, data, fixture lists, club\/league logos, 'live' services or NFTs. Online in-match use limited to 120 images, no video emulation. No use in betting, games or single club\/league\/player publications.\" class=\"ft-helper-img-rd\" loading=\"lazy\" fetchpriority=\"auto\"\/><\/p>\n<p class=\"ft-helper-fontColor-quaternary ft-helper-fontSize-body-S ft-helper-spacer-t-xxs\">Araujo quiere ser importante este a\u00f1o en Liverpool  \/ ADAM VAUGHAN \/ EFE<\/p>\n<p class=\"ft-text\"><strong>Todo en un par de d\u00edas y tras una llamada de Andoni Iraola de apenas veinte minutos. No necesit\u00f3 m\u00e1s. <\/strong>El t\u00e9cnico vasco le vendi\u00f3 el proyecto a las mil maravillas y le ofreci\u00f3 la posibilidad de estar en un club ganador donde pod\u00eda ser importante. Si hab\u00eda alguna duda en la cabeza del uruguayo termin\u00f3 disip\u00e1ndose en un santiam\u00e9n. <\/p>\n<p>Encantado con la decisi\u00f3n<\/p>\n<p class=\"ft-text\">El central firm\u00f3 el 10 de agosto por el Liverpool por una temporada y, a d\u00eda de hoy, est\u00e1 encantado con la decisi\u00f3n tomada. <strong>El uruguayo, a diferencia de muchos otros jugadores que optan por residir cerca de Manchester<\/strong>, est\u00e1 viviendo junto a su familia en la misma ciudad de Liverpool, cerca de la ciudad deportiva, con la idea de adaptarse lo mejor y m\u00e1s r\u00e1pido posible a su nueva realidad. <\/p>\n<p class=\"ft-text\">Y en lo deportivo, la adaptaci\u00f3n tambi\u00e9n va por el buen camino. Ha ca\u00eddo de pie en el club, donde piensan que su llegada es una aut\u00e9ntica ganga, y tambi\u00e9n en un vestuario que le ha mostrado todo el respeto, llegando ya como un jugador de peso en el mundo del f\u00fatbol, algo que le enorgullece. <strong>Jugadores como Mac Allister, Mamardashvili, V\u00edctor Mu\u00f1oz o Alisson (recordemos que Araujo tambi\u00e9n habla portugu\u00e9s), aprovechando el idioma, le est\u00e1n ayudando en estas primeras semanas<\/strong>. <\/p>\n<p><img decoding=\"async\" src=\"https:\/\/www.europesays.com\/es\/wp-content\/uploads\/2026\/09\/11654430-ca1a-49fb-befe-c684f09c7e9c_alta-libre-aspect-ratio_default_0_x600y225.jpg\" width=\"1200\" height=\"675\" alt=\"Araujo, en Anfield\" class=\"ft-helper-img-rd\" loading=\"lazy\" fetchpriority=\"auto\"\/><\/p>\n<p class=\"ft-helper-fontColor-quaternary ft-helper-fontSize-body-S ft-helper-spacer-t-xxs\">Araujo, en Anfield  \/ @LiverpoolFC<\/p>\n<p class=\"ft-text\">Todo para que, sobre el verde, <a class=\"ft-link ft-link--decoration\" href=\"https:\/\/www.sport.es\/es\/noticias\/premier-league\/victor-munoz-endulza-debut-araujo-133593304\" rel=\"nofollow noopener\" target=\"_blank\">el uruguayo recupere la versi\u00f3n<\/a> que le hizo ser uno de los centrales m\u00e1s imponentes del Viejo Continente.<strong> Sabe que su estilo de juego casa bien con el de la Premier League, que siendo competitivo en esta liga puede jugar donde sea<\/strong> y, adem\u00e1s, quiere aprovechar la oportunidad de aprender de uno de sus grandes \u00eddolos: Virgil Van Dijk. De momento, ya ha jugado minutos junto al holand\u00e9s y la idea es que el uruguayo, poco a poco, se vaya asentando en esa dupla defensiva que apunta a ser importante en Inglaterra.<\/p>\n<p class=\"ft-text\">Eso s\u00ed, no ser\u00e1 de un d\u00eda para otro. Araujo ya ha ido acumulando minutos, pero Iraola no quiere asumir riesgos tan pronto con \u00e9l. Desde un primer momento, el ex del Bar\u00e7a se ha encontrado con un t\u00e9cnico que le est\u00e1 exigiendo al m\u00e1ximo en los entrenamientos, que habla con \u00e9l a diario y que le quiere llevar al nivel m\u00e1s alto en lo f\u00edsico y lo mental, pero sin forzar la m\u00e1quina. Sabe que viene de una lesi\u00f3n de gemelo y de una etapa en el Bar\u00e7a donde no ha tenido demasiado protagonismo.<\/p>\n<p>Una oportunidad \u00fanica<\/p>\n<p class=\"ft-text\">As\u00ed, la idea es que vaya entrando poco a poco en el equipo, incluso desde el lateral, donde el cuerpo t\u00e9cnico le ha transmitido que podr\u00eda ocupar esa demarcaci\u00f3n en caso de necesidad, igual que hizo en el conjunto azulgrana. <\/p>\n<p class=\"ft-text\">Son pocas semanas las que lleva Araujo en Liverpool, pero la \u00fanica idea que ronda por su cabeza es la de hacer un gran a\u00f1o y demostrar su val\u00eda. <strong>En junio, cuando acabe la temporada, ya se sentar\u00e1n las tres partes para hablar de cu\u00e1l debe ser el futuro de un central uruguayo que deja un vac\u00edo en Can Bar\u00e7a esta campa\u00f1a.<\/strong> Tanto en lo deportivo como en lo personal. <\/p>\n<p class=\"ft-text\">Jugadores como Pedri, Raphinha, Gavi y Lamine se han puesto en contacto con \u00e9l en las \u00faltimas semanas para mostrarle su cari\u00f1o. Barcelona siempre ser\u00e1 su casa, pero, de momento, quiere aprovechar este a\u00f1o para dar un pu\u00f1etazo encima de la mesa y demostrar que el mejor Araujo no es cosa del pasado.<\/p>\n","protected":false},"excerpt":{"rendered":"En apenas un par de d\u00edas, la vida de Ronald Araujo dio un giro de 180 grados. Despu\u00e9s&hellip;\n","protected":false},"author":2,"featured_media":747154,"comment_status":"","ping_status":"","sticky":false,"template":"","format":"standard","meta":{"footnotes":""},"categories":[268],"tags":[31171,168,25,24,881,280,282,1238,795,33838,281,23,167,2606],"class_list":["post-747153","post","type-post","status-publish","format-standard","has-post-thumbnail","category-futbol","tag-araujo","tag-deportes","tag-es","tag-espana","tag-fc-barcelona","tag-football","tag-futbol","tag-liverpool","tag-nueva","tag-ronald-araujo","tag-soccer","tag-spain","tag-sports","tag-vida"],"share_on_mastodon":{"url":"https:\/\/pubeurope.com\/@es\/117211977433500258","error":""},"_links":{"self":[{"href":"https:\/\/www.europesays.com\/es\/wp-json\/wp\/v2\/posts\/747153","targetHints":{"allow":["GET"]}}],"collection":[{"href":"https:\/\/www.europesays.com\/es\/wp-json\/wp\/v2\/posts"}],"about":[{"href":"https:\/\/www.europesays.com\/es\/wp-json\/wp\/v2\/types\/post"}],"author":[{"embeddable":true,"href":"https:\/\/www.europesays.com\/es\/wp-json\/wp\/v2\/users\/2"}],"replies":[{"embeddable":true,"href":"https:\/\/www.europesays.com\/es\/wp-json\/wp\/v2\/comments?post=747153"}],"version-history":[{"count":0,"href":"https:\/\/www.europesays.com\/es\/wp-json\/wp\/v2\/posts\/747153\/revisions"}],"wp:featuredmedia":[{"embeddable":true,"href":"https:\/\/www.europesays.com\/es\/wp-json\/wp\/v2\/media\/747154"}],"wp:attachment":[{"href":"https:\/\/www.europesays.com\/es\/wp-json\/wp\/v2\/media?parent=747153"}],"wp:term":[{"taxonomy":"category","embeddable":true,"href":"https:\/\/www.europesays.com\/es\/wp-json\/wp\/v2\/categories?post=747153"},{"taxonomy":"post_tag","embeddable":true,"href":"https:\/\/www.europesays.com\/es\/wp-json\/wp\/v2\/tags?post=747153"}],"curies":[{"name":"wp","href":"https:\/\/api.w.org\/{rel}","templated":true}]}}