{"id":747175,"date":"2026-09-04T09:20:29","date_gmt":"2026-09-04T09:20:29","guid":{"rendered":"https:\/\/www.europesays.com\/es\/747175\/"},"modified":"2026-09-04T09:20:29","modified_gmt":"2026-09-04T09:20:29","slug":"muere-una-nina-y-su-hermano-resulta-herido-tras-caerles-un-pilar-de-una-vivienda-en-alcira","status":"publish","type":"post","link":"https:\/\/www.europesays.com\/es\/747175\/","title":{"rendered":"Muere una ni\u00f1a y su hermano resulta herido tras caerles un pilar de una vivienda en Alcira"},"content":{"rendered":"<p class=\"c-paragraph\"><b>Una ni\u00f1a de 11 a\u00f1os ha muerto y su hermano de 9 ha resultado herido este jueves tras caerles un pilar de una vivienda <\/b>en la zona del Motor de l&#8217;Aigua-Casella, en Alcira (Valencia), seg\u00fan han informado fuentes del Centro de Informaci\u00f3n y Coordinaci\u00f3n de Urgencias (CICU).\u00a0<\/p>\n<p class=\"c-paragraph\">Los servicios de emergencia se han movilizado tras recibir el aviso a las 19.53\u00a0 de este jueves por el desprendimiento de un pilar de una vivienda a las afueras de la Vall de la Casella, en la localidad valenciana de Alcira, que hab\u00eda afectado a dos menores, una ni\u00f1a de 11 a\u00f1os y un ni\u00f1o de 9.\u00a0<\/p>\n<p class=\"c-paragraph\">Hasta el lugar se han desplazado dos unidades del SAMU y una unidad de Soporte Vital B\u00e1sico (SVB), seg\u00fan ha detallado el CICU.\u00a0<\/p>\n<p class=\"c-paragraph\"><b>La menor presentaba diversos traumatismos y entr\u00f3 en parada cardiorrespiratoria, <\/b>por lo que el equipo m\u00e9dico le practic\u00f3 maniobras de reanimaci\u00f3n cardiopulmonar.\u00a0 Tras recuperar sus constantes vitales, fue trasladada al Hospital Universitario de La Ribera, donde finalmente ha fallecido.\u00a0<\/p>\n<p class=\"c-paragraph\">Por su parte, <b>el otro menor presentaba tambi\u00e9n diversos traumatismos y<\/b> ha sido trasladado al Hospital Universitari i Polit\u00e8cnic La Fe de Valencia, seg\u00fan las mismas fuentes.<\/p>\n","protected":false},"excerpt":{"rendered":"Una ni\u00f1a de 11 a\u00f1os ha muerto y su hermano de 9 ha resultado herido este jueves tras&hellip;\n","protected":false},"author":2,"featured_media":747176,"comment_status":"","ping_status":"","sticky":false,"template":"","format":"standard","meta":{"footnotes":""},"categories":[5],"tags":[17,18,25,24,13,14,11,37,19,20,8938,9,1388,10,15,16,23,3271,12,21,22,20877],"class_list":["post-747175","post","type-post","status-publish","format-standard","has-post-thumbnail","category-titulares","tag-breaking-news","tag-breakingnews","tag-es","tag-espana","tag-featured-news","tag-featurednews","tag-headlines","tag-hermano","tag-latest-news","tag-latestnews","tag-muere","tag-news","tag-nina","tag-noticias","tag-noticias-destacadas","tag-noticiasdestacadas","tag-spain","tag-su","tag-titulares","tag-ultimas-noticias","tag-ultimasnoticias","tag-una"],"share_on_mastodon":{"url":"https:\/\/pubeurope.com\/@es\/117212035365305279","error":""},"_links":{"self":[{"href":"https:\/\/www.europesays.com\/es\/wp-json\/wp\/v2\/posts\/747175","targetHints":{"allow":["GET"]}}],"collection":[{"href":"https:\/\/www.europesays.com\/es\/wp-json\/wp\/v2\/posts"}],"about":[{"href":"https:\/\/www.europesays.com\/es\/wp-json\/wp\/v2\/types\/post"}],"author":[{"embeddable":true,"href":"https:\/\/www.europesays.com\/es\/wp-json\/wp\/v2\/users\/2"}],"replies":[{"embeddable":true,"href":"https:\/\/www.europesays.com\/es\/wp-json\/wp\/v2\/comments?post=747175"}],"version-history":[{"count":0,"href":"https:\/\/www.europesays.com\/es\/wp-json\/wp\/v2\/posts\/747175\/revisions"}],"wp:featuredmedia":[{"embeddable":true,"href":"https:\/\/www.europesays.com\/es\/wp-json\/wp\/v2\/media\/747176"}],"wp:attachment":[{"href":"https:\/\/www.europesays.com\/es\/wp-json\/wp\/v2\/media?parent=747175"}],"wp:term":[{"taxonomy":"category","embeddable":true,"href":"https:\/\/www.europesays.com\/es\/wp-json\/wp\/v2\/categories?post=747175"},{"taxonomy":"post_tag","embeddable":true,"href":"https:\/\/www.europesays.com\/es\/wp-json\/wp\/v2\/tags?post=747175"}],"curies":[{"name":"wp","href":"https:\/\/api.w.org\/{rel}","templated":true}]}}