{"id":747179,"date":"2026-09-04T09:25:10","date_gmt":"2026-09-04T09:25:10","guid":{"rendered":"https:\/\/www.europesays.com\/es\/747179\/"},"modified":"2026-09-04T09:25:10","modified_gmt":"2026-09-04T09:25:10","slug":"zverev-necesita-otros-cinco-sets-para-alcanzar-la-tercera-ronda","status":"publish","type":"post","link":"https:\/\/www.europesays.com\/es\/747179\/","title":{"rendered":"Zverev necesita otros cinco sets para alcanzar la tercera ronda"},"content":{"rendered":"<p data-mrf-recirculation=\"Links P\u00e1rrafos\" class=\"ue-c-article__paragraph paragraph ue-c-article--first-letter-highlighted\">El alem\u00e1n Alexander Zverev volvi\u00f3 a necesitar <strong>cinco sets este jueves, ante el franc\u00e9s Quentin Halys, para avanzar a la tercera ronda del Abierto de Estados Unidos,<\/strong> en una jornada en la que F\u00e9lix Auger-Aliassime y Alex de Mi\u00f1aur quedaron eliminados, mientras <strong>Gael Monfils se despidi\u00f3 de Nueva York a las puertas de su retirada.<\/strong><\/p>\n<p data-mrf-recirculation=\"Links P\u00e1rrafos\" class=\"ue-c-article__paragraph paragraph\"><strong>Zverev, n\u00famero 2 del mundo y primer cabeza de serie en Nueva York, derrot\u00f3 a Halys, n\u00famero 52, por 6-4, 4-6, 7-6(3), 6(3)-7 y 6-3<\/strong> tras 4 horas y 33 minutos en cancha. Eran las 02:15 del viernes cuando termin\u00f3 el partido en Nueva York.<\/p>\n<p data-mrf-recirculation=\"Links P\u00e1rrafos\" class=\"ue-c-article__paragraph paragraph\"><strong>Es la primera ves que un primer cabeza de serie juega dos partidos a cinco sets en las dos primeras rondas de un &#8216;Grand Slam&#8217;.<\/strong> Zverev ha invertido 9 horas y 26 minutos en estas dos primeras rondas, con un desgaste muy grande contra rivales muy inferiores en el ranking.<\/p>\n<p data-mrf-recirculation=\"Links P\u00e1rrafos\" class=\"ue-c-article__paragraph paragraph\">\u00abHe ganado, eso es lo m\u00e1s importante. He vuelto a estar aqu\u00ed otras cuatro horas y media, otra vez hasta las 02:15 de la madrugada. Pero para eso voy al gimnasio y para eso entreno en pista. Para eso trabajo cada d\u00eda: para estar preparado y poder salir adelante en momentos tan dif\u00edciles\u00bb, dijo Zverev.\u00a0<strong>El alem\u00e1n se medir\u00e1 en tercera ronda al chileno Alejandro Tabilo, n\u00famero 28 del mundo.<\/strong><\/p>\n<blockquote class=\"ue-c-article__blockquote\">\n<p>He ganado, eso es lo m\u00e1s importante. He vuelto a estar aqu\u00ed otras cuatro horas y media, otra vez hasta las 02:15 de la madrugada<\/p>\n<p>Alexander Zverev<\/p><\/blockquote>\n<p data-mrf-recirculation=\"Links P\u00e1rrafos\" class=\"ue-c-article__paragraph paragraph\">La jornada de este jueves tambi\u00e9n dej\u00f3 la eliminaci\u00f3n en el cuadro masculino <strong>del canadiense Auger-Aliassime (n.4) y del australiano De Mi\u00f1aur (n.7), <\/strong>que se suman a la del <strong><a href=\"https:\/\/www.marca.com\/tenis\/us-open\/2026\/08\/31\/djokovic-pierde-primera-ronda-us-open-navone-acaba-llorando.html\" target=\"_blank\" rel=\"nofollow noopener\">serbio Novak Djokovic (n.5) en una criba temprana de tenistas del &#8216;Top 10&#8217;.<\/a><\/strong><\/p>\n<p data-mrf-recirculation=\"Links P\u00e1rrafos\" class=\"ue-c-article__paragraph paragraph\">Auger-Aliassime cay\u00f3 a manos del ruso Karen Khachanov (n.50) y De Mi\u00f1aur perdi\u00f3 ante el neerland\u00e9s Botic van de Zandschulp (n.70). En cambio, el italiano Flavio Cobolli (n.6) y el estadounidense Taylor Fritz (n.10) s\u00ed lograron avanzar a tercera ronda.<\/p>\n<p>El \u00faltimo adi\u00f3s de Monfils<\/p>\n<p data-mrf-recirculation=\"Links P\u00e1rrafos\" class=\"ue-c-article__paragraph paragraph\">Monfils, de 40 a\u00f1os, se despidi\u00f3 de Nueva York, el \u00faltimo &#8216;grande&#8217; de su carrera, a la que pondr\u00e1 fin en unas semanas en el Masters 1.000 de Par\u00eds.\u00a0<strong>El franc\u00e9s, en su decimoctava aparici\u00f3n en el Abierto de Estados Unidos, cay\u00f3 por 6-3, 6-4 y 6-3 ante el estadounidense Learner Tien,<\/strong> que ya le hab\u00eda derrotado en agosto en Montreal.<\/p>\n<p><img decoding=\"async\" width=\"1024\" height=\"682\" class=\"ue-c-article__image lazyload\" alt=\"Gael Monfils\" loading=\"lazy\" src=\"https:\/\/www.europesays.com\/es\/wp-content\/uploads\/2026\/09\/6a9a7c915b876.jpeg\"\/><\/p>\n<p>Gael MonfilsLAPRESSE<\/p>\n<p data-mrf-recirculation=\"Links P\u00e1rrafos\" class=\"ue-c-article__paragraph paragraph\">\u00abHa sido un aut\u00e9ntico honor para m\u00ed jugar todos estos a\u00f1os delante de vosotros. Lo he dado todo e intentado ofrecer un tenis de alto nivel, pero tambi\u00e9n daros un gran espect\u00e1culo\u00bb, dijo en su despedida Monfils, muy querido por la afici\u00f3n neoyorquina.<\/p>\n<p>Badosa y Bouzas, eliminadas<\/p>\n<p data-mrf-recirculation=\"Links P\u00e1rrafos\" class=\"ue-c-article__paragraph paragraph\">A diferencia del masculino, <strong>el cuadro femenino sigue intacto de favoritas, entre ellas la kazaja Elena Rybakina (n.2) y la estadounidense Coco Gauff<\/strong> (n.4), que este jueves eliminaron, respectivamente, a las <strong>espa\u00f1olas Paula Badosa y Jessica Bouzas.<\/strong><\/p>\n<p data-mrf-recirculation=\"Links P\u00e1rrafos\" class=\"ue-c-article__paragraph paragraph\">Tambi\u00e9n pasaron a tercera ronda la rusa Mirra Andreeva (n.5), la polaca Iga Swiatek (n.8) y la estadounidense Amanda Anisimova (n.10), adem\u00e1s de la japonesa Naomi Osaka (n.13) o la filipina Alexandra Eala (n.18).<\/p>\n<p data-mrf-recirculation=\"Links P\u00e1rrafos\" class=\"ue-c-article__paragraph paragraph\">Gauff se enfrentar\u00e1 el s\u00e1bado en tercera ronda a Cristina Bucsa, \u00fanica espa\u00f1ola con vida en el torneo.<\/p>\n","protected":false},"excerpt":{"rendered":"El alem\u00e1n Alexander Zverev volvi\u00f3 a necesitar cinco sets este jueves, ante el franc\u00e9s Quentin Halys, para avanzar&hellip;\n","protected":false},"author":2,"featured_media":747180,"comment_status":"","ping_status":"","sticky":false,"template":"","format":"standard","meta":{"footnotes":""},"categories":[274],"tags":[168,25,24,23,167,327,326],"class_list":["post-747179","post","type-post","status-publish","format-standard","has-post-thumbnail","category-tenis","tag-deportes","tag-es","tag-espana","tag-spain","tag-sports","tag-tenis","tag-tennis"],"share_on_mastodon":{"url":"https:\/\/pubeurope.com\/@es\/117212056154224314","error":""},"_links":{"self":[{"href":"https:\/\/www.europesays.com\/es\/wp-json\/wp\/v2\/posts\/747179","targetHints":{"allow":["GET"]}}],"collection":[{"href":"https:\/\/www.europesays.com\/es\/wp-json\/wp\/v2\/posts"}],"about":[{"href":"https:\/\/www.europesays.com\/es\/wp-json\/wp\/v2\/types\/post"}],"author":[{"embeddable":true,"href":"https:\/\/www.europesays.com\/es\/wp-json\/wp\/v2\/users\/2"}],"replies":[{"embeddable":true,"href":"https:\/\/www.europesays.com\/es\/wp-json\/wp\/v2\/comments?post=747179"}],"version-history":[{"count":0,"href":"https:\/\/www.europesays.com\/es\/wp-json\/wp\/v2\/posts\/747179\/revisions"}],"wp:featuredmedia":[{"embeddable":true,"href":"https:\/\/www.europesays.com\/es\/wp-json\/wp\/v2\/media\/747180"}],"wp:attachment":[{"href":"https:\/\/www.europesays.com\/es\/wp-json\/wp\/v2\/media?parent=747179"}],"wp:term":[{"taxonomy":"category","embeddable":true,"href":"https:\/\/www.europesays.com\/es\/wp-json\/wp\/v2\/categories?post=747179"},{"taxonomy":"post_tag","embeddable":true,"href":"https:\/\/www.europesays.com\/es\/wp-json\/wp\/v2\/tags?post=747179"}],"curies":[{"name":"wp","href":"https:\/\/api.w.org\/{rel}","templated":true}]}}