{"id":747185,"date":"2026-09-04T09:29:13","date_gmt":"2026-09-04T09:29:13","guid":{"rendered":"https:\/\/www.europesays.com\/es\/747185\/"},"modified":"2026-09-04T09:29:13","modified_gmt":"2026-09-04T09:29:13","slug":"valencia-cf-crisis-mario-kempes-propone-como-actuar-contra-peter-lim-he-estado-pensando-en-que-seria-mejor-vaciar-el-campo-a-ver-como-le-sienta","status":"publish","type":"post","link":"https:\/\/www.europesays.com\/es\/747185\/","title":{"rendered":"VALENCIA CF CRISIS | Mario Kempes propone c\u00f3mo actuar contra Peter Lim: \u00abHe estado pensando en que ser\u00eda mejor vaciar el campo, a ver c\u00f3mo le sienta\u00bb"},"content":{"rendered":"<p class=\"ft-text\">Si hay <strong>dos voces de exjugadores verdaderamente cr\u00edticas con el mal que le provoca al Valencia CF Peter Lim<\/strong> durante a\u00f1os y a\u00f1os esas son las de las leyendas <strong>Santiago Ca\u00f1izares y Mario Alberto Kempes.<\/strong> El \u00faltimo en pronunciarse ha sido el m\u00edtico delantero argentino, quien ha sugerido en las \u00faltimas horas al aficionado del Valencia <strong>\u00abno ir a la cancha\u00bb de Mestalla y \u00ababonos ni uno ni medio\u00bb<\/strong> hasta que el empresario de Singapur mostrara gestos reales de querer mejorar la plantilla.<\/p>\n<p class=\"ft-text\">Mario Kempes <strong>tiene los peores augurios posibles despu\u00e9s de analizar las tres primeras jornadas de LaLiga<\/strong> del conjunto entrenado por Carlos Corber\u00e1n. Los blanquinegros ya se encuentran marcando el <a class=\"ft-link ft-link--decoration\" href=\"https:\/\/www.superdeporte.es\/valencia-cf\/2026\/09\/03\/valencia-cf-descenso-clasificacion-133930474.html\" target=\"_blank\" rel=\"nofollow noopener\">l\u00edmite del <\/a><a class=\"ft-link ft-link--decoration\" href=\"https:\/\/www.superdeporte.es\/valencia-cf\/2026\/09\/03\/valencia-cf-descenso-clasificacion-133930474.html\" target=\"_blank\" rel=\"nofollow noopener\"><strong>descenso a Segunda<\/strong><\/a><a class=\"ft-link ft-link--decoration\" href=\"https:\/\/www.superdeporte.es\/valencia-cf\/2026\/09\/03\/valencia-cf-descenso-clasificacion-133930474.html\" target=\"_blank\" rel=\"nofollow noopener\"> divisi\u00f3n en el inicio del curso.<\/a> \u00abNo es f\u00e1cil explicar lo que est\u00e1 pasando, y lo que uno presiente que puede llegar a pasar. <strong>Se vienen nubarrones tan negros que pueden ser muy peligrosos\u00bb<\/strong><strong>,<\/strong> dice en una entrevista con &#8216;Las Provincias&#8217; en alusi\u00f3n al riesgo de descenso en esta temporada 2026\/27.<\/p>\n<p class=\"ft-text\">\u00abSe\u00f1ores, <strong>no quiero que se metan ni con el t\u00e9cnico ni con los jugadores, ni siquiera con el &#8216;staff&#8217;. El problema es la cabeza de la serpiente.<\/strong> El t\u00e9cnico, imagino, que ha pedido jugadores y el director deportivo habr\u00e1 intentado traerlos. <strong>El equipo que ha perdido los partidos es el mismo que el del a\u00f1o pasado y que del anterior,<\/strong> incluso con menos\u00bb, analiza el &#8216;Matador&#8217;.<\/p>\n<p>Vaciado del estadio ante el sufrimiento de la afici\u00f3n<\/p>\n<p class=\"ft-text\">Ante esta situaci\u00f3n de sufrimiento por parte del valencianismo que tanto le dio, Kempes aboga por la soluci\u00f3n del vaciado del estadio. \u00abOtra vez el que sufre es el aficionado, <strong>el pueblo valenciano es el que tiene que sufrir por culpa del que manda o no. Podemos hacer huelga, caceroladas, lo que sea, sacarle cartelitos, a \u00e9l (Lim) no le importa. He estado pensando en no ir a la cancha,<\/strong> que jueguen con la cancha vac\u00eda, a ver qu\u00e9 pasa, c\u00f3mo le sienta\u00bb, apunta sin dejar de decir tambi\u00e9n que probablemente \u00abno ser\u00eda bueno para el equipo\u00bb.<\/p>\n<p class=\"ft-text\">\u00ab<strong>Abono ni uno ni medio hasta que diga: &#8216;voy a poner dinero para que el Valencia mejore lo que tiene&#8230;<\/strong> Ya me he ido de hablar del f\u00fatbol, uno se confunde con si debe criticar a los de arriba o decir otra vez no jugamos bien, no tuvimos suerte&#8230;\u00bb, refiri\u00e9ndose a los an\u00e1lisis que hace en ESPN tras cada partido del Valencia. <\/p>\n<p class=\"ft-text\">\u00abEsto es lo mismo de hace dos a\u00f1os, <strong>nos estamos salvando por los pelos. Juegue contra quien juegue el Valencia, sufrimos y seguiremos sacando papelitos, pa\u00f1uelos, mirando al de arriba (palco), pero ese ni manda ni pincha, y el que est\u00e1 lejos -Singapur- tampoco hace nada.<\/strong> Lo lamento. Esto es lo que debemos de esperar esta temporada, ojal\u00e1 que me equivoque de todo coraz\u00f3n, pero no creo\u00bb, concluye Mario Kempes con una reflexi\u00f3n que ha llegado al mismo tiempo que <a class=\"ft-link ft-link--decoration\" href=\"https:\/\/www.superdeporte.es\/valencia-cf\/2026\/09\/03\/ron-gourlay-cafe-valencia-cf-meriton-vuelto-enfriar-133930027.html\" target=\"_blank\" rel=\"nofollow noopener\">la aparici\u00f3n p\u00fablica de un dirigente del club, <\/a><a class=\"ft-link ft-link--decoration\" href=\"https:\/\/www.superdeporte.es\/valencia-cf\/2026\/09\/03\/ron-gourlay-cafe-valencia-cf-meriton-vuelto-enfriar-133930027.html\" target=\"_blank\" rel=\"nofollow noopener\"><strong>Ron Gourlay,<\/strong><\/a><a class=\"ft-link ft-link--decoration\" href=\"https:\/\/www.superdeporte.es\/valencia-cf\/2026\/09\/03\/ron-gourlay-cafe-valencia-cf-meriton-vuelto-enfriar-133930027.html\" target=\"_blank\" rel=\"nofollow noopener\"> tras siete meses de silencio absoluto.<\/a><\/p>\n","protected":false},"excerpt":{"rendered":"Si hay dos voces de exjugadores verdaderamente cr\u00edticas con el mal que le provoca al Valencia CF Peter&hellip;\n","protected":false},"author":2,"featured_media":747186,"comment_status":"","ping_status":"","sticky":false,"template":"","format":"standard","meta":{"footnotes":""},"categories":[268],"tags":[4669,168,25,24,280,282,58240,76036,21337,35537,656,95370,1684,23081,26693,21336,918,58238,1748,281,23,167,30990,235,5419],"class_list":["post-747185","post","type-post","status-publish","format-standard","has-post-thumbnail","category-futbol","tag-actuar","tag-deportes","tag-es","tag-espana","tag-football","tag-futbol","tag-javier-solis","tag-kempes","tag-kiat-lim","tag-lim","tag-mario","tag-mario-alberto-kempes","tag-mejor","tag-mestalla","tag-peter","tag-peter-lim","tag-propone","tag-ron-gourlay","tag-singapur","tag-soccer","tag-spain","tag-sports","tag-vaciar","tag-valencia","tag-valencia-cf"],"share_on_mastodon":{"url":"https:\/\/pubeurope.com\/@es\/117212070979581064","error":""},"_links":{"self":[{"href":"https:\/\/www.europesays.com\/es\/wp-json\/wp\/v2\/posts\/747185","targetHints":{"allow":["GET"]}}],"collection":[{"href":"https:\/\/www.europesays.com\/es\/wp-json\/wp\/v2\/posts"}],"about":[{"href":"https:\/\/www.europesays.com\/es\/wp-json\/wp\/v2\/types\/post"}],"author":[{"embeddable":true,"href":"https:\/\/www.europesays.com\/es\/wp-json\/wp\/v2\/users\/2"}],"replies":[{"embeddable":true,"href":"https:\/\/www.europesays.com\/es\/wp-json\/wp\/v2\/comments?post=747185"}],"version-history":[{"count":0,"href":"https:\/\/www.europesays.com\/es\/wp-json\/wp\/v2\/posts\/747185\/revisions"}],"wp:featuredmedia":[{"embeddable":true,"href":"https:\/\/www.europesays.com\/es\/wp-json\/wp\/v2\/media\/747186"}],"wp:attachment":[{"href":"https:\/\/www.europesays.com\/es\/wp-json\/wp\/v2\/media?parent=747185"}],"wp:term":[{"taxonomy":"category","embeddable":true,"href":"https:\/\/www.europesays.com\/es\/wp-json\/wp\/v2\/categories?post=747185"},{"taxonomy":"post_tag","embeddable":true,"href":"https:\/\/www.europesays.com\/es\/wp-json\/wp\/v2\/tags?post=747185"}],"curies":[{"name":"wp","href":"https:\/\/api.w.org\/{rel}","templated":true}]}}