{"id":747199,"date":"2026-09-04T09:38:18","date_gmt":"2026-09-04T09:38:18","guid":{"rendered":"https:\/\/www.europesays.com\/es\/747199\/"},"modified":"2026-09-04T09:38:18","modified_gmt":"2026-09-04T09:38:18","slug":"amal-clooney-vuelve-a-presumir-de-piernas-kilometricas-por-venecia-con-un-minivestido-una-eleccion-llena-de-color-movimiento-y-caracter","status":"publish","type":"post","link":"https:\/\/www.europesays.com\/es\/747199\/","title":{"rendered":"Amal Clooney vuelve a presumir de piernas kilom\u00e9tricas por Venecia con un minivestido: \u00abUna elecci\u00f3n llena de color, movimiento y car\u00e1cter\u00bb"},"content":{"rendered":"<p id=\"en_YTxF32F\" data-wc=\"134\">Desde hace unos d\u00edas, Amal Clooney \u2014por supuesto, junto a su esposo, George\u2014 <strong>est\u00e1 de vuelta en la ciudad de los canales<\/strong> con motivo de <a class=\"hm-link ho-link\" href=\"https:\/\/www.hola.com\/moda\/20260902921352\/amal-clooney-festival-de-venecia-2026-inauguracion-vestido-negro-ajustado-look\/\" data-mrf-recirculation=\"article-body-link\" rel=\"nofollow noopener\" target=\"_blank\">la 83\u00aa edici\u00f3n del Festival Internacional de Cine de Venecia<\/a>, una cita a la que acuden casi con religiosidad desde 2023 y que, adem\u00e1s, tiene un significado muy especial para ellos: fue all\u00ed donde celebraron su boda hace ya 12 a\u00f1os. Lo cierto es que cada aparici\u00f3n de la abogada en Venecia se convierte en todo un acontecimiento para las amantes de la moda, que aprovechan cada uno de sus estilismos para inspirarse en su complet\u00edsimo armario. As\u00ed volvi\u00f3 a demostrarlo ayer cuando, tras su paso por la alfombra roja de la Mostra, se enfund\u00f3 en <strong>un espectacular vestido turquesa<\/strong> para disfrutar de una noche junto a su marido.<\/p>\n<p>Te recomendamosSeguir leyendo<br \/>\n <img src=\"https:\/\/www.europesays.com\/es\/wp-content\/uploads\/2026\/09\/5f98233c5719-gettyimages-2293378622.jpg\"   width=\"682\" height=\"1024\" loading=\"lazy\" decoding=\"async\" alt=\"Amal Clooney, durante la 83\u00aa edici\u00f3n del Festival Internacional de Cine de Venecia (3 de septiembre de 2026)\" fetchpriority=\"auto\" class=\"image ho-image\"\/>\u00a9 Getty Images<br \/>\nEl look azul turquesa con el que se llev\u00f3 todos los elogios<\/p>\n<p id=\"eVmvSBoeuv\" data-wc=\"110\">Se trataba, ni m\u00e1s ni menos, de <strong>un minivestido de escote palabra de honor completamente cubierto de flecos<\/strong>. Un dise\u00f1o que combinaba diferentes tonalidades de azul turquesa y plateado, que adquir\u00edan nuevos matices y contrastes bajo la luz. A ellos se sumaban peque\u00f1os detalles brillantes que daban un toque todav\u00eda m\u00e1s especial al dise\u00f1o y reforzaban su car\u00e1cter festivo. Aunque a\u00fan desconocemos la firma que est\u00e1 detr\u00e1s de esta ideal propuesta, lo cierto es que resultaba de lo m\u00e1s favorecedora y se convert\u00eda en <strong>una elecci\u00f3n repleta de color, movimiento y car\u00e1cter<\/strong>. Para complementarlo todo, decidi\u00f3 apostar por joyas y complementos plateados, siguiendo as\u00ed la misma gama crom\u00e1tica del vestido.\u00a0<\/p>\n<p> <img src=\"https:\/\/www.europesays.com\/es\/wp-content\/uploads\/2026\/09\/6de42f9b8e5d-gettyimages-2293378608.jpg\"   width=\"682\" height=\"1024\" loading=\"lazy\" decoding=\"async\" alt=\"Amal Clooney, durante la 83\u00aa edici\u00f3n del Festival Internacional de Cine de Venecia (3 de septiembre de 2026)\" fetchpriority=\"auto\" class=\"image ho-image\"\/>\u00a9 Getty Images<br \/>\nEl look de belleza con el que remat\u00f3 el estilismo<\/p>\n<p id=\"eqo-3n-6YD\" data-wc=\"120\">Para la ocasi\u00f3n, como suele ser habitual en ella, la libanesa apost\u00f3 por llevar <strong>su larga melena suelta y peinada con ondas amplias y pulidas<\/strong>. Una elecci\u00f3n que la caracteriza a kil\u00f3metros de distancia y con la que volvi\u00f3 a <a class=\"hm-link ho-link\" href=\"https:\/\/www.hola.com\/belleza\/20171128102536\/amal-clooney-cuidados-melena\/\" data-mrf-recirculation=\"article-body-link\" rel=\"nofollow noopener\" target=\"_blank\">presumir de volumen y brillo<\/a>. En cuanto al maquillaje, se decant\u00f3 por un acabado natural en el que el colorete ganaba especial protagonismo y ayudaba a <strong>conseguir ese favorecedor &#8216;efecto buena cara&#8217;<\/strong>. Para la mirada, recurri\u00f3 a sombras en tonalidades marrones que aportaban profundidad y ayudaban a enmarcar el ojo, y que remat\u00f3 con algunos destellos plateados. En los labios, en cambio, dej\u00f3 a un lado los tonos mates para apostar por un acabado mucho m\u00e1s glossy, jugoso y fresco.<\/p>\n<p> <img src=\"https:\/\/www.europesays.com\/es\/wp-content\/uploads\/2026\/09\/68055449bf6f-gettyimages-2239716902.jpg\"   width=\"692\" height=\"1024\" loading=\"lazy\" decoding=\"async\" alt=\"Amal Clooney y George Clooney en el 69th BFI London Film Festival \" fetchpriority=\"auto\" class=\"image ho-image\"\/>\u00a9 Getty<br \/>\nLos flecos, una tendencia cada vez m\u00e1s latente en su armario<\/p>\n<p id=\"eKX6bnO2ed\" data-wc=\"124\">No es ning\u00fan secreto que, desde hace varias temporadas, <strong>los <\/strong><a class=\"hm-link ho-link\" href=\"https:\/\/www.hola.com\/fashion\/tendencias\/20241014723894\/prendas-flecos-accesorios-zara-mango\/\" data-mrf-recirculation=\"article-body-link\" rel=\"nofollow noopener\" target=\"_blank\">flecos<\/a><strong> han regresado con fuerza entre las amantes de la moda<\/strong>. Los vemos en bolsos, zapatos, abrigos y, por supuesto, tambi\u00e9n en vestidos, como el de Amal. De hecho, este detalle ocupa <strong>un lugar especial en su armario<\/strong> y ha protagonizado algunos de sus looks m\u00e1s memorables. El verano pasado, durante una cena en Lago di Como, apost\u00f3 por un vestido blanco de Giambattista Valli recorrido por flecos y, unos meses despu\u00e9s, en el Festival de Cine de Londres, repiti\u00f3 f\u00f3rmula con <a class=\"hm-link ho-link\" href=\"https:\/\/www.hola.com\/moda\/20251014861363\/amal-clooney-vestido-mini-rosa-fucsia-festival-cine-londres\/\" data-mrf-recirculation=\"article-body-link\" rel=\"nofollow noopener\" target=\"_blank\">un dise\u00f1o rosa de Alta Costura de Tamara Ralph<\/a>, cubierto de lentejuelas y rematado con flecos en cascada. Dos propuestas muy diferentes que confirman su predilecci\u00f3n por este detalle lleno de movimiento.<\/p>\n<p> <img src=\"https:\/\/www.europesays.com\/es\/wp-content\/uploads\/2026\/09\/1788514698_744_e7d5c30a87c8-u616835018.jpg\"   width=\"1080\" height=\"1800\" loading=\"lazy\" decoding=\"async\" alt=\"Amal Clooney en Venecia, septiembre de 2026\" fetchpriority=\"auto\" class=\"image ho-image\"\/>\u00a9 GTRES<br \/>\nOtros looks fuera de la alfombra roja que ha llevado Amal Clooney<\/p>\n<p id=\"ei5lKaXPBy\" data-wc=\"102\">A\u00fan quedan varios d\u00edas de festival, pero Amal ya nos ha dejado algunos <a class=\"hm-link ho-link\" href=\"https:\/\/www.hola.com\/moda\/20260903921471\/festival-de-venecia-looks-street-style-celebrities-conjunto-santinado-encaje-romanticismo\/\" data-mrf-recirculation=\"article-body-link\" rel=\"nofollow noopener\" target=\"_blank\">estilismos ideales fuera de la alfombra roja<\/a>. Su llegada a Venecia fue una buena prueba de ello, cuando apost\u00f3 por <strong>un conjunto satinado en verde botella formado por un top de tirantes y unos pantalones cortos<\/strong> de silueta fluida. Para completarlo, a\u00f1adi\u00f3 una americana oversize de Tom Ford, de un solo bot\u00f3n y grandes bolsillos, que terminaba de elevar la propuesta. Una <a class=\"hm-link ho-link\" href=\"https:\/\/www.hola.com\/moda\/20260901921091\/amal-george-clooney-venecia-look-comodo-viajar-elegante\/\" data-mrf-recirculation=\"article-body-link\" rel=\"nofollow noopener\" target=\"_blank\">combinaci\u00f3n ligera y c\u00f3moda para desplazarse entre avi\u00f3n y barco<\/a>, pero lo suficientemente arreglada para hacer de su llegada a la ciudad toda una declaraci\u00f3n de estilo.<\/p>\n","protected":false},"excerpt":{"rendered":"Desde hace unos d\u00edas, Amal Clooney \u2014por supuesto, junto a su esposo, George\u2014 est\u00e1 de vuelta en la&hellip;\n","protected":false},"author":2,"featured_media":747200,"comment_status":"","ping_status":"","sticky":false,"template":"","format":"standard","meta":{"footnotes":""},"categories":[91],"tags":[1024,29451,253,146,147,25,24,54123,1023,338,23],"class_list":["post-747199","post","type-post","status-publish","format-standard","has-post-thumbnail","category-entretenimiento","tag-actualidad-moda","tag-amal-clooney","tag-discover","tag-entertainment","tag-entretenimiento","tag-es","tag-espana","tag-looks","tag-moda","tag-portada","tag-spain"],"share_on_mastodon":{"url":"https:\/\/pubeurope.com\/@es\/117212107614109785","error":""},"_links":{"self":[{"href":"https:\/\/www.europesays.com\/es\/wp-json\/wp\/v2\/posts\/747199","targetHints":{"allow":["GET"]}}],"collection":[{"href":"https:\/\/www.europesays.com\/es\/wp-json\/wp\/v2\/posts"}],"about":[{"href":"https:\/\/www.europesays.com\/es\/wp-json\/wp\/v2\/types\/post"}],"author":[{"embeddable":true,"href":"https:\/\/www.europesays.com\/es\/wp-json\/wp\/v2\/users\/2"}],"replies":[{"embeddable":true,"href":"https:\/\/www.europesays.com\/es\/wp-json\/wp\/v2\/comments?post=747199"}],"version-history":[{"count":0,"href":"https:\/\/www.europesays.com\/es\/wp-json\/wp\/v2\/posts\/747199\/revisions"}],"wp:featuredmedia":[{"embeddable":true,"href":"https:\/\/www.europesays.com\/es\/wp-json\/wp\/v2\/media\/747200"}],"wp:attachment":[{"href":"https:\/\/www.europesays.com\/es\/wp-json\/wp\/v2\/media?parent=747199"}],"wp:term":[{"taxonomy":"category","embeddable":true,"href":"https:\/\/www.europesays.com\/es\/wp-json\/wp\/v2\/categories?post=747199"},{"taxonomy":"post_tag","embeddable":true,"href":"https:\/\/www.europesays.com\/es\/wp-json\/wp\/v2\/tags?post=747199"}],"curies":[{"name":"wp","href":"https:\/\/api.w.org\/{rel}","templated":true}]}}