{"id":747211,"date":"2026-09-04T09:48:12","date_gmt":"2026-09-04T09:48:12","guid":{"rendered":"https:\/\/www.europesays.com\/es\/747211\/"},"modified":"2026-09-04T09:48:12","modified_gmt":"2026-09-04T09:48:12","slug":"bucsa-sigue-adelante-en-el-us-open","status":"publish","type":"post","link":"https:\/\/www.europesays.com\/es\/747211\/","title":{"rendered":"Bucsa sigue adelante en el US Open"},"content":{"rendered":"<p>Cristina Bucsa parece haber dejado atr\u00e1s su mala racha de resultados en un momento clave, como es la disputa del US Open. La c\u00e1ntabra volvi\u00f3  &#8230; a ganar en la madrugada de este viernes y se planta en la ronda de diceiseisavos de final. Lo ha hecho, en un encuentro igualad\u00edsimo y muy largo -tres horas justas-, tras derrotar a la japonesa Himeno Sakatsume, la 144 del mundo y procedente de la previa, por 7-6, 6-7 y 7-6, en el s\u00faper &#8216;tie break&#8217;.<\/p>\n<p class=\"v-d-p\">En la primera manga, Bucsa marc\u00f3 la pauta tras romper el saque de la nipona en el quinto juego, pero la asi\u00e1tica recuper\u00f3 el paso justo para evitar la primera bola de set de la torrelaveguense. As\u00ed, mand\u00f3 el juego al tie break, que la c\u00e1ntabra se llev\u00f3 por 8-6. <\/p>\n<p class=\"v-d-p\">El segundo set comenz\u00f3 desatado, con cinco roturas de saque en los cinco primeros juegos. Ahora tuvo que ser Bucsa la que, con el 5-5, mandase el desenlace al tie break, pero ah\u00ed la japonesa le endos\u00f3 un 7-0 que igual\u00f3 la contienda antes del set decisivo. <\/p>\n<p class=\"v-d-p\">Esa manga final se pareci\u00f3 a la primera. Con Bucsa adelant\u00e1ndose pronto y con Sakatsume poniendo las tablas en el 5-5. Hubo otras dos break consecutivos que terminaron, una vez m\u00e1s, con las tenistas jug\u00e1ndosela a la loter\u00eda. En ese s\u00faper tie break, Bucsa impuso su favoritismo y se llev\u00f3 el encuentro con un 10-6 parcial. <\/p>\n<p class=\"v-d-p\">La c\u00e1ntabra se enfrentar\u00e1 en la jornada de este s\u00e1bado a la estadounidense Coco Gauff, n\u00famero 4 del mundo, y que llega a esta ronda tras eliminar a la tambi\u00e9n espa\u00f1ola Paula Badosa por 4-6 y 6-7. Bucsa, 40\u00aa del r\u00e1nking, intentar\u00e1 dar la sorpresa para defender los octavos de final que alcanz\u00f3 la pasada temporada en este torneo del Grand Slam. <\/p>\n","protected":false},"excerpt":{"rendered":"Cristina Bucsa parece haber dejado atr\u00e1s su mala racha de resultados en un momento clave, como es la&hellip;\n","protected":false},"author":2,"featured_media":747212,"comment_status":"","ping_status":"","sticky":false,"template":"","format":"standard","meta":{"footnotes":""},"categories":[274],"tags":[6415,25738,168,25,24,5829,1262,23,167,327,326],"class_list":["post-747211","post","type-post","status-publish","format-standard","has-post-thumbnail","category-tenis","tag-adelante","tag-bucsa","tag-deportes","tag-es","tag-espana","tag-open","tag-sigue","tag-spain","tag-sports","tag-tenis","tag-tennis"],"share_on_mastodon":{"url":"https:\/\/pubeurope.com\/@es\/117212146058251641","error":""},"_links":{"self":[{"href":"https:\/\/www.europesays.com\/es\/wp-json\/wp\/v2\/posts\/747211","targetHints":{"allow":["GET"]}}],"collection":[{"href":"https:\/\/www.europesays.com\/es\/wp-json\/wp\/v2\/posts"}],"about":[{"href":"https:\/\/www.europesays.com\/es\/wp-json\/wp\/v2\/types\/post"}],"author":[{"embeddable":true,"href":"https:\/\/www.europesays.com\/es\/wp-json\/wp\/v2\/users\/2"}],"replies":[{"embeddable":true,"href":"https:\/\/www.europesays.com\/es\/wp-json\/wp\/v2\/comments?post=747211"}],"version-history":[{"count":0,"href":"https:\/\/www.europesays.com\/es\/wp-json\/wp\/v2\/posts\/747211\/revisions"}],"wp:featuredmedia":[{"embeddable":true,"href":"https:\/\/www.europesays.com\/es\/wp-json\/wp\/v2\/media\/747212"}],"wp:attachment":[{"href":"https:\/\/www.europesays.com\/es\/wp-json\/wp\/v2\/media?parent=747211"}],"wp:term":[{"taxonomy":"category","embeddable":true,"href":"https:\/\/www.europesays.com\/es\/wp-json\/wp\/v2\/categories?post=747211"},{"taxonomy":"post_tag","embeddable":true,"href":"https:\/\/www.europesays.com\/es\/wp-json\/wp\/v2\/tags?post=747211"}],"curies":[{"name":"wp","href":"https:\/\/api.w.org\/{rel}","templated":true}]}}