{"id":747247,"date":"2026-09-04T10:12:20","date_gmt":"2026-09-04T10:12:20","guid":{"rendered":"https:\/\/www.europesays.com\/es\/747247\/"},"modified":"2026-09-04T10:12:20","modified_gmt":"2026-09-04T10:12:20","slug":"la-vuelta-a-espana-2026-pasa-por-cordoba-mapa-recorrido-horarios-y-todos-los-pueblos-por-los-que-cruzara-el-peloton","status":"publish","type":"post","link":"https:\/\/www.europesays.com\/es\/747247\/","title":{"rendered":"La Vuelta a Espa\u00f1a 2026 pasa por C\u00f3rdoba: mapa, recorrido, horarios y todos los pueblos por los que cruzar\u00e1 el pelot\u00f3n"},"content":{"rendered":"<p class=\"ft-text\">La <a class=\"ft-link ft-link--decoration\" href=\"https:\/\/www.diariocordoba.com\/vuelta-espana\/2026\/08\/22\/entrevista-javier-guillen-director-vuelta-pogacar-referencia-deporte-133561202.html\" rel=\"nofollow noopener\" target=\"_blank\">Vuelta Ciclista a Espa\u00f1a 2026<\/a> tiene en esta edici\u00f3n un recorrido muy andaluz.<strong> De las 21 etapas<\/strong> que componen el paisaje por el que competir\u00e1n algunos de los mejores ciclistas del planeta, <strong>un total de 10 recorren exclusivamente provincias andaluzas<\/strong>. Es decir, <strong>pr\u00e1cticamente el 50<\/strong>% de todo el <strong>recorrido<\/strong> est\u00e1 compuesto por etapas con salida, llegada y recorrido pleno en Andaluc\u00eda.<\/p>\n<p class=\"ft-text\"><a class=\"ft-link ft-link--decoration\" href=\"https:\/\/www.diariocordoba.com\/cordoba-ciudad\/2026\/09\/01\/vas-ver-vuelta-espana-2026-cordoba-mejores-lugares-horario-peloton-133565419.html\" rel=\"nofollow noopener\" target=\"_blank\">En el caso de C\u00f3rdoba, <\/a>se correr\u00e1 <a class=\"ft-link ft-link--decoration\" href=\"https:\/\/www.lavuelta.es\/es\/etapa-15\" rel=\"nofollow noopener\" target=\"_blank\">una etapa, la n\u00famero 15<\/a>, con una altimetr\u00eda de media monta\u00f1a que la convertir\u00e1 en ideal para fugas e incluso para un final al esprint. Se disputa el <strong>domingo 6 de septiembre<\/strong>, justo despu\u00e9s de un calendario rompepiernas con <strong>dos etapas de monta\u00f1a y otra de media monta\u00f1a<\/strong>. <strong>Calar Alto, Loja y Sierra de la Pandera<\/strong> escoltan la llegada del pelot\u00f3n a la provincia de C\u00f3rdoba. <a class=\"ft-link ft-link--decoration\" href=\"https:\/\/www.diariocordoba.com\/deportes\/2026\/08\/09\/vuelta-espana-cordoba-pogacar-devolvera-133202177.html\" rel=\"nofollow noopener\" target=\"_blank\">Tres monumentos que ser\u00e1n claves para definir el podio e incluso el probable ganador del maillot rojo de vencedor de la Vuelta<\/a>, por lo que los principales favoritos podr\u00edan llegar con el est\u00f3mago lleno a su cita con la provincia de C\u00f3rdoba, dejando espacio para que <strong>clasic\u00f3manos, expertos en fugas y alg\u00fan que otro esprinter<\/strong> que vaya bien para arriba se disputen la victoria.<\/p>\n<p>Casi 190 kil\u00f3metros con salida en Palma del R\u00edo y meta en C\u00f3rdoba<\/p>\n<p class=\"ft-text\">Para finalizar la segunda semana de competici\u00f3n, <strong>Palma del R\u00edo acoge la salida de un recorrido de 189,7 kil\u00f3metros con llegada en C\u00f3rdoba y una subida total de 3.130 metros<\/strong>. Seg\u00fan explica el director t\u00e9cnico de la Vuelta a Espa\u00f1a, el m\u00edtico escalador <strong>Fernando Escart\u00edn<\/strong>, en la web oficial de la competici\u00f3n, \u201cla Sierra Morena cordobesa acoger\u00e1 una <strong>etapa sinuosa, con un terreno rompepiernas, antes del \u00faltimo d\u00eda de descanso<\/strong>. Una etapa con <strong>perfil de cl\u00e1sica<\/strong> donde los ciclistas que vayan por delante podr\u00edan tener alguna ventaja en el tradicional final en C\u00f3rdoba, donde <strong>un grupo reducido podr\u00eda jugarse la victoria\u201d.<\/strong><\/p>\n<p><img decoding=\"async\" src=\"https:\/\/www.europesays.com\/es\/wp-content\/uploads\/2026\/09\/105dc52f-9dcc-4050-8775-902a3795c975_alta-libre-aspect-ratio_default_0_x600y322.jpg\" width=\"1200\" height=\"967\" alt=\"Mapa con el recorrido completo de la Vuelta a Espa\u00f1a 2026.\" class=\"ft-helper-img-rd\" loading=\"lazy\" fetchpriority=\"auto\"\/><\/p>\n<p class=\"ft-helper-fontColor-quaternary ft-helper-fontSize-body-S ft-helper-spacer-t-xxs\">Mapa con el recorrido completo de la Vuelta a Espa\u00f1a 2026.  \/ Web de la Vuelta a Espa\u00f1a<\/p>\n<p class=\"ft-text\">Es precisamente ese <strong>momento de transici\u00f3n entre finales en alto de mucha entidad y la \u00faltima jornada de descanso<\/strong> lo que hacen de la etapa entre Palma del R\u00edo y C\u00f3rdoba un <strong>escenario ideal para un aut\u00e9ntico zafarrancho de combate<\/strong> que deje vibrantes im\u00e1genes en las carreteras de nuestra provincia.<\/p>\n<p>Recorrido de la etapa 15 en la provincia de C\u00f3rdoba<\/p>\n<p class=\"ft-text\">La etapa <strong>parte de Palma del R\u00edo a las 12.46 horas del domingo 6 de septiembre<\/strong>. Posteriormente, se dirige hacia <strong>Posadas <\/strong>antes de girar en direcci\u00f3n al <strong>Puerto de la Forestal, de tercera categor\u00eda<\/strong>, en la carretera de Villaviciosa. Un alto de <strong>6,7 kil\u00f3metros al 4,1% <\/strong>de desnivel medio que seguramente servir\u00e1 para hacer la primera selecci\u00f3n de la etapa y la formaci\u00f3n de la fuga.<\/p>\n<p><img decoding=\"async\" src=\"https:\/\/www.europesays.com\/es\/wp-content\/uploads\/2026\/09\/6b49961b-9149-4131-afcd-387a3b1548d4_alta-libre-aspect-ratio_default_0_x609y140.jpg\" width=\"1200\" height=\"415\" alt=\"Recorrido de la etapa entre Palma del R\u00edo y C\u00f3rdoba, en la Vuelta a Espa\u00f1a 2026.\" class=\"ft-helper-img-rd\" loading=\"lazy\" fetchpriority=\"auto\"\/><\/p>\n<p class=\"ft-helper-fontColor-quaternary ft-helper-fontSize-body-S ft-helper-spacer-t-xxs\">Recorrido de la etapa entre Palma del R\u00edo y C\u00f3rdoba, en la Vuelta a Espa\u00f1a 2026.  \/ Web de la Vuelta a Espa\u00f1a<\/p>\n<p class=\"ft-text\">Luego, habr\u00e1 un <strong>recorrido rompepiernas por la Sierra de C\u00f3rdoba<\/strong>, con llegada a <strong>Villaviciosa de C\u00f3rdoba<\/strong> a las 14.19 horas, hora aproximada, y a <strong>Espiel <\/strong>a las 13.44 horas. Ser\u00e1 entonces cuando los ciclistas se dirijan, a trav\u00e9s de la <strong>N-502<\/strong> y de la <strong>N-432<\/strong>, en direcci\u00f3n al <strong>Alto de Villaviciosa<\/strong>, que comenzar\u00e1n a subir a las 14.26 horas. Es otro puerto de tercera categor\u00eda, con <strong>5,7 kil\u00f3metros de ascenso al 4,8% de desnivel medio<\/strong>.<\/p>\n<p class=\"ft-text\">Coronado en el kil\u00f3metro 121,5, a partir de entonces la emoci\u00f3n ir\u00e1 in crescendo por la cercan\u00eda a la resoluci\u00f3n final de la etapa. <strong>La fuga de la fuga, como se conoce popularmente al selecto grupo<\/strong> que quedar\u00e1 vivo de la fuga inicial, <strong>tendr\u00e1 32 kil\u00f3metros para combatir contra el pelot\u00f3n<\/strong>, <strong>entre las lomas de Villaviciosa y Santa Mar\u00eda de Trassierra<\/strong>, antes de llegar al punto decisivo y, seguramente, el que m\u00e1s espectadores cordobeses tendr\u00e1 sobre la calzada: <strong>Puerto Artafi<\/strong>. El <strong>nivel 3 <\/strong>de categor\u00eda enga\u00f1a: los senderistas y ciclistas cordobeses saben que tiene determinadas cuestas muy empinadas, por lo que el <strong>desnivel de 5,6 es un caramelo <\/strong>para aquellos <strong>ciclistas acostumbrados a competir en la Vuelta de Andaluc\u00eda<\/strong>, que tendr\u00e1n en esa experiencia un aprendizaje que puede marcar la diferencia a la hora de elegir el lugar en el que atacar.<\/p>\n<p><img decoding=\"async\" src=\"https:\/\/www.europesays.com\/es\/wp-content\/uploads\/2026\/09\/8bad2652-ab68-41fb-9a63-5ad988429ab1_alta-libre-aspect-ratio_default_0_x1000y444.jpg\" width=\"1200\" height=\"800\" alt=\"4 media marat\u00f3n mtb diario cordoba a por la sierra de cordoba bicicletas bicis\" class=\"ft-helper-img-rd\" loading=\"lazy\" fetchpriority=\"auto\"\/><\/p>\n<p class=\"ft-helper-fontColor-quaternary ft-helper-fontSize-body-S ft-helper-spacer-t-xxs\">Ciclistas por la Sierra de C\u00f3rdoba, en una etapa de la MTB Guzm\u00e1n el Bueno.  \/ Manuel Murillo<\/p>\n<p class=\"ft-text\">Porque, <strong>una vez coronado Puerto Artafi, en el 153, apenas quedan 36 kil\u00f3metros para la l\u00ednea de meta<\/strong>, situada en la <strong>avenida Vallellano<\/strong>. Casi todo cuesta abajo, y buena parte por las calles del casco urbano de C\u00f3rdoba, a las que se llegar\u00e1 en el kil\u00f3metro 171.<\/p>\n<p>El final de la etapa, por las calles de C\u00f3rdoba<\/p>\n<p class=\"ft-text\">La <strong>entrada a C\u00f3rdoba se har\u00e1 por la avenida del Brillante<\/strong>, a la que se llegar\u00e1 desde Las Ermitas. Posteriormente, el pelot\u00f3n avanzar\u00e1 por la avenida de los Piconeros, avenida de la Igualdad, <strong>avenida de Carlos III<\/strong>, avenida de Libia, Compositor Rafael Castro, avenida del <strong>Campo de la Verdad<\/strong> y la <strong>avenida de C\u00e1diz<\/strong>.<\/p>\n<p><img decoding=\"async\" src=\"https:\/\/www.europesays.com\/es\/wp-content\/uploads\/2026\/09\/b0fa3d6f-3683-455d-9e18-4cace7a182a8_alta-libre-aspect-ratio_default_0_x600y266.jpg\" width=\"1200\" height=\"800\" alt=\"Llegada de la Vuelta a Espa\u00f1a 2024 a C\u00f3rdoba.\" class=\"ft-helper-img-rd\" loading=\"lazy\" fetchpriority=\"auto\"\/><\/p>\n<p class=\"ft-helper-fontColor-quaternary ft-helper-fontSize-body-S ft-helper-spacer-t-xxs\">Llegada de la Vuelta a Espa\u00f1a 2024 a C\u00f3rdoba.  \/ A. J. Gonz\u00e1lez<\/p>\n<p class=\"ft-text\">Fulgurante ser\u00e1 el paso del <strong>ramillete de selectos<\/strong> que se jugar\u00e1 la victoria final (y por tanto digno de ver) en el <strong>puente de San Rafael<\/strong>. Con el r\u00edo Guadalquivir a su espalda, los ciclistas <strong>dar\u00e1n el do de pecho definitivo en la avenida Vallellano<\/strong>, donde se dilucidar\u00e1 la victoria.<\/p>\n","protected":false},"excerpt":{"rendered":"La Vuelta Ciclista a Espa\u00f1a 2026 tiene en esta edici\u00f3n un recorrido muy andaluz. De las 21 etapas&hellip;\n","protected":false},"author":2,"featured_media":747248,"comment_status":"","ping_status":"","sticky":false,"template":"","format":"standard","meta":{"footnotes":""},"categories":[273],"tags":[3076,132688,132691,132693,132692,132690,132689,313,2760,312,168,25,24,4074,23373,3954,8419,1786,132687,23,167,1357],"class_list":["post-747247","post","type-post","status-publish","format-standard","has-post-thumbnail","category-ciclismo","tag-3076","tag-barriada-de-trassierra","tag-barrio-de-el-brillante","tag-barrio-de-fatima","tag-barrio-de-levante","tag-barrio-del-campo-de-la-verdad","tag-barrio-del-sector-sur","tag-ciclismo","tag-cordoba","tag-cycling","tag-deportes","tag-es","tag-espana","tag-horarios","tag-mapa","tag-pasa","tag-pueblos","tag-recorrido","tag-sierra-de-cordoba","tag-spain","tag-sports","tag-vuelta"],"share_on_mastodon":{"url":"https:\/\/pubeurope.com\/@es\/117212241238468874","error":""},"_links":{"self":[{"href":"https:\/\/www.europesays.com\/es\/wp-json\/wp\/v2\/posts\/747247","targetHints":{"allow":["GET"]}}],"collection":[{"href":"https:\/\/www.europesays.com\/es\/wp-json\/wp\/v2\/posts"}],"about":[{"href":"https:\/\/www.europesays.com\/es\/wp-json\/wp\/v2\/types\/post"}],"author":[{"embeddable":true,"href":"https:\/\/www.europesays.com\/es\/wp-json\/wp\/v2\/users\/2"}],"replies":[{"embeddable":true,"href":"https:\/\/www.europesays.com\/es\/wp-json\/wp\/v2\/comments?post=747247"}],"version-history":[{"count":0,"href":"https:\/\/www.europesays.com\/es\/wp-json\/wp\/v2\/posts\/747247\/revisions"}],"wp:featuredmedia":[{"embeddable":true,"href":"https:\/\/www.europesays.com\/es\/wp-json\/wp\/v2\/media\/747248"}],"wp:attachment":[{"href":"https:\/\/www.europesays.com\/es\/wp-json\/wp\/v2\/media?parent=747247"}],"wp:term":[{"taxonomy":"category","embeddable":true,"href":"https:\/\/www.europesays.com\/es\/wp-json\/wp\/v2\/categories?post=747247"},{"taxonomy":"post_tag","embeddable":true,"href":"https:\/\/www.europesays.com\/es\/wp-json\/wp\/v2\/tags?post=747247"}],"curies":[{"name":"wp","href":"https:\/\/api.w.org\/{rel}","templated":true}]}}