{"id":747249,"date":"2026-09-04T10:14:54","date_gmt":"2026-09-04T10:14:54","guid":{"rendered":"https:\/\/www.europesays.com\/es\/747249\/"},"modified":"2026-09-04T10:14:54","modified_gmt":"2026-09-04T10:14:54","slug":"la-laguna-tenerife-comienza-con-buenas-sensaciones-en-el-primer-test-estival","status":"publish","type":"post","link":"https:\/\/www.europesays.com\/es\/747249\/","title":{"rendered":"La Laguna Tenerife comienza con buenas sensaciones en el primer test estival"},"content":{"rendered":"<p class=\"ContentTypeText-module-scss-module__t80MYq__content__paragraph\"><strong><a class=\"ContentTypeText-module-scss-module__t80MYq__content__link\" href=\"https:\/\/acb.com\/es\/liga\/tabla-pretemporada\/tabla-de-pretemporada-2026-27\" target=\"_blank\" rel=\"noopener nofollow\" node=\"[object Object]\">Consulta todos los resultados y encuentros de pretemporada<\/a><\/strong><\/p>\n<p class=\"ContentTypeText-module-scss-module__t80MYq__content__paragraph\"><strong><a class=\"ContentTypeText-module-scss-module__t80MYq__content__link\" href=\"https:\/\/acb.com\/docs\/descarga\/Pretemporada2627\/statstenerifegranca.pdf\" target=\"_blank\" rel=\"noopener nofollow\" node=\"[object Object]\">Estad\u00edsticas del partido<\/a><\/strong><\/p>\n<p class=\"ContentTypeText-module-scss-module__t80MYq__content__paragraph\">La Laguna Tenerife estren\u00f3 este jueves su calendario de pretemporada con un triunfo ante el Gran Canaria (96-84) en un amistoso celebrado a puerta cerrada en el Santiago Mart\u00edn. Por encima del resultado, sin relevancia en pleno rodaje estival, el de esta tarde fue un test fruct\u00edfero para el grupo de <strong>Jaka Lakovic<\/strong> de cara a ir cogiendo ritmo y buenas sensaciones camino del inicio oficial de la competici\u00f3n, previsto para el d\u00eda 27 de septiembre.<\/p>\n<p class=\"ContentTypeText-module-scss-module__t80MYq__content__paragraph\">El equipo aurinegro incluy\u00f3 en el roster de hoy a catorce jugadores, trece pertenecientes al plantel profesional y el base U22, <strong>Rafa Rodr\u00edguez<\/strong>. Am\u00e9n de la consabida ausencia de <strong>Rokas Giedraitis<\/strong>, que se recupera de la grave lesi\u00f3n sufrida el curso pasado, no jug\u00f3, por descanso, <strong>Bruno Fitipaldo<\/strong>, reci\u00e9n llegado de Montevideo, tras disputar los dos encuentros de la ventana FIBA clasificatoria para el Mundial.<\/p>\n<p class=\"ContentTypeText-module-scss-module__t80MYq__content__paragraph\">El nuevo jefe del banquillo canarista aprovech\u00f3 la ocasi\u00f3n para repartir minutos (ninguno jug\u00f3 m\u00e1s de 18) e ir afianzando conceptos, en un choque que los suyos manejaron con solvencia, un gran trabajo en el rebote (42 por 27 del rival) y sentido colectivo, con hasta cinco jugadores en dobles d\u00edgitos de anotaci\u00f3n. La cita sirvi\u00f3 tambi\u00e9n para el estreno de las seis caras nuevas del roster insular.<\/p>\n<p class=\"ContentTypeText-module-scss-module__t80MYq__content__paragraph\">El choque naci\u00f3 con los anfitriones sumando de tres en tres, bien desde m\u00e1s all\u00e1 del 6,75 como, incluso, desde el tiro libre (11-4); y cargando muy bien el rebote ofensivo. Fiel al t\u00edpico gui\u00f3n de pretemporada, el staff t\u00e9cnico tinerfe\u00f1o introdujo rotaciones con m\u00faltiples cambios de cara a que los suyos fueran ampliando su cuentakil\u00f3metros estival.<\/p>\n<p class=\"ContentTypeText-module-scss-module__t80MYq__content__paragraph\">El conjunto aurinegro, pese a que enhebr\u00f3 varias corbatas desde el triple, manejaba rentas en torno a la decena de puntos (20-9, 26-16); si bien camino del descanso el Granca firmaba un parcial de 1-13  para ponerse por delante (34-37); circunstancia resuelta por la pertinente reacci\u00f3n canarista, con los exteriores asumiendo responsabilidades en ataque, con <strong>Wesley Van Beck<\/strong> a la cabeza en el apartado anotador (47-44, min, 20).<\/p>\n<p class=\"ContentTypeText-module-scss-module__t80MYq__content__paragraph\">Tras el paso por vestuarios, La Laguna Tenerife recuper\u00f3 su fluidez con un buen arranque de cuarto en el que <strong>Ethan Happ<\/strong>, primero, y <strong>Gio Shermadini<\/strong>, despu\u00e9s, fueron marcando territorio. El Canarias jugaba bien sus bazas y mandaba en el electr\u00f3nico (73-59, min.30) camino del final. La renta local alcanz\u00f3 incluso los 17 puntos (87-70, min. 34), antes de que el Granca, que tuvo en <strong>Fran Guerra<\/strong> a su mejor hombre, minimizara da\u00f1os y mejorara prestaciones para el 96-84 definitivo.<\/p>\n<p class=\"ContentTypeText-module-scss-module__t80MYq__content__paragraph\">La escuadra tinerfe\u00f1a tendr\u00e1 ma\u00f1ana sesi\u00f3n matinal de recuperaci\u00f3n para luego viajar hasta tierras peninsulares, donde el s\u00e1bado visitar\u00e1 al Casademont Zaragoza, en su segundo amistoso de pretemporada, a disputarse en Utebo (17:30 hora insular, en directo por la web de la TV Canaria: <a class=\"ContentTypeText-module-scss-module__t80MYq__content__link\" href=\"http:\/\/www.rtvc.es\" target=\"_blank\" rel=\"noopener nofollow\" node=\"[object Object]\">www.rtvc.es<\/a>).<\/p>\n","protected":false},"excerpt":{"rendered":"Consulta todos los resultados y encuentros de pretemporada Estad\u00edsticas del partido La Laguna Tenerife estren\u00f3 este jueves su&hellip;\n","protected":false},"author":2,"featured_media":747250,"comment_status":"","ping_status":"","sticky":false,"template":"","format":"standard","meta":{"footnotes":""},"categories":[269],"tags":[299,298,168,25,24,23,167],"class_list":["post-747249","post","type-post","status-publish","format-standard","has-post-thumbnail","category-baloncesto","tag-baloncesto","tag-basketball","tag-deportes","tag-es","tag-espana","tag-spain","tag-sports"],"share_on_mastodon":{"url":"https:\/\/pubeurope.com\/@es\/117212251617137110","error":""},"_links":{"self":[{"href":"https:\/\/www.europesays.com\/es\/wp-json\/wp\/v2\/posts\/747249","targetHints":{"allow":["GET"]}}],"collection":[{"href":"https:\/\/www.europesays.com\/es\/wp-json\/wp\/v2\/posts"}],"about":[{"href":"https:\/\/www.europesays.com\/es\/wp-json\/wp\/v2\/types\/post"}],"author":[{"embeddable":true,"href":"https:\/\/www.europesays.com\/es\/wp-json\/wp\/v2\/users\/2"}],"replies":[{"embeddable":true,"href":"https:\/\/www.europesays.com\/es\/wp-json\/wp\/v2\/comments?post=747249"}],"version-history":[{"count":0,"href":"https:\/\/www.europesays.com\/es\/wp-json\/wp\/v2\/posts\/747249\/revisions"}],"wp:featuredmedia":[{"embeddable":true,"href":"https:\/\/www.europesays.com\/es\/wp-json\/wp\/v2\/media\/747250"}],"wp:attachment":[{"href":"https:\/\/www.europesays.com\/es\/wp-json\/wp\/v2\/media?parent=747249"}],"wp:term":[{"taxonomy":"category","embeddable":true,"href":"https:\/\/www.europesays.com\/es\/wp-json\/wp\/v2\/categories?post=747249"},{"taxonomy":"post_tag","embeddable":true,"href":"https:\/\/www.europesays.com\/es\/wp-json\/wp\/v2\/tags?post=747249"}],"curies":[{"name":"wp","href":"https:\/\/api.w.org\/{rel}","templated":true}]}}