{"id":747251,"date":"2026-09-04T10:16:17","date_gmt":"2026-09-04T10:16:17","guid":{"rendered":"https:\/\/www.europesays.com\/es\/747251\/"},"modified":"2026-09-04T10:16:17","modified_gmt":"2026-09-04T10:16:17","slug":"maldini-suelta-la-bomba-la-mejor-plantilla-de-europa-es-la-del-barca","status":"publish","type":"post","link":"https:\/\/www.europesays.com\/es\/747251\/","title":{"rendered":"Maldini suelta la bomba: \u00abLa mejor plantilla de Europa es la del Bar\u00e7a\u00bb"},"content":{"rendered":"<p class=\"ft-text\"><strong>Maldini <\/strong>ha vuelto a agitar el panorama futbol\u00edstico europeo con una afirmaci\u00f3n contundente: <strong>la mejor plantilla del continente es la del Bar\u00e7a<\/strong>. Lo hace en uno de sus v\u00eddeos al volante, un formato ya cl\u00e1sico en Mundo Maldini, donde analiza la profundidad real de los grandes equipos.<\/p>\n<p class=\"ft-text\">El analista insiste en una idea clave: <strong>plantilla no es once titular<\/strong>. Para \u00e9l, la grandeza de un equipo se mide por la capacidad de sostener el nivel cuando entran los suplentes, cuando hay lesiones, cuando la temporada se hace larga. Y ah\u00ed, seg\u00fan su criterio, el Bar\u00e7a domina.<\/p>\n<p class=\"ft-text\">El experto ordena nueve equipos \u00abde menos a m\u00e1s\u00bb, valorando la calidad global de sus recursos. El Inter abre la lista y el Bar\u00e7a la cierra. Su an\u00e1lisis se basa en tres pilares:<\/p>\n<ul class=\"ft-list ft-list--primary\" data-aida-text=\"\">\n<li class=\"ft-list__item\"><strong>Profundidad real<\/strong>: cu\u00e1ntos jugadores de nivel tiene cada equipo.<\/li>\n<li class=\"ft-list__item\"><strong>Duplicidad de posiciones<\/strong>: si hay alternativas fiables en cada rol.<\/li>\n<li class=\"ft-list__item\"><strong>Capacidad de sostener el rendimiento<\/strong>: especialmente en Champions, donde los detalles deciden.<\/li>\n<\/ul>\n<p class=\"ft-text\">Maldini reconoce que algunos equipos tienen un once titular espectacular, pero sufren cuando miran al banquillo. Otros, en cambio, mantienen el nivel con naturalidad.<\/p>\n<p>Los equipos que se quedan cortos<\/p>\n<p class=\"ft-text\"><strong>Inter<\/strong> y <strong>Liverpool<\/strong> ocupan las \u00faltimas posiciones. Para Maldini, ambos tienen un buen once, pero <strong>pierden demasiada calidad en las rotaciones<\/strong>. El <strong>Inter<\/strong>, pese a ser el mejor equipo de Italia, muestra una plantilla envejecida y con suplentes que bajan el nivel. El <strong>Liverpool<\/strong>, aunque reforzado, no alcanza la profundidad de los gigantes europeos.<\/p>\n<p><img decoding=\"async\" src=\"https:\/\/www.europesays.com\/es\/wp-content\/uploads\/2026\/09\/a6fa12c9-3ff6-4cbb-8bdc-10dc0abf4c20_alta-libre-aspect-ratio_default_0_x1000y420.jpg\" width=\"1200\" height=\"756\" alt=\"LIVERPOOL (United Kingdom), 29\/08\/2026.- Virgil van Dijk (C-L) and Jeremy Jacquet (C-R) of Liverpool in action during the English Premier League match Liverpool FC against Nottingham Forest, in Liverpool, Britain, 29 August 2026. (Reino Unido) EFE\/EPA\/ADAM VAUGHAN EDITORIAL USE ONLY. No use with unauthorized audio, video, data, fixture lists, club\/league logos, 'live' services or NFTs. Online in-match use limited to 120 images, no video emulation. No use in betting, games or single club\/league\/player publications.\" class=\"ft-helper-img-rd\" loading=\"lazy\" fetchpriority=\"auto\"\/><\/p>\n<p class=\"ft-helper-fontColor-quaternary ft-helper-fontSize-body-S ft-helper-spacer-t-xxs\">LIVERPOOL  \/ ADAM VAUGHAN \/ EFE<\/p>\n<p class=\"ft-text\">El <strong>Atl\u00e9tico de Madrid<\/strong>, s\u00e9ptimo, destaca por su variedad de centrales y centrocampistas. Maldini valora especialmente la llegada del Cuti Romero y la capacidad del equipo para tener m\u00faltiples soluciones en el mediocampo y en las bandas.<\/p>\n<p>El Bayern y el PSG: grandes titulares, dudas en el fondo<\/p>\n<p class=\"ft-text\">El <strong>Bayern<\/strong> tiene un once poderoso, pero suplentes que no mantienen el nivel. Maldini lo sit\u00faa por detr\u00e1s del PSG, aunque advierte que el campe\u00f3n de Europa tambi\u00e9n sufre cuando se mira m\u00e1s all\u00e1 de sus titulares.<\/p>\n<p><img decoding=\"async\" src=\"https:\/\/www.europesays.com\/es\/wp-content\/uploads\/2026\/09\/ddccc1f9-24f8-4c85-8336-f58b40ed5f83_alta-libre-aspect-ratio_default_0_x600y225.jpg\" width=\"1200\" height=\"675\" alt=\"El Bayern gole\u00f3 en el estreno\" class=\"ft-helper-img-rd\" loading=\"lazy\" fetchpriority=\"auto\"\/><\/p>\n<p class=\"ft-helper-fontColor-quaternary ft-helper-fontSize-body-S ft-helper-spacer-t-xxs\">El Bayern gole\u00f3 en el estreno  \/ ANNA SZILAGYI<\/p>\n<p class=\"ft-text\">El <strong>PSG<\/strong> posee un once brillante con Demb\u00e9l\u00e9, Kvaratskhelia, Dou\u00e9 al frente, pero menos duplicidad en posiciones clave. Para Maldini, su plantilla es excelente, pero no tan completa como parece.<\/p>\n<p>City y Arsenal: profundidad de \u00e9lite<\/p>\n<p class=\"ft-text\">El <strong>Manchester City<\/strong> es, seg\u00fan Maldini, el equipo con m\u00e1s puestos doblados de Europa. Bouaddi, Enzo Fern\u00e1ndez, Anderson, Doku, Foden, Cherky, Haaland\u2026 La lista es interminable. Para \u00e9l, <strong>la plantilla del City es superior a la del PSG<\/strong>, aunque el once titular del conjunto franc\u00e9s pueda ser m\u00e1s explosivo en ciertos momentos.<\/p>\n<p class=\"ft-text\">El <strong>Arsenal<\/strong>, tercero, sorprende por la calidad de jugadores que ser\u00edan suplentes: Merino, Zubimendi, Madueke, Hincapie. Maldini destaca que el equipo de Arteta tiene recursos para competir en todas las l\u00edneas.<\/p>\n<p><img decoding=\"async\" src=\"https:\/\/www.europesays.com\/es\/wp-content\/uploads\/2026\/09\/06a1853d-dd10-4245-9c73-9a7299f44c54_alta-libre-aspect-ratio_default_0_x600y225.jpg\" width=\"1200\" height=\"675\" alt=\"El Arsenal, celebrando el gol inicial de Calafiori\" class=\"ft-helper-img-rd\" loading=\"lazy\" fetchpriority=\"auto\"\/><\/p>\n<p class=\"ft-helper-fontColor-quaternary ft-helper-fontSize-body-S ft-helper-spacer-t-xxs\">El Arsenal, celebrando el gol inicial de Calafiori  \/ DIMITRIS LEGAKIS<\/p>\n<p>El Real Madrid: potencia ofensiva, dependencia creativa<\/p>\n<p class=\"ft-text\">Maldini coloca al <strong>Real Madrid<\/strong> en segunda posici\u00f3n, muy cerca del liderato. Destaca su profundidad en ataque con Mbapp\u00e9, Vinicius, Diomande, G\u00fcler, Brahim y la capacidad de Valverde para llegar desde segunda l\u00ednea.<\/p>\n<p class=\"ft-text\">Sin embargo, detecta un punto d\u00e9bil: <strong>la creaci\u00f3n en el mediocampo<\/strong>. Para \u00e9l, el equipo depende en exceso de Bernardo Silva para gobernar los partidos importantes. Aun as\u00ed, considera que la plantilla es una de las dos mejores de Europa.<\/p>\n<p>Por qu\u00e9 el Bar\u00e7a es la mejor plantilla de Europa<\/p>\n<p class=\"ft-text\">Maldini sostiene que el Bar\u00e7a puede formar un once con <strong>Cubarsi, Rodri, Pedri, Ferm\u00edn, Olmo y Lamine Yamal<\/strong>, pr\u00e1cticamente la base de la selecci\u00f3n campeona del mundo. Y aun as\u00ed, varios de ellos ser\u00edan suplentes.<\/p>\n<p><img decoding=\"async\" src=\"https:\/\/www.europesays.com\/es\/wp-content\/uploads\/2026\/09\/ca667a4c-54d7-48a9-9010-febfeb46b975_alta-libre-aspect-ratio_default_0_x600y225.jpg\" width=\"1200\" height=\"675\" alt=\"La alineaci\u00f3n del Bar\u00e7a ante el Rayo Vallecano\" class=\"ft-helper-img-rd\" loading=\"lazy\" fetchpriority=\"auto\"\/><\/p>\n<p class=\"ft-helper-fontColor-quaternary ft-helper-fontSize-body-S ft-helper-spacer-t-xxs\">La alineaci\u00f3n del Bar\u00e7a ante el Rayo Vallecano  \/ Valent\u00ed ENRICH \/ Sport<\/p>\n<p class=\"ft-text\">Destaca la variedad ofensiva, la calidad de los centrocampistas y la capacidad del equipo para <strong>controlar el juego como ning\u00fan otro<\/strong>. Solo ve una ligera duda en el lateral derecho, pero no suficiente para bajarlo del primer puesto. Para \u00e9l, el Bar\u00e7a es \u00abla mejor plantilla de Europa\u00bb ya que dispone del equipo m\u00e1s preparado para competir en una temporada larga, con m\u00faltiples escenarios y exigencias.<\/p>\n<p class=\"ft-text\">Maldini reconoce que muchos no estar\u00e1n de acuerdo, pero defiende que <strong>Bar\u00e7a y Madrid tienen las dos mejores plantillas del f\u00fatbol europeo<\/strong>, con el Bar\u00e7a un paso por delante. Su an\u00e1lisis promete generar discusi\u00f3n entre aficionados, analistas y entrenadores.<\/p>\n","protected":false},"excerpt":{"rendered":"Maldini ha vuelto a agitar el panorama futbol\u00edstico europeo con una afirmaci\u00f3n contundente: la mejor plantilla del continente&hellip;\n","protected":false},"author":2,"featured_media":747252,"comment_status":"","ping_status":"","sticky":false,"template":"","format":"standard","meta":{"footnotes":""},"categories":[268],"tags":[5031,3409,2296,30892,4574,168,25,24,700,256,280,2313,282,1238,35789,2013,1684,1429,281,23,167,31404],"class_list":["post-747251","post","type-post","status-publish","format-standard","has-post-thumbnail","category-futbol","tag-arsenal","tag-atletico-de-madrid","tag-barca","tag-bayern-de-munich","tag-bomba","tag-deportes","tag-es","tag-espana","tag-europa","tag-famosos","tag-football","tag-fuera-de-juego","tag-futbol","tag-liverpool","tag-maldini","tag-manchester-city","tag-mejor","tag-plantilla","tag-soccer","tag-spain","tag-sports","tag-suelta"],"share_on_mastodon":{"url":"https:\/\/pubeurope.com\/@es\/117212256986497373","error":""},"_links":{"self":[{"href":"https:\/\/www.europesays.com\/es\/wp-json\/wp\/v2\/posts\/747251","targetHints":{"allow":["GET"]}}],"collection":[{"href":"https:\/\/www.europesays.com\/es\/wp-json\/wp\/v2\/posts"}],"about":[{"href":"https:\/\/www.europesays.com\/es\/wp-json\/wp\/v2\/types\/post"}],"author":[{"embeddable":true,"href":"https:\/\/www.europesays.com\/es\/wp-json\/wp\/v2\/users\/2"}],"replies":[{"embeddable":true,"href":"https:\/\/www.europesays.com\/es\/wp-json\/wp\/v2\/comments?post=747251"}],"version-history":[{"count":0,"href":"https:\/\/www.europesays.com\/es\/wp-json\/wp\/v2\/posts\/747251\/revisions"}],"wp:featuredmedia":[{"embeddable":true,"href":"https:\/\/www.europesays.com\/es\/wp-json\/wp\/v2\/media\/747252"}],"wp:attachment":[{"href":"https:\/\/www.europesays.com\/es\/wp-json\/wp\/v2\/media?parent=747251"}],"wp:term":[{"taxonomy":"category","embeddable":true,"href":"https:\/\/www.europesays.com\/es\/wp-json\/wp\/v2\/categories?post=747251"},{"taxonomy":"post_tag","embeddable":true,"href":"https:\/\/www.europesays.com\/es\/wp-json\/wp\/v2\/tags?post=747251"}],"curies":[{"name":"wp","href":"https:\/\/api.w.org\/{rel}","templated":true}]}}