{"id":747253,"date":"2026-09-04T10:17:15","date_gmt":"2026-09-04T10:17:15","guid":{"rendered":"https:\/\/www.europesays.com\/es\/747253\/"},"modified":"2026-09-04T10:17:15","modified_gmt":"2026-09-04T10:17:15","slug":"amaia-montero-se-cruza-con-quevedo-y-no-puede-evitar-hacerle-esta-peticion","status":"publish","type":"post","link":"https:\/\/www.europesays.com\/es\/747253\/","title":{"rendered":"Amaia Montero se cruza con Quevedo y no puede evitar hacerle esta petici\u00f3n"},"content":{"rendered":"<p>\n        Decenas de artistas llenaron este jueves los <strong>Premios Juventud<\/strong> de m\u00fasica en el Starlite de Marbella. Aunque la gala de\u00a0Televisa Univisi\u00f3n dio un gran protagonismo a bandas latinas, <strong>grupos como <\/strong><a href=\"https:\/\/www.noticiasdenavarra.com\/tags\/la-oreja-de-van-gogh\/\" title=\"La Oreja de Van Gogh\" class=\"link copy\" rel=\"nofollow noopener\" target=\"_blank\"><strong>La Oreja de Van Gogh<\/strong><\/a><strong> estuvieron en el foco de todas las miradas.<\/strong>\n<\/p>\n<p class=\"article-body__text \">\n        Uno de los momentos m\u00e1s destacados de los premios lleg\u00f3 cuando<strong> <\/strong><a href=\"https:\/\/www.noticiasdenavarra.com\/tags\/amaia-montero\/\" title=\"Amaia Montero\" class=\"link copy\" rel=\"nofollow noopener\" target=\"_blank\"><strong>Amaia Montero<\/strong><\/a><strong> puso conocer a uno de los artistas m\u00e1s internacionales del momento, el canario Quevedo.<\/strong>\n<\/p>\n<p class=\"article-body__text \">\n        La guipuzcoana, que se encontr\u00f3 en la alfombra roja con el artista de temas como La Graciosa o Ni borracho, <strong>quiso pedirle una foto al artista.<\/strong>\n<\/p>\n<p class=\"article-body__text \">\n        Mientras numerosos seguidores ped\u00edan una foto al cantante, <strong>Montero se uni\u00f3 con gran espontaneidad: \u00abYo quiero una para m\u00ed\u00bb.<\/strong>\n<\/p>\n<p class=\"article-body__text \">\n        <strong>\u00abUn placer coincidir en esta vida\u00bb, <\/strong>escribi\u00f3 la vocalista de &#8216;LOVG&#8217; en un post que comparti\u00f3 con sus seguidores, <strong>a lo que el canario coment\u00f3 con varios corazones.<\/strong>\n<\/p>\n<p>  Reconocimiento a &#8216;LOVG&#8217;<\/p>\n<p class=\"article-body__text \">\n        <strong>La Oreja de Van Gogh,<\/strong> que sigue inmersa recorriendo todos los puntos de la geograf\u00eda espa\u00f1ola con su gira de regreso con Amaia Montero,<strong> fue galardonado en esta edici\u00f3n de los premios.<\/strong>\n<\/p>\n<p class=\"article-body__text \">\n        Asimismo, <strong>la banda donostiarra se subi\u00f3 al escenario para interpretar uno de sus mayores hits: <\/strong><strong>Rosas.<\/strong>\n<\/p>\n<p>  Reciente cumplea\u00f1os<\/p>\n<p class=\"article-body__text \">\n        <a href=\"https:\/\/www.noticiasdegipuzkoa.eus\/tags\/amaia-montero\/\" title=\"Amaia Montero\" class=\"link copy\" rel=\"nofollow noopener\" target=\"_blank\"><strong>Amaia Montero<\/strong><\/a><strong> cumpli\u00f3 50 a\u00f1os la semana pasada rodeada de sus seres queridos y a bordo de un velero.<\/strong>\n<\/p>\n<p class=\"article-body__text \">\n        La guipuzcoana comparti\u00f3 un post en Instagram al finalizar la jornada para<strong> agradecer las numerosas felicitaciones y muestras de cari\u00f1o recibidas a lo largo del d\u00eda.<\/strong>\n<\/p>\n<p class=\"article-body__text \">\n        <strong>\u00abHoy ha sido uno de los d\u00edas m\u00e1s felices de mi vida, ha sido perfecto. Rodeada de las personas que m\u00e1s quiero, el mejor regalo de todos. A bordo de los 50 quer\u00eda daros las gracias a tod@s por vuestras felicitaciones y por el amor y el cari\u00f1o que hay en cada una de ellas. Os quiero a morir\u00bb,<\/strong> escribi\u00f3.\n<\/p>\n<p>  Regreso de Amaia a la m\u00fasica<\/p>\n<p class=\"article-body__text \">\n        <strong>\u00abPens\u00e9 que nunca volver\u00eda a pisar un escenario. Baj\u00e9 al mism\u00edsimo infierno, pero con mis cicatrices, despu\u00e9s de luchar mucho, aqu\u00ed estoy\u00bb,<\/strong> fueron las palabras de <a href=\"https:\/\/www.noticiasdegipuzkoa.eus\/tags\/amaia-montero\/\" title=\"Amaia Montero\" class=\"link copy\" rel=\"nofollow noopener\" target=\"_blank\">Amaia Montero<\/a> en su esperado regreso como vocalista de La Oreja de Van Gogh en su primer concierto en Bilbao, <strong>donde reconoci\u00f3 que era \u00abmucho m\u00e1s que un concierto\u00bb.<\/strong>\n<\/p>\n<p class=\"article-body__text \">\n        <strong>Hubo momentos en los que pens\u00e9 que nunca volver\u00eda a pisar un escenario. Estaba perdida, completamente perdida, al punto de no reconocerme. Baj\u00e9 al mism\u00edsimo infierno, y no es una forma de hablar. Hubo much\u00edsimos d\u00edas de oscuridad en los que pens\u00e9 que todo hab\u00eda terminado para m\u00ed (&#8230;) Con mis cicatrices, despu\u00e9s de luchar mucho, aqu\u00ed estoy\u00bb,<\/strong> se sincer\u00f3.\n<\/p>\n<p class=\"article-photo__footer\">\n            Amaia Montero en una foto de archivo            E.P.        <\/p>\n<p>  Amaia Montero: una voz generacional<\/p>\n<p class=\"article-body__text \">\n        <strong>Amaia Montero<\/strong> es una de las cantantes m\u00e1s ic\u00f3nicas del pop gracias a su <strong>timbre inconfundible.<\/strong>\n<\/p>\n<p class=\"article-body__text \">\n        Salt\u00f3 a la fama en 1996 como la vocalista y l\u00edder de <a href=\"https:\/\/www.noticiasdegipuzkoa.eus\/tags\/la-oreja-de-van-gogh\/\" title=\"La Oreja de Van Gogh\" class=\"link copy\" rel=\"nofollow noopener\" target=\"_blank\">La Oreja de Van Gogh<\/a>, <strong>con los que grab\u00f3 cuatro \u00e1lbumes de estudio que se convirtieron en fen\u00f3menos de ventas mundiales y legaron himnos generacionales como &#8216;Rosas&#8217;, &#8217;20 de enero&#8217; o &#8216;Puedes contar conmigo&#8217;.<\/strong>\n<\/p>\n<p class=\"article-body__text \">\n        En 2007 decidi\u00f3 emprender su carrera en solitario abandonando al grupo y lanzando su debut hom\u00f3nimo en 2008 con &#8216;Quiero ser&#8217;. A lo largo de su trayectoria profesional, <strong>Montero ha vendido m\u00e1s de ocho millones de discos y ha cosechado galardones de prestigio internacional, incluidos el Grammy Latino y el MTV Europe Music Award.<\/strong>\n<\/p>\n<p class=\"article-body__text \">\n        Tras a\u00f1os de batallas personales y problemas de salud mental que la mantuvieron alejada de los escenarios, <strong>su reaparici\u00f3n en 2024 junto a Karol G conmovi\u00f3 a la industria musical, y finalmente, en 2025, y tras una forzosa salida de Leire Mart\u00ednez de &#8216;LOVG&#8217;, protagoniz\u00f3 cientos de titulares al reincorporarse como vocalista del grupo vasco, marcando el inicio de una nueva etapa para la banda.<\/strong><\/p>\n","protected":false},"excerpt":{"rendered":"Decenas de artistas llenaron este jueves los Premios Juventud de m\u00fasica en el Starlite de Marbella. Aunque la&hellip;\n","protected":false},"author":2,"featured_media":747254,"comment_status":"","ping_status":"","sticky":false,"template":"","format":"standard","meta":{"footnotes":""},"categories":[174],"tags":[19674,255,11371,146,147,25,24,9189,256,2466,5286,14138,9173,23],"class_list":["post-747253","post","type-post","status-publish","format-standard","has-post-thumbnail","category-famosos","tag-amaia","tag-celebrities","tag-encontrarse","tag-entertainment","tag-entretenimiento","tag-es","tag-espana","tag-esperaba","tag-famosos","tag-montero","tag-nadie","tag-quevedo","tag-reaccion","tag-spain"],"share_on_mastodon":{"url":"https:\/\/pubeurope.com\/@es\/117212259581010166","error":""},"_links":{"self":[{"href":"https:\/\/www.europesays.com\/es\/wp-json\/wp\/v2\/posts\/747253","targetHints":{"allow":["GET"]}}],"collection":[{"href":"https:\/\/www.europesays.com\/es\/wp-json\/wp\/v2\/posts"}],"about":[{"href":"https:\/\/www.europesays.com\/es\/wp-json\/wp\/v2\/types\/post"}],"author":[{"embeddable":true,"href":"https:\/\/www.europesays.com\/es\/wp-json\/wp\/v2\/users\/2"}],"replies":[{"embeddable":true,"href":"https:\/\/www.europesays.com\/es\/wp-json\/wp\/v2\/comments?post=747253"}],"version-history":[{"count":0,"href":"https:\/\/www.europesays.com\/es\/wp-json\/wp\/v2\/posts\/747253\/revisions"}],"wp:featuredmedia":[{"embeddable":true,"href":"https:\/\/www.europesays.com\/es\/wp-json\/wp\/v2\/media\/747254"}],"wp:attachment":[{"href":"https:\/\/www.europesays.com\/es\/wp-json\/wp\/v2\/media?parent=747253"}],"wp:term":[{"taxonomy":"category","embeddable":true,"href":"https:\/\/www.europesays.com\/es\/wp-json\/wp\/v2\/categories?post=747253"},{"taxonomy":"post_tag","embeddable":true,"href":"https:\/\/www.europesays.com\/es\/wp-json\/wp\/v2\/tags?post=747253"}],"curies":[{"name":"wp","href":"https:\/\/api.w.org\/{rel}","templated":true}]}}