{"id":747255,"date":"2026-09-04T10:20:16","date_gmt":"2026-09-04T10:20:16","guid":{"rendered":"https:\/\/www.europesays.com\/es\/747255\/"},"modified":"2026-09-04T10:20:16","modified_gmt":"2026-09-04T10:20:16","slug":"ivan-armesto-padre-a-los-60-mi-hija-llega-en-un-momento-perfecto-de-mi-vida","status":"publish","type":"post","link":"https:\/\/www.europesays.com\/es\/747255\/","title":{"rendered":"Iv\u00e1n Armesto, padre a los 60: \u00abMi hija llega en un momento perfecto de mi vida\u00bb"},"content":{"rendered":"<p>La vida le sonr\u00ede a <a title=\"Iv\u00e1n Armesto\" href=\"https:\/\/www.larazon.es\/gente\/famosos\/ivan-armesto-1-sera-padre-60-anos-novia-21_202606046a21968144a9ef6825eeaa65.html\" target=\"_blank\" rel=\"nofollow noopener\">Iv\u00e1n Armesto<\/a>, <b>finalista de la primera edici\u00f3n de \u00abGran Hermano\u00bb <\/b>y prestigioso director de casting. A sus sesenta a\u00f1os <a title=\"acaba de ser padre\" href=\"https:\/\/www.larazon.es\/gente\/famosos\/ivan-gran-hermano-1-tiene-bebe-brazos-pues-vega-nacio_202608216a885d7271b42a0b5dfcc482.html\" target=\"_blank\" rel=\"nofollow noopener\">acaba de ser padre<\/a> de la que es su segunda hija, primera con su actual pareja sentimental, a la que lleva unido desde hace una d\u00e9cada.<\/p>\n<p>\u00abMe siento inmensamente feliz, es una ni\u00f1a muy buscada y deseada. Y quiero aclarar que mi compa\u00f1era de vida no tiene veinti\u00fan a\u00f1os, como publicaron algunos medios, sino cuarenta y seis, aunque parece mucho m\u00e1s joven. <b>La realidad es que es mi hija Raquel la veintea\u00f1era\u2026 <\/b>Hubo gente que me critic\u00f3 en las redes sociales por ser padre a mi edad, y les contesto que hay que ignorar estos ataques de gente que ni te conoce, ni conoce tu entorno, ni sabe a qu\u00e9 te dedicas o c\u00f3mo eres. Es gente que destila odio simplemente para hacerse notar\u00bb.<\/p>\n<p><b>\u00bfC\u00f3mo vive la paternidad a los 60 a\u00f1os?<\/b><\/p>\n<p>Con mucha felicidad. Cuando mi mujer me dijo que estaba embarazada sent\u00ed una emoci\u00f3n tremenda. Mi hija, a la que hemos puesto el nombre de Vega, llega en el momento perfecto a mi vida.<\/p>\n<p><b>Ha dicho que se enfrenta a este momento tan dulce m\u00e1s preparado que en el nacimiento anterior\u2026<\/b><\/p>\n<p>S\u00ed, con m\u00e1s sabidur\u00eda y paciencia para ense\u00f1arle todo lo que he aprendido con el paso de los a\u00f1os. Y con una seguridad econ\u00f3mica que antes no ten\u00eda. Por eso te digo que mi hija aparece en el momento perfecto.<\/p>\n<p><b>\u00bfY c\u00f3mo es Vega?<\/b><\/p>\n<p>Guap\u00edsima, como su madre, y muy buena. Naci\u00f3 el pasado veinte de agosto en el Hospital Infantil de Las Palmas de Gran Canaria, una tierra que adoro, y est\u00e1 muy sana, es una bendici\u00f3n. Su hermana Raquel se siente muy feliz con su hermanita. A todos se nos cae la baba con el beb\u00e9.<\/p>\n","protected":false},"excerpt":{"rendered":"La vida le sonr\u00ede a Iv\u00e1n Armesto, finalista de la primera edici\u00f3n de \u00abGran Hermano\u00bb y prestigioso director&hellip;\n","protected":false},"author":2,"featured_media":747256,"comment_status":"","ping_status":"","sticky":false,"template":"","format":"standard","meta":{"footnotes":""},"categories":[171],"tags":[146,147,25,24,256,3057,6726,23,214],"class_list":["post-747255","post","type-post","status-publish","format-standard","has-post-thumbnail","category-tv","tag-entertainment","tag-entretenimiento","tag-es","tag-espana","tag-famosos","tag-gran-hermano","tag-paternidad","tag-spain","tag-tv"],"share_on_mastodon":{"url":"https:\/\/pubeurope.com\/@es\/117212271638976083","error":""},"_links":{"self":[{"href":"https:\/\/www.europesays.com\/es\/wp-json\/wp\/v2\/posts\/747255","targetHints":{"allow":["GET"]}}],"collection":[{"href":"https:\/\/www.europesays.com\/es\/wp-json\/wp\/v2\/posts"}],"about":[{"href":"https:\/\/www.europesays.com\/es\/wp-json\/wp\/v2\/types\/post"}],"author":[{"embeddable":true,"href":"https:\/\/www.europesays.com\/es\/wp-json\/wp\/v2\/users\/2"}],"replies":[{"embeddable":true,"href":"https:\/\/www.europesays.com\/es\/wp-json\/wp\/v2\/comments?post=747255"}],"version-history":[{"count":0,"href":"https:\/\/www.europesays.com\/es\/wp-json\/wp\/v2\/posts\/747255\/revisions"}],"wp:featuredmedia":[{"embeddable":true,"href":"https:\/\/www.europesays.com\/es\/wp-json\/wp\/v2\/media\/747256"}],"wp:attachment":[{"href":"https:\/\/www.europesays.com\/es\/wp-json\/wp\/v2\/media?parent=747255"}],"wp:term":[{"taxonomy":"category","embeddable":true,"href":"https:\/\/www.europesays.com\/es\/wp-json\/wp\/v2\/categories?post=747255"},{"taxonomy":"post_tag","embeddable":true,"href":"https:\/\/www.europesays.com\/es\/wp-json\/wp\/v2\/tags?post=747255"}],"curies":[{"name":"wp","href":"https:\/\/api.w.org\/{rel}","templated":true}]}}