{"id":747275,"date":"2026-09-04T10:30:12","date_gmt":"2026-09-04T10:30:12","guid":{"rendered":"https:\/\/www.europesays.com\/es\/747275\/"},"modified":"2026-09-04T10:30:12","modified_gmt":"2026-09-04T10:30:12","slug":"la-moncloa-espana-y-mexico-sellan-un-acuerdo-para-estrechar-la-colaboracion-en-ia-conectividad-y-ciberseguridad","status":"publish","type":"post","link":"https:\/\/www.europesays.com\/es\/747275\/","title":{"rendered":"La Moncloa. Espa\u00f1a y M\u00e9xico sellan un acuerdo para estrechar la colaboraci\u00f3n en IA, conectividad y ciberseguridad"},"content":{"rendered":"<p>&#13;&#13;<img decoding=\"async\" alt=\"Firma del memorando de entendimiento\" title=\"Firma del memorando de entendimiento\" src=\"https:\/\/www.europesays.com\/es\/wp-content\/uploads\/2026\/09\/040926-acuerdo-colaboracion-mexico.jpg\"\/>&#13;El ministro para la Transformaci\u00f3n Digital y de la Funci\u00f3n P\u00fablica, \u00d3scar L\u00f3pez y el director de la Agencia de Transformaci\u00f3n Digital y Telecomunicaciones de M\u00e9xico, Jos\u00e9 Antonio Pe\u00f1a Merino, durante la firma del memorando de entendimiento.&#13;&#13;<\/p>\n<p>&#13;<\/p>\n<p>Espa\u00f1a y M\u00e9xico han acordado estrechar su colaboraci\u00f3n en IA, supercomputaci\u00f3n, conectividad y ciberseguridad. As\u00ed se establece en el acuerdo que el ministro para la Transformaci\u00f3n Digital y de la Funci\u00f3n P\u00fablica, \u00d3scar L\u00f3pez, ha firmado con el director de la Agencia de Transformaci\u00f3n Digital y Telecomunicaciones de M\u00e9xico, Jos\u00e9 Antonio Pe\u00f1a Merino. <\/p>\n<p>El acuerdo incorpora un amplio listado de \u00e1reas de colaboraci\u00f3n, desde la IA, la supercomputaci\u00f3n y los centros de datos a la conectividad, la ciberseguridad, el uso de tecnolog\u00edas digitales para la gesti\u00f3n de desastres naturales y el cambio clim\u00e1tico, pasando por la digitalizaci\u00f3n de los servicios p\u00fablicos, la identidad digital y la formaci\u00f3n en capacidades digitales.<\/p>\n<p>\u00abM\u00e9xico y Espa\u00f1a podemos y debemos ser la tercera v\u00eda digital. La v\u00eda que colabora y apuesta por los datos interoperables, los modelos abiertos y la cooperaci\u00f3n en supercomputaci\u00f3n, como ya lo hace el Barcelona Supercomputing Center con la supercomputadora Coatlicue que est\u00e1 construyendo M\u00e9xico\u00bb, ha valorado el ministro \u00d3scar L\u00f3pez tras la firma del MOU.<\/p>\n<p>El memorando cuenta con un plan de acci\u00f3n y un cronograma que servir\u00e1 para concretar la cooperaci\u00f3n, que podr\u00e1 consistir en desarrollo de programas conjuntos; intercambio de informaci\u00f3n y buenas pr\u00e1cticas; visitas mutuas; organizaci\u00f3n y participaci\u00f3n conjunta en conferencias, simposios o cursos, entre otros.<\/p>\n<p>Este acuerdo supone un paso m\u00e1s en la l\u00ednea de colaboraci\u00f3n que Espa\u00f1a y M\u00e9xico ven\u00edan manteniendo en los \u00faltimos a\u00f1os, contemplada en el memorando de entendimiento firmado en 2024 entre <a href=\"https:\/\/www.incibe.es\/incibe\/inicio\" target=\"_blank\" onclick=\"javascript:GoogleTrackEvent(&#039;True&#039;,&#039;Contenido&#039;,&#039;Click&#039;,&#039;[https:\/\/www.lamoncloa.gob.es\/serviciosdeprensa\/notasprensa\/transformacion-digital-y-funcion-publica\/Paginas\/2026\/040926-acuerdo-colaboracion-mexico.aspx] Instituto Nacional de Ciberseguridad de Espa\u00f1a (INCIBE). [https:\/\/www.incibe.es\/incibe\/inicio]&#039;);\" rel=\"nofollow noopener\">Instituto Nacional de Ciberseguridad de Espa\u00f1a (INCIBE)<\/a> y el Instituto Federal de Telecomunicaciones (IFT) de M\u00e9xico o los acuerdos firmados por el <a href=\"https:\/\/www.bsc.es\/es\" target=\"_blank\" onclick=\"javascript:GoogleTrackEvent(&#039;True&#039;,&#039;Contenido&#039;,&#039;Click&#039;,&#039;[https:\/\/www.lamoncloa.gob.es\/serviciosdeprensa\/notasprensa\/transformacion-digital-y-funcion-publica\/Paginas\/2026\/040926-acuerdo-colaboracion-mexico.aspx] Barcelona Supercomputing Center (BSC). [https:\/\/www.bsc.es\/es]&#039;);\" rel=\"nofollow noopener\">Barcelona Supercomputing Center (BSC)<\/a>, por un lado, con instituciones cient\u00edficas mexicanas para impulsar la supercomputaci\u00f3n y la IA en M\u00e9xico, y por otro con el Instituto Polit\u00e9cnico Nacional de M\u00e9xico, que sent\u00f3 las bases para integrar el sistema de superc\u00f3mputo de Am\u00e9rica Latina en el ecosistema europeo (EuroHPC).<\/p>\n<p>Espa\u00f1a y M\u00e9xico son dos pa\u00edses que comparten un mismo enfoque a la hora de abordar la transformaci\u00f3n digital y sus retos, como el desarrollo sostenible y ordenado de los centros de datos; la aceleraci\u00f3n de las tecnolog\u00edas &#8216;deeptech&#8217;; y la transferencia tecnol\u00f3gica de la innovaci\u00f3n de los laboratorios al sistema productivo.<\/p>\n<p>Empresas espa\u00f1olas en M\u00e9xico<\/p>\n<p>Durante su visita a Ciudad de M\u00e9xico, el ministro \u00d3scar L\u00f3pez ha aprovechado para visitar las instalaciones de dos empresas espa\u00f1olas instaladas en la ciudad, Veridas, especializada en identidad digital, biometr\u00eda y prevenci\u00f3n del fraude y el Centro de Ciberseguridad de Indra, el segundo centro de operaciones de ciberseguridad de la compa\u00f1\u00eda a nivel mundial.<\/p>\n<p>L\u00f3pez ha destacado el peso que ya tiene la econom\u00eda digital en el PIB de Espa\u00f1a, un 27% del total. \u00abEspa\u00f1a ya no exporta solo hoteles, constructoras o renovables, que tambi\u00e9n. Ahora exportamos tecnolog\u00eda segura y confiable\u00bb, ha subrayado.<\/p>\n<p>El ministro pondr\u00e1 fin a su visita a M\u00e9xico con una conferencia magistral en la Universidad Nacional Aut\u00f3noma de M\u00e9xico UNAM, la instituci\u00f3n de educaci\u00f3n superior m\u00e1s grande e influyente de M\u00e9xico y una de las m\u00e1s importantes y mayores de Iberoam\u00e9rica y del mundo hispanohablante.<\/p>\n<p>&#13;<\/p>\n","protected":false},"excerpt":{"rendered":"&#13;&#13;&#13;El ministro para la Transformaci\u00f3n Digital y de la Funci\u00f3n P\u00fablica, \u00d3scar L\u00f3pez y el director de la&hellip;\n","protected":false},"author":2,"featured_media":747276,"comment_status":"","ping_status":"","sticky":false,"template":"","format":"standard","meta":{"footnotes":""},"categories":[5],"tags":[517,17,18,25,24,13,14,11,19,20,9,10,15,16,2330,23,12,60929,21,22],"class_list":["post-747275","post","type-post","status-publish","format-standard","has-post-thumbnail","category-titulares","tag-actualidad","tag-breaking-news","tag-breakingnews","tag-es","tag-espana","tag-featured-news","tag-featurednews","tag-headlines","tag-latest-news","tag-latestnews","tag-news","tag-noticias","tag-noticias-destacadas","tag-noticiasdestacadas","tag-prensa","tag-spain","tag-titulares","tag-transformacion-digital-y-funcion-publica","tag-ultimas-noticias","tag-ultimasnoticias"],"share_on_mastodon":{"url":"https:\/\/pubeurope.com\/@es\/117212311840491442","error":""},"_links":{"self":[{"href":"https:\/\/www.europesays.com\/es\/wp-json\/wp\/v2\/posts\/747275","targetHints":{"allow":["GET"]}}],"collection":[{"href":"https:\/\/www.europesays.com\/es\/wp-json\/wp\/v2\/posts"}],"about":[{"href":"https:\/\/www.europesays.com\/es\/wp-json\/wp\/v2\/types\/post"}],"author":[{"embeddable":true,"href":"https:\/\/www.europesays.com\/es\/wp-json\/wp\/v2\/users\/2"}],"replies":[{"embeddable":true,"href":"https:\/\/www.europesays.com\/es\/wp-json\/wp\/v2\/comments?post=747275"}],"version-history":[{"count":0,"href":"https:\/\/www.europesays.com\/es\/wp-json\/wp\/v2\/posts\/747275\/revisions"}],"wp:featuredmedia":[{"embeddable":true,"href":"https:\/\/www.europesays.com\/es\/wp-json\/wp\/v2\/media\/747276"}],"wp:attachment":[{"href":"https:\/\/www.europesays.com\/es\/wp-json\/wp\/v2\/media?parent=747275"}],"wp:term":[{"taxonomy":"category","embeddable":true,"href":"https:\/\/www.europesays.com\/es\/wp-json\/wp\/v2\/categories?post=747275"},{"taxonomy":"post_tag","embeddable":true,"href":"https:\/\/www.europesays.com\/es\/wp-json\/wp\/v2\/tags?post=747275"}],"curies":[{"name":"wp","href":"https:\/\/api.w.org\/{rel}","templated":true}]}}