{"id":747281,"date":"2026-09-04T10:38:14","date_gmt":"2026-09-04T10:38:14","guid":{"rendered":"https:\/\/www.europesays.com\/es\/747281\/"},"modified":"2026-09-04T10:38:14","modified_gmt":"2026-09-04T10:38:14","slug":"dos-generaciones-en-el-mundial-de-berlin","status":"publish","type":"post","link":"https:\/\/www.europesays.com\/es\/747281\/","title":{"rendered":"Dos generaciones en el Mundial de Berl\u00edn"},"content":{"rendered":"<p class=\"\"><b>Alba Torrens<\/b> debut\u00f3 con Espa\u00f1a en mayo de 2008. Por aquel entonces, <b>Awa Fam<\/b> no hab\u00eda cumplido los dos a\u00f1os. Dieciocho a\u00f1os despu\u00e9s, la capitana y una de las grandes figuras emergentes del baloncesto espa\u00f1ol son las dos caras m\u00e1s visibles de una Selecci\u00f3n, que <b>regresa al Mundial ocho a\u00f1os despu\u00e9s<\/b>. \u201cEl lema de \u2018<b>Volvemos a so\u00f1ar\u2019 es muy acertado<\/b>\u201d, recalca la veterana. \u201cEl Mundial de 2018 fue un sue\u00f1o compartido, pero me siento muy afortunada de seguir formando parte de este equipo. Se lo he dicho a las m\u00e1s j\u00f3venes. Para m\u00ed <b>es un lujo poder compartir pista con ellas<\/b>. Me siento muy afortunada\u201d, dice Alba, la \u00fanica que jug\u00f3 aquella cita de Tenerife que <a href=\"https:\/\/as.com\/baloncesto\/2018\/09\/30\/mas_baloncesto\/1538331936_547606.html\" target=\"_self\" rel=\"nofollow noopener\" title=\"https:\/\/as.com\/baloncesto\/2018\/09\/30\/mas_baloncesto\/1538331936_547606.html\"><b>termin\u00f3 ba\u00f1ado en bronce<\/b><\/a>. Awa ten\u00eda doce a\u00f1os por entonces y confiesa que recuerda alg\u00fan partido, pero no mucho. \u201cEs una lecci\u00f3n, tambi\u00e9n por c\u00f3mo fue el recorrido. Por las victorias y porque supieron mantenerse a pesar de haber perdido ante B\u00e9lgica. <b>Era un equipazo<\/b>\u201d. <\/p>\n<p class=\"\">Alba cumpli\u00f3 37 a\u00f1os durante la preparaci\u00f3n; <b>Mariona Ortiz<\/b> (34) es la otra treintea\u00f1era dentro de un equipo marcado por el relevo generacional. \u201cLas j\u00f3venes me dan <b>una energ\u00eda especial para seguir<\/b>\u201d, reconoce Torrens, que cada vez lleva mejor \u201c<b>lo de los TikToks\u201d<\/b> y se va enterando m\u00e1s de la jerga que ahora se oye en el vestuario. <b>\u201cLa Vieji se porta bien con nosotras\u201d<\/b>, bromea Awa. \u201cCuando llegas a la Selecci\u00f3n lo haces con muchas ganas, pero tambi\u00e9n con el miedo de no saber c\u00f3mo va a ser. Desde el primer d\u00eda nos han tratado s\u00faperbien. No hay diferencia entre las veteranas y las j\u00f3venes. Al final, <b>todas somos jugadoras de baloncesto<\/b> y estamos aqu\u00ed por lo mismo\u201d.<\/p>\n<p class=\"\">\u201c<b>En esa diversidad nace la fuerza<\/b>\u201d, a\u00f1ade Alba que cree que esta mezcla aporta al equipo \u201cdiferentes perspectivas de hacer las cosas\u201d. \u201cEsa combinaci\u00f3n entre veteran\u00eda y juventud ha sido siempre positiva. Tenemos claro que desde cada uno de nuestros roles debemos sumar a un objetivo com\u00fan\u201d. Ahora a ella le toca el de<b> veterana y capitana<\/b>. \u201cIntento hacer las cosas lo mejor que puedo. Lo primero que siempre hago es preguntarme si lo que les voy a pedir, lo hago yo tambi\u00e9n\u201d. <\/p>\n<p class=\"\">De todas formas, ha tenido grandes maestras. \u201c<b>Elisa (Aguilar) <\/b>me inspiraba confianza. Ten\u00eda la sensaci\u00f3n de que las cosas iban a salir bien y sal\u00edan. <b>Amaya (Valdemoro)<\/b> me ense\u00f1\u00f3 su car\u00e1cter ganador; nos lo contagiaba a todas. <b>Laia (Palau) <\/b>siempre me dec\u00eda que la cosa va de dar, de dar lo mejor de ti en la pista y fuera de ella. Y de <b>Silvia (Dom\u00ednguez) <\/b>me quedo con su manera de cuidar\u201d, repasa Torrens. \u201cAprendes de todas ellas y a veces les preguntas cu\u00e1l creen que es la mejor manera de priorizar al equipo y sumar en todo lo que se pueda\u201d.<\/p>\n<blockquote class=\"a_q\">\n<p>\u201cAlba es un ejemplo para todas nosotras\u201d<\/p>\n<p>Awa Fam<\/p><\/blockquote>\n<p class=\"\">Y Alba est\u00e1 cumpliendo en el \u2018cargo\u2019. \u201cLo he podido vivir tambi\u00e9n en Valencia Basket\u201d, dice Awa. \u201cPor algo es una leyenda, que admir\u00e1bamos de peque\u00f1as. Con lo buena jugadora que es, lo que la hace m\u00e1s especial es la persona que es fuera de la pista. La admiro much\u00edsimo. Creo que ni ella es consciente de lo que supone para nosotras. <b>Es un ejemplo para todas.<\/b> Intenta que te sientas bien y siempre piensa antes en los dem\u00e1s que en ella misma\u201d.<\/p>\n<p class=\"\">Y los halagos van en las dos direcciones. \u201cEs incre\u00edble lo que ya ha conseguido a nivel profesional\u201d, dice Alba sobre Awa. \u201cEso se ve desde fuera, pero por dentro<b> tiene un coraz\u00f3n de oro<\/b>. Brilla en todos los sentidos. La atenci\u00f3n se ha centrado en ella muy r\u00e1pido, pero no ha dejado de ser humilde ni ha dado la espalda a los que la rodean. Eso dice mucho de ella\u201d.<\/p>\n<p class=\"\">Espa\u00f1a aterriza en este Mundial como <a href=\"https:\/\/as.com\/baloncesto\/mas_baloncesto\/la-plata-mas-tragica-n\/\" target=\"_self\" rel=\"nofollow noopener\" title=\"https:\/\/as.com\/baloncesto\/mas_baloncesto\/la-plata-mas-tragica-n\/\"><b>subcampeona de Europa<\/b><\/a>. Atr\u00e1s qued\u00f3 el traspi\u00e9 de Valencia 2021 en el que la Selecci\u00f3n rompi\u00f3 una racha de siete podios seguidos, que dej\u00f3 al equipo sin Mundial y puso el contador a cero. \u201cTiene mucho m\u00e9rito lo que ha hecho este equipo, el ganar despu\u00e9s de ganar y el mantenerte. <b>No perder la esencia generaci\u00f3n tras generaci\u00f3n.<\/b> Esa manera de competir solo la consiguen los grandes equipos; est\u00e1 al alcance de muy pocos\u201d, explica la mallorquina que insiste en que no solo es un tema de talento, sino del trabajo que hay detr\u00e1s. \u201cAl final las jugadoras podemos ser la parte m\u00e1s visible, pero est\u00e1n los entrenadores, staffs, el personal de la Federaci\u00f3n, los clubes\u2026 La Selecci\u00f3n es un c\u00famulo de trabajo. Es m\u00e9rito de las que han estado, las que estamos ahora y de <b>la ilusi\u00f3n de las que est\u00e1n por llegar<\/b>\u201d.<\/p>\n<p><img decoding=\"async\" src=\"https:\/\/www.europesays.com\/es\/wp-content\/uploads\/2026\/09\/OZEQWZFLQ5G3NI3KINLMMERRCA.jpg\" alt=\"Dos generaciones en el Mundial de Berl\u00edn\" height=\"1120\" width=\"1680\"   loading=\"lazy\" fetchpriority=\"low\"\/>Helena Pueyo, Paula Ginzo, Mariona Ortiz, Alba Torrens y Awa Fam, durante el partido de Espa\u00f1a ante Gran Breta\u00f1a en el Eurobasket 2025.FEB<\/p>\n<p class=\"\">Las que est\u00e1n ahora tambi\u00e9n aterrizan en este Mundial con \u201cmuch\u00edsima ilusi\u00f3n\u201d. \u201cHace unos a\u00f1os no me hubiera imaginado aqu\u00ed, a punto de representar a Espa\u00f1a en un Mundial. Pero las j\u00f3venes tenemos algo especial, <b>una chispa y una energ\u00eda que se ve en la pista<\/b>. Nos gusta pas\u00e1rnoslo bien y ganar, y eso se nota\u201d, dice Awa. \u201cYo las veo y me ilusionan mucho\u201d, reconoce Alba. \u201c\u00a1Hacen cosas que me levantan del banquillo! Se lo he dicho a ellas muchas veces: brillan. Est\u00e1s a su lado y te iluminan. Y eso se contagia. Para m\u00ed son una generaci\u00f3n que nos ilusiona a todos y que nos ha ense\u00f1ado su manera de hacer las cosas. Van de coraz\u00f3n, son muy generosas, humildes, pero tambi\u00e9n ambiciosas.<b> Van a cuidar a esta Selecci\u00f3n<\/b>\u201d.<\/p>\n<blockquote class=\"a_q\">\n<p>\u201cLas j\u00f3venes van a cuidar de esta Selecci\u00f3n\u201d<\/p>\n<p>Alba Torrens<\/p><\/blockquote>\n<p class=\"\">Una presi\u00f3n a\u00f1adida, que no es un peso extra para las j\u00f3venes. \u201cEstamos centradas en lo que tenemos que hacer, no estamos pendientes de lo que se dice. <b>Tenemos los pies en el suelo<\/b>, sabemos lo que podemos dar y lo que no. Claro que no tenemos la experiencia de Alba o de Mariona, pero vamos a intentar darlo todo\u201d, resalta Awa, que ha vivido una preparaci\u00f3n at\u00edpica, al otro lado del charco mientras jugaba con Seattle Storm en la WNBA. \u201cHe estado pendiente de todo, aunque ha sido dif\u00edcil por el cambio horario, la VPN\u2026 <b>A veces pensaba \u2018ojal\u00e1 estar ah\u00ed<\/b>\u2019, porque siempre me lo paso fenomenal cuando estoy con la Selecci\u00f3n. Y las he echado mucho de menos\u2026 Se ha hecho <b>un poco duro vivirlo en la distancia<\/b>, pero por suerte estoy aqu\u00ed\u201d.<\/p>\n<p class=\"\">Aparte de Awa, otras cuatro jugadoras (<b>Mar\u00eda Conde, Raquel Carrera, Alicia Fl\u00f3rez y Megan Gustafson<\/b>) se perdieron la preparaci\u00f3n por sus compromisos WNBA. \u201cTodo cambia y debemos adaptarnos a la evoluci\u00f3n del baloncesto. Este verano ha sido nuevo para todos, pero <b>verlas hacerlo tan bien en la WNBA es positivo para el equipo<\/b>\u201d, reconoce Alba, que siempre prioriz\u00f3 la Selecci\u00f3n sobre la WNBA, aunque los tiempos han cambiado, con un convenio m\u00e1s beneficioso para las jugadoras. \u201cTom\u00e9 esa decisi\u00f3n, que para m\u00ed fue la mejor. <b>Nunca sabr\u00e9 qu\u00e9 es jugar en la WNBA, pero no me arrepiento<\/b> de mi decisi\u00f3n. No se puede comparar lo que yo habr\u00eda vivido con lo de ahora\u201d.<\/p>\n<p class=\"\">Un Mundial que arranca este viernes y que acaba el domingo 13 de septiembre, esperemos que con Espa\u00f1a peleando por las medallas. \u201cPase lo que pase,<b> si nos llega un <\/b><b>feedback <\/b><b>positivo<\/b> me dar\u00eda por satisfecha. Que la gente haya disfrutado, se haya ilusionado con nosotras y haya sentido los valores y la uni\u00f3n de este equipo. Con eso podr\u00edamos estar orgullosas, aunque eso no quiere decir que no vayamos a ir a por todas\u201d, avisa Alba. \u201cNo sabemos lo que va a pasar, pero lo vamos a intentar\u201d, a\u00f1ade Awa. \u201cSomos gente competitiva y <b>en Berl\u00edn queremos conseguir algo importante<\/b>\u201d. <\/p>\n<p class=\"\">Un equipo en pleno relevo generacional, pero donde hay cosas que nunca cambian, como <b>\u201cEl vals del obrero\u201d<\/b>. Esa canci\u00f3n que acompa\u00f1a a la Selecci\u00f3n femenina desde hace m\u00e1s de dos d\u00e9cadas y que lo seguir\u00e1 haciendo en este Mundial. Dos generaciones diferentes, que <b>llevar\u00e1n ahora \u201csu revoluci\u00f3n\u201d a las pistas de Berl\u00edn<\/b> a partir de este viernes.<\/p>\n<p>Noticias relacionadas<\/p>\n<p class=\"\"><b>\u00a1Lleva el deporte contigo! <\/b><\/p>\n<p class=\"\">Descarga la App de AS para recibir alertas al instante y configura en <b>MiZona <\/b>qu\u00e9 quieres leer, sigue a tus equipos y consulta sus partidos. <a href=\"https:\/\/trackingcodes.prisamedia.com\/as.html?utm_campaign=cierre_articulo&amp;utm_source=web\" target=\"_blank\" rel=\"nofollow noopener\" title=\"https:\/\/trackingcodes.prisamedia.com\/as.html?utm_campaign=cierre_articulo&amp;utm_source=web\"><b>Desc\u00e1rgala aqu\u00ed.<\/b><\/a><b> <\/b>\u00bfAdem\u00e1s buscas licenciar contenido? Haz clic <a href=\"https:\/\/profesional.elpais.com\/soluciones-sindicacion?utm_medium=interno&amp;utm_source=crosslinking&amp;utm_campaign=sindicacion_as_pie_articulos\" target=\"_blank\" rel=\"nofollow noopener\" title=\"https:\/\/profesional.elpais.com\/soluciones-sindicacion?utm_medium=interno&amp;utm_source=crosslinking&amp;utm_campaign=sindicacion_as_pie_articulos\">aqu\u00ed<\/a>.<\/p>\n","protected":false},"excerpt":{"rendered":"Alba Torrens debut\u00f3 con Espa\u00f1a en mayo de 2008. Por aquel entonces, Awa Fam no hab\u00eda cumplido los&hellip;\n","protected":false},"author":2,"featured_media":747282,"comment_status":"","ping_status":"","sticky":false,"template":"","format":"standard","meta":{"footnotes":""},"categories":[269],"tags":[299,298,168,25,24,23,167],"class_list":["post-747281","post","type-post","status-publish","format-standard","has-post-thumbnail","category-baloncesto","tag-baloncesto","tag-basketball","tag-deportes","tag-es","tag-espana","tag-spain","tag-sports"],"share_on_mastodon":{"url":"https:\/\/pubeurope.com\/@es\/117212343342827421","error":""},"_links":{"self":[{"href":"https:\/\/www.europesays.com\/es\/wp-json\/wp\/v2\/posts\/747281","targetHints":{"allow":["GET"]}}],"collection":[{"href":"https:\/\/www.europesays.com\/es\/wp-json\/wp\/v2\/posts"}],"about":[{"href":"https:\/\/www.europesays.com\/es\/wp-json\/wp\/v2\/types\/post"}],"author":[{"embeddable":true,"href":"https:\/\/www.europesays.com\/es\/wp-json\/wp\/v2\/users\/2"}],"replies":[{"embeddable":true,"href":"https:\/\/www.europesays.com\/es\/wp-json\/wp\/v2\/comments?post=747281"}],"version-history":[{"count":0,"href":"https:\/\/www.europesays.com\/es\/wp-json\/wp\/v2\/posts\/747281\/revisions"}],"wp:featuredmedia":[{"embeddable":true,"href":"https:\/\/www.europesays.com\/es\/wp-json\/wp\/v2\/media\/747282"}],"wp:attachment":[{"href":"https:\/\/www.europesays.com\/es\/wp-json\/wp\/v2\/media?parent=747281"}],"wp:term":[{"taxonomy":"category","embeddable":true,"href":"https:\/\/www.europesays.com\/es\/wp-json\/wp\/v2\/categories?post=747281"},{"taxonomy":"post_tag","embeddable":true,"href":"https:\/\/www.europesays.com\/es\/wp-json\/wp\/v2\/tags?post=747281"}],"curies":[{"name":"wp","href":"https:\/\/api.w.org\/{rel}","templated":true}]}}