{"id":747283,"date":"2026-09-04T10:39:19","date_gmt":"2026-09-04T10:39:19","guid":{"rendered":"https:\/\/www.europesays.com\/es\/747283\/"},"modified":"2026-09-04T10:39:19","modified_gmt":"2026-09-04T10:39:19","slug":"el-barca-acelera-con-rodri","status":"publish","type":"post","link":"https:\/\/www.europesays.com\/es\/747283\/","title":{"rendered":"El Bar\u00e7a acelera con Rodri"},"content":{"rendered":"<p class=\"ft-text\"><a class=\"ft-link ft-link--decoration\" href=\"https:\/\/www.sport.es\/es\/noticias\/barca\/lewandowski-fichaje-rodri-experiencia-equipo-133896132\" rel=\"nofollow noopener\" target=\"_blank\">Rodri Hern\u00e1ndez se incorpor\u00f3 tarde a la disciplina del FC Barcelona<\/a> y no pudo realizar la pretemporada con el resto de sus compa\u00f1eros. <strong>En el Mundial se desfond\u00f3 para ayudar a Espa\u00f1a a conquistar el t\u00edtulo mundial<\/strong> y ha necesitado un tiempo de adaptaci\u00f3n.<\/p>\n<p class=\"ft-text\"><strong>El jugador ha seguido un plan espec\u00edfico que tuvo su punto y final despu\u00e9s del partido ante el Rayo Vallecano<\/strong>. Desde esta semana ya trabaja con normalidad y Hansi Flick se plantea el momento id\u00f3neo para darle la titularidad. <strong>Ya puede ser en Mestalla este domingo o quiz\u00e1 espere en un partido de enjundia como es el del pr\u00f3ximo mi\u00e9rcoles frente al Feyenoord.<\/strong><\/p>\n<p class=\"ft-text\"><strong>El cuerpo t\u00e9cnico est\u00e1 pautando con mucha precisi\u00f3n las apariciones y cargas de entrenamiento para Rodri<\/strong> con el objetivo de tenerlo al cien por cien en una temporada muy larga y exigente. <strong>El Bal\u00f3n de Oro del Bar\u00e7a est\u00e1 dosificando sus esfuerzos<\/strong> para tener pronto las bater\u00edas cargadas.<\/p>\n<p class=\"ft-text\"><a class=\"ft-link ft-link--decoration\" href=\"https:\/\/www.sport.es\/es\/noticias\/barca\/rodri-debuta-barca-133719581\" rel=\"nofollow noopener\" target=\"_blank\">Disput\u00f3 27 minutos ante el Athletic Club y otros 26 frente al Rayo Vallecano<\/a>. <strong>Rodri ayud\u00f3 a dar pausa al equipo en momentos en el que el juego era quiz\u00e1 demasiado vertiginoso<\/strong>, si bien Marc Bernal no solo ha cumplido, sino que ha rendido a un nivel \u00f3ptimo.<\/p>\n<p><img decoding=\"async\" src=\"https:\/\/www.europesays.com\/es\/wp-content\/uploads\/2026\/09\/cbabda93-f9fd-494b-914a-7c60187e22ef_alta-libre-aspect-ratio_default_0_x1000y445.jpg\" width=\"1200\" height=\"802\" alt=\"Rodri saluda a Hansi Flick, quien le est\u00e1 dando entrada paulatina en el equipo\" class=\"ft-helper-img-rd\" loading=\"lazy\" fetchpriority=\"auto\"\/><\/p>\n<p class=\"ft-helper-fontColor-quaternary ft-helper-fontSize-body-S ft-helper-spacer-t-xxs\">Rodri saluda a Hansi Flick, quien le est\u00e1 dando entrada paulatina en el equipo  \/ Enric Fontcuberta \/ EFE<\/p>\n<p class=\"ft-text\"><strong>Las buenas prestaciones de Bernal est\u00e1n ayudando a que el Bar\u00e7a no tenga prisa con Rodri<\/strong>. El objetivo es ir rotando a ambos jugadores, aunque a nadie se le escapa que <strong>en los grandes duelos, cuando Rodri ya est\u00e9 a tope, el ex del Manchester City apunta a titular.<\/strong><\/p>\n<p>Champions League<\/p>\n<p class=\"ft-text\"><strong>Este domingo, frente al Valencia, tendr\u00e1 un papel importante <\/strong>ya sea titular o saliendo de nuevo en el segundo tiempo.<strong> En la champions League frente al Feyenoord del pr\u00f3ximo mi\u00e9rcoles 9 de septiembre a las 18.45 h. en el Spotify Camp Nou s\u00ed que se perfila en el equipo de inicio.<\/strong><\/p>\n<p><img decoding=\"async\" src=\"https:\/\/www.europesays.com\/es\/wp-content\/uploads\/2026\/09\/6182c9d9-fef1-4d84-9a6b-7f13b3ee331b_alta-libre-aspect-ratio_default_0_x1000y444.jpg\" width=\"1200\" height=\"800\" alt=\"El Feyenoord de Giovanni van Bronkhorst ser\u00e1 el primer rival del Bar\u00e7a en la Champions\" class=\"ft-helper-img-rd\" loading=\"lazy\" fetchpriority=\"auto\"\/><\/p>\n<p class=\"ft-helper-fontColor-quaternary ft-helper-fontSize-body-S ft-helper-spacer-t-xxs\">El Feyenoord de Giovanni van Bronkhorst ser\u00e1 el primer rival del Bar\u00e7a en la Champions  \/ CIRO FUSCO \/ EFE<\/p>\n<p class=\"ft-text\"><strong>El Bar\u00e7a tiene un calendario cargado antes del par\u00f3n de selecciones<\/strong>. Despu\u00e9s de jugar ante los neerlandeses, se mide el<strong> domingo 13 al Levante en el Ciutat de Valencia<\/strong>, afronta la jornada intersemanal del <strong>mi\u00e9rcoles 16 contra el Racing en casa y cierra esta primera etapa de la Liga el s\u00e1bado 19 en el S\u00e1nchez Pizju\u00e1n de Sevilla<\/strong>. Un arranque duro en el que las fuerzas  se deben medir muy bien.<\/p>\n<p>Capit\u00e1n de los campeones del mundo<\/p>\n<p class=\"ft-text\">Adem\u00e1s, Rodri ser\u00e1 llamado para la ventana de cuatro partidos de la UEFA Nations League. <a class=\"ft-link ft-link--decoration\" href=\"https:\/\/www.sport.es\/es\/noticias\/barca\/fuente-rodri-messi-futbol-espanol-133832434\" rel=\"nofollow noopener\" target=\"_blank\">Es el capit\u00e1n de la Roja, el \u00abMessi de Espa\u00f1a\u00bb como lo defini\u00f3 Luis de la De Fuente,<\/a> y tomar\u00e1 la manija en <strong>el estreno de la segunda estrella el 27 de septiembre en Wembley<\/strong>.<\/p>\n<p class=\"ft-text\"><strong>Espa\u00f1a tambi\u00e9n juega contra la Rep\u00fablica Checa y Croacia, en dos ocasiones<\/strong>, en esta nueva ventana internacional de la FIFA de par\u00f3n de dos semanas. <strong>Rodri tendr\u00e1 un papel importante en partidos de gran exigencia<\/strong>, si bien Luis de la Fuente tambi\u00e9n es siempre partidario de priorizar la saluda de los jugadores y no lo forzar\u00e1.<\/p>\n<p><img decoding=\"async\" src=\"https:\/\/www.europesays.com\/es\/wp-content\/uploads\/2026\/09\/baf86625-4e93-422e-87b7-c0f428e4a03a_alta-libre-aspect-ratio_default_0_x1000y444.jpg\" width=\"1200\" height=\"800\" alt=\"Zubimendi puede dar descanso a Rodri en el par\u00f3n por la UEFA Nations League\" class=\"ft-helper-img-rd\" loading=\"lazy\" fetchpriority=\"auto\"\/><\/p>\n<p class=\"ft-helper-fontColor-quaternary ft-helper-fontSize-body-S ft-helper-spacer-t-xxs\">Zubimendi puede dar descanso a Rodri en el par\u00f3n por la UEFA Nations League  \/ SERGIO PEREZ \/ EFE<\/p>\n<p class=\"ft-text\"><strong>En este sentido, De la Fuente tiene un buen recambio en Mart\u00edn Zubimendi<\/strong>. Aunque el centrocampista ha perdido la titularidad en el Arsenal, el riojano mantiene la fe intacta en el ex de la Real Sociedad, como se demostr\u00f3 en la final del Mundial cuando <strong>entr\u00f3 precisamente por un agotado Rodri en la pr\u00f3rroga y fue el motor del equipo.<\/strong><\/p>\n<p class=\"ft-text\">Tanto el Bar\u00e7a como la selecci\u00f3n tienen la suerte de contar con jugadores que pueden dar un respiro al madrile\u00f1o. <strong>El joven Bernal en el Bar\u00e7a, mientras que Zubimendi est\u00e1 en la selecci\u00f3n espa\u00f1ola<\/strong>, donde otros jugadores, como el propio Gavi, pueden adaptarse a jugar por delante de la defensa.<\/p>\n<p class=\"ft-text\">R<strong>odri ha venido al Bar\u00e7a para ser un l\u00edder y, de momento, en poco tiempo ya se ha ganado la admiraci\u00f3n de la caseta por su compromis<\/strong>o. Los j\u00f3venes los ven como un ejemplo y los m\u00e1s veteranos, como un referente.<\/p>\n","protected":false},"excerpt":{"rendered":"Rodri Hern\u00e1ndez se incorpor\u00f3 tarde a la disciplina del FC Barcelona y no pudo realizar la pretemporada con&hellip;\n","protected":false},"author":2,"featured_media":747284,"comment_status":"","ping_status":"","sticky":false,"template":"","format":"standard","meta":{"footnotes":""},"categories":[268],"tags":[14603,2296,168,25,24,881,280,282,35098,281,23,167],"class_list":["post-747283","post","type-post","status-publish","format-standard","has-post-thumbnail","category-futbol","tag-acelera","tag-barca","tag-deportes","tag-es","tag-espana","tag-fc-barcelona","tag-football","tag-futbol","tag-rodri","tag-soccer","tag-spain","tag-sports"],"share_on_mastodon":{"url":"https:\/\/pubeurope.com\/@es\/117212347462852363","error":""},"_links":{"self":[{"href":"https:\/\/www.europesays.com\/es\/wp-json\/wp\/v2\/posts\/747283","targetHints":{"allow":["GET"]}}],"collection":[{"href":"https:\/\/www.europesays.com\/es\/wp-json\/wp\/v2\/posts"}],"about":[{"href":"https:\/\/www.europesays.com\/es\/wp-json\/wp\/v2\/types\/post"}],"author":[{"embeddable":true,"href":"https:\/\/www.europesays.com\/es\/wp-json\/wp\/v2\/users\/2"}],"replies":[{"embeddable":true,"href":"https:\/\/www.europesays.com\/es\/wp-json\/wp\/v2\/comments?post=747283"}],"version-history":[{"count":0,"href":"https:\/\/www.europesays.com\/es\/wp-json\/wp\/v2\/posts\/747283\/revisions"}],"wp:featuredmedia":[{"embeddable":true,"href":"https:\/\/www.europesays.com\/es\/wp-json\/wp\/v2\/media\/747284"}],"wp:attachment":[{"href":"https:\/\/www.europesays.com\/es\/wp-json\/wp\/v2\/media?parent=747283"}],"wp:term":[{"taxonomy":"category","embeddable":true,"href":"https:\/\/www.europesays.com\/es\/wp-json\/wp\/v2\/categories?post=747283"},{"taxonomy":"post_tag","embeddable":true,"href":"https:\/\/www.europesays.com\/es\/wp-json\/wp\/v2\/tags?post=747283"}],"curies":[{"name":"wp","href":"https:\/\/api.w.org\/{rel}","templated":true}]}}