{"id":747293,"date":"2026-09-04T10:46:17","date_gmt":"2026-09-04T10:46:17","guid":{"rendered":"https:\/\/www.europesays.com\/es\/747293\/"},"modified":"2026-09-04T10:46:17","modified_gmt":"2026-09-04T10:46:17","slug":"noche-historica-en-zubieta-real-sociedad-de-futbol-s-a-d","status":"publish","type":"post","link":"https:\/\/www.europesays.com\/es\/747293\/","title":{"rendered":"Noche hist\u00f3rica en Zubieta &#8211; Real Sociedad de F\u00fatbol S.A.D."},"content":{"rendered":"<p class=\"isSelectedEnd\">Zubieta vivi\u00f3 una noche para la historia. La UEFA Women\u2019s Champions League lleg\u00f3 a nuestro estadio en una cita muy especial ante el Chelsea, uno de los grandes referentes del f\u00fatbol europeo. Las txuri urdin plantaron cara a uno de los mejores equipos del mundo y compitieron con personalidad y valent\u00eda, m\u00e1s all\u00e1 de un resultado que no acompa\u00f1\u00f3.<\/p>\n<p>Una noche inolvidable que vivimos junto a una afici\u00f3n que llen\u00f3 Zubieta y empuj\u00f3 al equipo de principio a fin. El himno de la Champions sonando por primera vez en casa, las gradas volcadas y un nuevo cap\u00edtulo escrito en nuestra historia. Revive desde dentro una noche que quedar\u00e1 para siempre en Zubieta.<\/p>\n<p><\/p>\n","protected":false},"excerpt":{"rendered":"Zubieta vivi\u00f3 una noche para la historia. La UEFA Women\u2019s Champions League lleg\u00f3 a nuestro estadio en una&hellip;\n","protected":false},"author":2,"featured_media":747294,"comment_status":"","ping_status":"","sticky":false,"template":"","format":"standard","meta":{"footnotes":""},"categories":[93],"tags":[168,25,24,282,1044,798,492,23,167],"class_list":["post-747293","post","type-post","status-publish","format-standard","has-post-thumbnail","category-deportes","tag-deportes","tag-es","tag-espana","tag-futbol","tag-liga","tag-real","tag-sociedad","tag-spain","tag-sports"],"share_on_mastodon":{"url":"https:\/\/pubeurope.com\/@es\/117212374067769811","error":""},"_links":{"self":[{"href":"https:\/\/www.europesays.com\/es\/wp-json\/wp\/v2\/posts\/747293","targetHints":{"allow":["GET"]}}],"collection":[{"href":"https:\/\/www.europesays.com\/es\/wp-json\/wp\/v2\/posts"}],"about":[{"href":"https:\/\/www.europesays.com\/es\/wp-json\/wp\/v2\/types\/post"}],"author":[{"embeddable":true,"href":"https:\/\/www.europesays.com\/es\/wp-json\/wp\/v2\/users\/2"}],"replies":[{"embeddable":true,"href":"https:\/\/www.europesays.com\/es\/wp-json\/wp\/v2\/comments?post=747293"}],"version-history":[{"count":0,"href":"https:\/\/www.europesays.com\/es\/wp-json\/wp\/v2\/posts\/747293\/revisions"}],"wp:featuredmedia":[{"embeddable":true,"href":"https:\/\/www.europesays.com\/es\/wp-json\/wp\/v2\/media\/747294"}],"wp:attachment":[{"href":"https:\/\/www.europesays.com\/es\/wp-json\/wp\/v2\/media?parent=747293"}],"wp:term":[{"taxonomy":"category","embeddable":true,"href":"https:\/\/www.europesays.com\/es\/wp-json\/wp\/v2\/categories?post=747293"},{"taxonomy":"post_tag","embeddable":true,"href":"https:\/\/www.europesays.com\/es\/wp-json\/wp\/v2\/tags?post=747293"}],"curies":[{"name":"wp","href":"https:\/\/api.w.org\/{rel}","templated":true}]}}