{"id":747309,"date":"2026-09-04T10:58:14","date_gmt":"2026-09-04T10:58:14","guid":{"rendered":"https:\/\/www.europesays.com\/es\/747309\/"},"modified":"2026-09-04T10:58:14","modified_gmt":"2026-09-04T10:58:14","slug":"gauff-horario-y-donde-ver-hoy-en-tv-el-partido-del-us-open","status":"publish","type":"post","link":"https:\/\/www.europesays.com\/es\/747309\/","title":{"rendered":"Gauff: horario y d\u00f3nde ver hoy en TV el partido del US Open"},"content":{"rendered":"<p data-mrf-recirculation=\"Links P\u00e1rrafos\" class=\"ue-c-article__paragraph paragraph ue-c-article--first-letter-highlighted\">Cristina Bucsa se ha clasificado para la tercera ronda del US Open tras superar <strong>una \u00e9pica batalla de tres horas y tres desempates frente a la japonesa Himeno Sakatsume<\/strong>. La tenista c\u00e1ntabra, n\u00famero 40 del ranking WTA, tir\u00f3 de garra y solidez mental para imponerse por 7-6 (6), 6-7 (0) y 7-6 (6) bajo el intenso calor neoyorquino, situ\u00e1ndose a un solo triunfo de igualar su mejor marca en un Grand Slam, los octavos de final alcanzados en la pasada edici\u00f3n de 2025.<\/p>\n<p>En la siguiente ronda, <strong>Bucsa se ver\u00e1 las caras con una de las grandes favoritas al t\u00edtulo, la estadounidense Coco Gauff<\/strong>, en un atractivo compromiso programado en la pista central Arthur Ashe.\u00a0<\/p>\n<p><img decoding=\"async\" width=\"3000\" height=\"2000\" class=\"ue-c-article__image lazyload\" alt=\"Badosa pierde con Coco Gauff en el US Open: &quot;Paula es una jugadora dif\u00edcil&quot;\" loading=\"lazy\" src=\"https:\/\/www.europesays.com\/es\/wp-content\/uploads\/2026\/09\/6a9a308072c51.jpeg\"\/><\/p>\n<p>Badosa pierde con Coco Gauff en el US Open: \u00abPaula es una jugadora dif\u00edcil\u00bbAP Photo\/Frank Franklin II<\/p>\n<p data-mrf-recirculation=\"Links P\u00e1rrafos\" class=\"ue-c-article__paragraph paragraph\">La jugadora afincada en Torrelavega afronta el choque con m\u00e1xima ilusi\u00f3n y sin presi\u00f3n, <strong>dispuesta a dar la sorpresa ante la n\u00famero 4 del mundo<\/strong> para seguir avanzando en el cuadro individual femenino del \u00faltimo grande de la temporada.<\/p>\n<p>A qu\u00e9 hora es el Bucsa &#8211; Gauff del US Open<\/p>\n<p data-mrf-recirculation=\"Links P\u00e1rrafos\" class=\"ue-c-article__paragraph paragraph\">El partido entre Cristina Bucsa y Coco Gauff correspondiente a la tercera ronda del US Open se disputar\u00e1 <strong>en la madrugada del viernes 4 al s\u00e1bado 5 de septiembre<\/strong>, a partir de las 02:00 horas (horario peninsular espa\u00f1ol).<\/p>\n<p>D\u00f3nde ver hoy en TV el Bucsa &#8211; Gauff del US Open<\/p>\n<p data-mrf-recirculation=\"Links P\u00e1rrafos\" class=\"ue-c-article__paragraph paragraph\">El encuentro de tercera ronda del US Open entre Cristina Bucsa y Coco Gauff se podr\u00e1 ver <strong>hoy en directo por televisi\u00f3n e internet en Espa\u00f1a a trav\u00e9s de las diferentes pantallas y canales de Movistar Plus+ <\/strong>(Movistar Deportes y canal principal).<\/p>\n<p>Sigue toda la actualidad del US Open, las cr\u00f3nicas de los partidos de los espa\u00f1oles y la mejor cobertura desde Nueva York <strong>en MARCA.com<\/strong> y escucha la retransmisi\u00f3n en directo<strong> en Radio MARCA<\/strong>.<\/p>\n","protected":false},"excerpt":{"rendered":"Cristina Bucsa se ha clasificado para la tercera ronda del US Open tras superar una \u00e9pica batalla de&hellip;\n","protected":false},"author":2,"featured_media":747310,"comment_status":"","ping_status":"","sticky":false,"template":"","format":"standard","meta":{"footnotes":""},"categories":[274],"tags":[168,25,24,23,167,327,326],"class_list":["post-747309","post","type-post","status-publish","format-standard","has-post-thumbnail","category-tenis","tag-deportes","tag-es","tag-espana","tag-spain","tag-sports","tag-tenis","tag-tennis"],"share_on_mastodon":{"url":"https:\/\/pubeurope.com\/@es\/117212422061947914","error":""},"_links":{"self":[{"href":"https:\/\/www.europesays.com\/es\/wp-json\/wp\/v2\/posts\/747309","targetHints":{"allow":["GET"]}}],"collection":[{"href":"https:\/\/www.europesays.com\/es\/wp-json\/wp\/v2\/posts"}],"about":[{"href":"https:\/\/www.europesays.com\/es\/wp-json\/wp\/v2\/types\/post"}],"author":[{"embeddable":true,"href":"https:\/\/www.europesays.com\/es\/wp-json\/wp\/v2\/users\/2"}],"replies":[{"embeddable":true,"href":"https:\/\/www.europesays.com\/es\/wp-json\/wp\/v2\/comments?post=747309"}],"version-history":[{"count":0,"href":"https:\/\/www.europesays.com\/es\/wp-json\/wp\/v2\/posts\/747309\/revisions"}],"wp:featuredmedia":[{"embeddable":true,"href":"https:\/\/www.europesays.com\/es\/wp-json\/wp\/v2\/media\/747310"}],"wp:attachment":[{"href":"https:\/\/www.europesays.com\/es\/wp-json\/wp\/v2\/media?parent=747309"}],"wp:term":[{"taxonomy":"category","embeddable":true,"href":"https:\/\/www.europesays.com\/es\/wp-json\/wp\/v2\/categories?post=747309"},{"taxonomy":"post_tag","embeddable":true,"href":"https:\/\/www.europesays.com\/es\/wp-json\/wp\/v2\/tags?post=747309"}],"curies":[{"name":"wp","href":"https:\/\/api.w.org\/{rel}","templated":true}]}}