{"id":747311,"date":"2026-09-04T10:59:35","date_gmt":"2026-09-04T10:59:35","guid":{"rendered":"https:\/\/www.europesays.com\/es\/747311\/"},"modified":"2026-09-04T10:59:35","modified_gmt":"2026-09-04T10:59:35","slug":"benjamin-noval-joya-ciclismo-espanol-17","status":"publish","type":"post","link":"https:\/\/www.europesays.com\/es\/747311\/","title":{"rendered":"BENJAM\u00cdN NOVAL JOYA CICLISMO ESPA\u00d1OL"},"content":{"rendered":"<p class=\"ft-text ft-helper-closenews\"><strong>Benjam\u00edn Noval<\/strong> estar\u00e1 concentrado en <strong>Hoznayo (Cantabria)<\/strong> con la <strong>selecci\u00f3n espa\u00f1ola junior<\/strong> desde el pr\u00f3ximo lunes y hasta el jueves para preparar el <strong>Mundial de Montreal (Canad\u00e1)<\/strong>, que se disputar\u00e1 entre el 20 y el 27 de este mes de septiembre.<\/p>\n<p>Benjam\u00edn Noval prepara el Mundial de Montreal<\/p>\n<p class=\"ft-text\">Una preparaci\u00f3n que tambi\u00e9n servir\u00e1 al equipo espa\u00f1ol como puesta a punto del <strong>Campeonato de Europa de Liubliana (Eslovenia)<\/strong> entre el 2 y el 7 de octubre.<\/p>\n<p>Nueve ciclistas convocados por Eleuterio Anguita<\/p>\n<p class=\"ft-text\">La convocatoria del seleccionador nacional <strong>Eleuterio Anguita<\/strong> para esta concentraci\u00f3n est\u00e1 integrada, adem\u00e1s de por el asturiano <strong>Benjam\u00edn Noval<\/strong>, por <strong>Aitor Mart\u00ednez, Aitor Michelena, Dar\u00edo Gimeno, Diego L\u00f3pez<\/strong> (corredor andaluz que form\u00f3 parte del equipo gijon\u00e9s de <strong>Las Mestas<\/strong>), <strong>Hugo Mu\u00f1oz, Luca Mart\u00ednez, Pepe Vega y Ra\u00fal L\u00f3pez<\/strong>.<\/p>\n<p data-close=\"closedContent\" class=\"subscribeHideForDisplay\">Suscr\u00edbete para seguir leyendo<\/p>\n","protected":false},"excerpt":{"rendered":"Benjam\u00edn Noval estar\u00e1 concentrado en Hoznayo (Cantabria) con la selecci\u00f3n espa\u00f1ola junior desde el pr\u00f3ximo lunes y hasta&hellip;\n","protected":false},"author":2,"featured_media":747312,"comment_status":"","ping_status":"","sticky":false,"template":"","format":"standard","meta":{"footnotes":""},"categories":[273],"tags":[28980,2771,313,312,168,25,24,1070,31573,132694,23,167],"class_list":["post-747311","post","type-post","status-publish","format-standard","has-post-thumbnail","category-ciclismo","tag-benjamin","tag-cantabria","tag-ciclismo","tag-cycling","tag-deportes","tag-es","tag-espana","tag-mundial","tag-noval","tag-preparara","tag-spain","tag-sports"],"share_on_mastodon":{"url":"https:\/\/pubeurope.com\/@es\/117212424588933467","error":""},"_links":{"self":[{"href":"https:\/\/www.europesays.com\/es\/wp-json\/wp\/v2\/posts\/747311","targetHints":{"allow":["GET"]}}],"collection":[{"href":"https:\/\/www.europesays.com\/es\/wp-json\/wp\/v2\/posts"}],"about":[{"href":"https:\/\/www.europesays.com\/es\/wp-json\/wp\/v2\/types\/post"}],"author":[{"embeddable":true,"href":"https:\/\/www.europesays.com\/es\/wp-json\/wp\/v2\/users\/2"}],"replies":[{"embeddable":true,"href":"https:\/\/www.europesays.com\/es\/wp-json\/wp\/v2\/comments?post=747311"}],"version-history":[{"count":0,"href":"https:\/\/www.europesays.com\/es\/wp-json\/wp\/v2\/posts\/747311\/revisions"}],"wp:featuredmedia":[{"embeddable":true,"href":"https:\/\/www.europesays.com\/es\/wp-json\/wp\/v2\/media\/747312"}],"wp:attachment":[{"href":"https:\/\/www.europesays.com\/es\/wp-json\/wp\/v2\/media?parent=747311"}],"wp:term":[{"taxonomy":"category","embeddable":true,"href":"https:\/\/www.europesays.com\/es\/wp-json\/wp\/v2\/categories?post=747311"},{"taxonomy":"post_tag","embeddable":true,"href":"https:\/\/www.europesays.com\/es\/wp-json\/wp\/v2\/tags?post=747311"}],"curies":[{"name":"wp","href":"https:\/\/api.w.org\/{rel}","templated":true}]}}