{"id":747313,"date":"2026-09-04T11:01:17","date_gmt":"2026-09-04T11:01:17","guid":{"rendered":"https:\/\/www.europesays.com\/es\/747313\/"},"modified":"2026-09-04T11:01:17","modified_gmt":"2026-09-04T11:01:17","slug":"arranca-el-mundial-femenino-de-baloncesto-en-alemania-28-sponsors-y-pau-gasol-de-embajador-palco23","status":"publish","type":"post","link":"https:\/\/www.europesays.com\/es\/747313\/","title":{"rendered":"Arranca el mundial femenino de baloncesto en Alemania: 28 \u2018sponsors\u2019 y Pau Gasol de embajador &#8211; Palco23"},"content":{"rendered":"<ol>\n<li><a href=\"https:\/\/news.google.com\/rss\/articles\/CBMi-wFBVV95cUxPNC1LLWs5eFZCVVgweVRkN3V6VEFQUnE2WngyNGRMZ0JNSmZBSk5OSGhCNHBlM3BvR0pXTVVMdkc3dWo3OFloRTZlOTdFVEczM0tmdTZiQk9TQjQwYlF6STRKeDlBSllaNkREWFYzQWJNSzZ3T0ZqOWZCYlIyRjhCVFZkZWNwTXJnMGhqU01XMlkycDV1ZEQ0T3ozUzFoeU5BbGtESmJfbndtajdPZlRJeWppNUpESllUUU5LVTBmRVgyV1dUdlc3WWJOMUNRVnJfMDJYTHZLQlUxNVljcHZ0TzhLNWNBWGxUdEVHMUplYTA3eWdlbFBKandVQdIBgAJBVV95cUxORmxaOTFiVTFKa0tZSFNzN0xoRldITDVONVNDQ1BNVzd6bW11eTJ2dVFZZ2FVMzllVXZUVGl3MjljMHk0cHpDR05ybzJvTl9mTVk5bGhtaFpreElqSklKQ1pjeGtKRU9rd2o2ckNnY2ljcVFpMll6M05CcW9wai13VVBFWjE3SmJhUFY0SkgyWnhqMWtuSjRWM083TnZsa2lSN3RzLXdvbGVmREZSbXFmUmF5WU5lMUFpZVpIMWF1R2JPRFV0Mmd1TlBJeW9acU82SzR3VHQyNW1BUmhKa2J4VHZuTmxzU25zZTF1TjA2ZFRZSFZKNEJxem1zRWFJU0dw?oc=5\" target=\"_blank\" rel=\"nofollow noopener\">Arranca el mundial femenino de baloncesto en Alemania: 28 \u2018sponsors\u2019 y Pau Gasol de embajador<\/a>&nbsp;&nbsp;Palco23<\/li>\n<li><a href=\"https:\/\/news.google.com\/rss\/articles\/CBMirgFBVV95cUxObXVpanhHa3dCV3phblNfWkRidU05b01PQXdWbmJKTzFPNzh6VGRUMU4xMnE0czFtZjBmdExWZ19WNXFYRWFLU2s5ZXNQdFJsZExXbVdpNTVVSDdaWEZaTUFIdkVDR0xiMjg1WkJUejhTckhROFpOWEFPNUNfbjU3SUYxS0ZMSUdhb1NSVjdHa0RES1RFMW1DNEEweVJxZG1rb3JlbzJLblZMVDJta3c?oc=5\" target=\"_blank\" rel=\"nofollow noopener\">Diez jugadoras a seguir en el Mundial femenino de baloncesto<\/a>&nbsp;&nbsp;Diario AS<\/li>\n<li><a href=\"https:\/\/news.google.com\/rss\/articles\/CBMid0FVX3lxTE03V1NVSHYtSXpMSXp0WEJTeGNIX2pMb3NTSl9ZUjBiZ0pQSE84YXlNYUtPS1A1c3BuSndZRXFDNWM0SS1TLVVkWTFWZkpKYlZhVVU3cmo5dzNaazIwaFdmbnpGSC1VeXB5bVRRTkl2Y2NSdm5icGRJ0gF3QVVfeXFMUHo1TU5PRThVWE9lX1ZQUVVmYnZaajlqNFN5Si1vMDZiU3BDd2ZLRm9tMV96aUlFekNxRlRndGZqNnV3aS1qWmpfb0lPazU3XzE4eDVDdWxwZUNpcThSUEJEeXdrMWxVVm9sX0EwSm5YaFNKUTRjTWM?oc=5\" target=\"_blank\" rel=\"nofollow noopener\">Espa\u00f1a &#8211; Alemania: horario y d\u00f3nde ver hoy por TV el partido de la selecci\u00f3n espa\u00f1ola de baloncesto en el Mundial femenino<\/a>&nbsp;&nbsp;El Mundo<\/li>\n<li><a href=\"https:\/\/news.google.com\/rss\/articles\/CBMi_gFBVV95cUxOWTJQb2pvaWVob1lTVGIxcFdiWlNQdlhlUnpRYXFKQV8tQndSbXQ1UDdTOHAtenlHZEdid1hpOXktTHFLb216czAwazJIbW9YbmNPSi1zdlByblZ6UW5iWkNqbHREb1QyUW4zcWNEZGstWkFNTHM4WEM3NnFUbzdENnpsQkM1WWhfMkpkdlpfVnhPcWMyVlVNTUxKdlp4eHNXaGZnY3lQZF9LcWE2NTJzcFY3VW5HdjA2TkdSdnpuSGkyRkQ2TkZySEV3UmpZaENKdl9yc2RRd1NOU1FuV0U1dmRHMWJEYTVnbFBuNm9nc3FoLU9OVDRYMFA5QWVWZw?oc=5\" target=\"_blank\" rel=\"nofollow noopener\">Vive toda la Copa del Mundo Femenina FIBA 2026 en Movistar Plus: con el mejor equipo dentro y fuera de la cancha<\/a>&nbsp;&nbsp;Movistar Plus<\/li>\n<li><a href=\"https:\/\/news.google.com\/rss\/articles\/CBMirgFBVV95cUxPbjVsYmo2T3NTdTRiclNuMkI4LWdqUUtWcGxlYVpMblNna2RmYVNwcGl4cWRQWDRid0k2bXh1Rmp2bjRIM2JNRjRxcEVwWHJFX0J3dVpKRWxwX2l5T19DcVZhRkZJSnd3S3RENzhSLXVZMTAyZEJzRkQ1VWdveHgybTlMbU1HWHlxZ1BwRlBTRnViUmdwRXE2MzJJbkllRUxKQ0JXcmNyVFZ2UkxVdkE?oc=5\" target=\"_blank\" rel=\"nofollow noopener\">Espa\u00f1a vuelve a so\u00f1ar con el Mundial de baloncesto ocho a\u00f1os despu\u00e9s<\/a>&nbsp;&nbsp;rtve.es<\/li>\n<\/ol>\n","protected":false},"excerpt":{"rendered":"Arranca el mundial femenino de baloncesto en Alemania: 28 \u2018sponsors\u2019 y Pau Gasol de embajador&nbsp;&nbsp;Palco23 Diez jugadoras a&hellip;\n","protected":false},"author":2,"featured_media":747314,"comment_status":"","ping_status":"","sticky":false,"template":"","format":"standard","meta":{"footnotes":""},"categories":[269],"tags":[299,298,168,25,24,23,167],"class_list":["post-747313","post","type-post","status-publish","format-standard","has-post-thumbnail","category-baloncesto","tag-baloncesto","tag-basketball","tag-deportes","tag-es","tag-espana","tag-spain","tag-sports"],"share_on_mastodon":{"url":"https:\/\/pubeurope.com\/@es\/117212432743706731","error":""},"_links":{"self":[{"href":"https:\/\/www.europesays.com\/es\/wp-json\/wp\/v2\/posts\/747313","targetHints":{"allow":["GET"]}}],"collection":[{"href":"https:\/\/www.europesays.com\/es\/wp-json\/wp\/v2\/posts"}],"about":[{"href":"https:\/\/www.europesays.com\/es\/wp-json\/wp\/v2\/types\/post"}],"author":[{"embeddable":true,"href":"https:\/\/www.europesays.com\/es\/wp-json\/wp\/v2\/users\/2"}],"replies":[{"embeddable":true,"href":"https:\/\/www.europesays.com\/es\/wp-json\/wp\/v2\/comments?post=747313"}],"version-history":[{"count":0,"href":"https:\/\/www.europesays.com\/es\/wp-json\/wp\/v2\/posts\/747313\/revisions"}],"wp:featuredmedia":[{"embeddable":true,"href":"https:\/\/www.europesays.com\/es\/wp-json\/wp\/v2\/media\/747314"}],"wp:attachment":[{"href":"https:\/\/www.europesays.com\/es\/wp-json\/wp\/v2\/media?parent=747313"}],"wp:term":[{"taxonomy":"category","embeddable":true,"href":"https:\/\/www.europesays.com\/es\/wp-json\/wp\/v2\/categories?post=747313"},{"taxonomy":"post_tag","embeddable":true,"href":"https:\/\/www.europesays.com\/es\/wp-json\/wp\/v2\/tags?post=747313"}],"curies":[{"name":"wp","href":"https:\/\/api.w.org\/{rel}","templated":true}]}}