{"id":747341,"date":"2026-09-04T11:21:21","date_gmt":"2026-09-04T11:21:21","guid":{"rendered":"https:\/\/www.europesays.com\/es\/747341\/"},"modified":"2026-09-04T11:21:21","modified_gmt":"2026-09-04T11:21:21","slug":"toni-nadal-carlos-alcaraz-esta-pegando-a-la-pelota-igual-que-antes-con-la-misma-decision-es-el-favorito-en-el-us-open-la-razon","status":"publish","type":"post","link":"https:\/\/www.europesays.com\/es\/747341\/","title":{"rendered":"Toni Nadal: &quot;Carlos Alcaraz est\u00e1 pegando a la pelota igual que antes, con la misma decisi\u00f3n. Es el favorito en el US Open&quot; &#8211; La Raz\u00f3n"},"content":{"rendered":"<ol>\n<li><a href=\"https:\/\/news.google.com\/rss\/articles\/CBMi-gFBVV95cUxNMWFzQ1o0c1BLX3ZEM2FMVm56Y3RUQ2VmZWpRV1hDU1BYaTdJT3p2ekJaeUwtckE4OFlYQUx5OHUwU2RLdTB3M3lHc3lKOEYwR25vRzBkMEx1cllEdy1yc0hWeVpTQjhuY1prR3p2czJIX1lDa0pZdWJyUTlHYWkyZHBKS1ZaZUVYMENpNjFWdmFSbFhGMmYzNERMaGJ3NDBWOFNjZ1FNUFQ0TVR6SEpyUkhsZ1lOSUp1UTFocWRpdS01Tk1mZ1YtLXNqUGZMcEQyQmF2bDExZDBnZVJaT29tdHprZTl1R2U2bkxGOWMtWVVsMDJfOWRpRUV30gGOAkFVX3lxTE50WXlQbzNpYXo0c1NiWXliT0k0WnRMMzRDRXhObmJ6Z2w1WWpNMlF3THBXem9ObERQQTlZcnhYLTF4UHZBQm42SnU5Y3doQ2p3M3dwV21TclRvcHk2Q1U5MktueDZEd0dNRlpqOGQ1b1pqUUtpRUl0MlFicC1GY040TWtRZzBaOHNOOEZVNlpad2I1X2hJZm5aemFod2l0QzFKeUNPUElrRnRoWGVmdDZVTk5ndXpwQzVXdTVlWFZQaElTOEhreHhWVGV2YnlZd1EwdmFoa0JzUWZCQm1qUDh3dWpLUUh2aGl0Q1k0bkprLWlhNEhxNVBzcm53RnBCaVhTZDlscTN4SW1TeTdTZw?oc=5\" target=\"_blank\" rel=\"nofollow noopener\">Toni Nadal: \u00abCarlos Alcaraz est\u00e1 pegando a la pelota igual que antes, con la misma decisi\u00f3n. Es el favorito en el US Open\u00bb<\/a>&nbsp;&nbsp;La Raz\u00f3n<\/li>\n<li><a href=\"https:\/\/news.google.com\/rss\/articles\/CBMijwFBVV95cUxQbG9fR1RVYXZYZzV0aUdzQXBqSW8wa1F5ZXNCMTJFaTV4RnVBa1BWX1pnQmpKYUlTNERHZkZFOEtZbDlrMFliZFdsYkRmX2lTc0pfTDZfMDZOT2E2akZQTktVNVBVUklqQ0xoNndSS3FVU1RRZDQtaXdtX1pxSFVUdUxBNm9sbFVlcWw2SWhuWdIBjwFBVV95cUxNWWl4QlladHV6cy1iQlY5VndUa1B4TExJNGp5MDZvdmgtMkZGSGo1bnY4ZzZORVRTMmUzcUwtbzlNWjVPdlR6cHFFVDUzR2VTTUFfTWRkbU1HZkxJWjNEUmpueDBxVHFmdG1wR25GcjdCdXNnZUpGdlQ3UUpyV25DZFl1LUZXVmRDNUR3X0s3QQ?oc=5\" target=\"_blank\" rel=\"nofollow noopener\">La pasi\u00f3n que Alcaraz ha tenido que olvidar en el US Open y una celebraci\u00f3n para sus hermanos peque\u00f1os: \u00abEllos me proponen cosas\u00bb<\/a>&nbsp;&nbsp;El Mundo<\/li>\n<li><a href=\"https:\/\/news.google.com\/rss\/articles\/CBMilgFBVV95cUxNVjdHSV9iSTN2amVjUXBub3VidUNzZlJSMDFQdnEydVJiZ2JwSXpQRkNxd0o2al95ay1TVUZZcDBLM3VQTzZweVBpRGhoaUVnelQ4Z2RLTEUyVVdKelNPbmtyQ3FfbG1pR3VnZUxzRWF3SVl3ejA0eE5TX3MyTVZUZHJvSlZ0V1RxczBfQm5YUWMwWVZSMkE?oc=5\" target=\"_blank\" rel=\"nofollow noopener\">La \u2018alcarazman\u00eda\u2019 conquista a las grandes estrellas: de Rosal\u00eda a DiCaprio o Butler (jugador de la NBA e \u00edntimo amigo), los famosos no quieren perderse los golpes de Alcaraz<\/a>&nbsp;&nbsp;revistavanityfair.es<\/li>\n<li><a href=\"https:\/\/news.google.com\/rss\/articles\/CBMikAFBVV95cUxPUEViWjQzTTc1VWFJOFhNRFFwOHFnRFBFZkV6UXFzelZ3SVpSeVJJekl5Uk9IbUhleWpXZFRfT3R2T0ZTc0hSc1R6NGhTOW9uXzA5cWE3LUlxdl9feFh5eEpMcXFsTVo2eFAyYllOUzR2TWs4TjRWZDc0cjFGal9Ja3hXMzR3X21ETExNNFNMajc?oc=5\" target=\"_blank\" rel=\"nofollow noopener\">Carlos Alcaraz: \u00abNo pienso en la mu\u00f1eca ni cuando entreno ni en los partidos\u00bb<\/a>&nbsp;&nbsp;El Confidencial<\/li>\n<li><a href=\"https:\/\/news.google.com\/rss\/articles\/CBMiuwFBVV95cUxNRHc3Z0s5UndmSXVsWi1leENIVFA4TEVPRUZhU1Jna3JVbXI2dHBFcDFpVWVabUtZR1VrSk8wSmZITUYzUVZ3c05VZEhHRkhTdi05UmlZVnpEWmZYVUdFeUI0NHhyTVBjSmxRa0w1SjZORlZvWU9QYzJQY0VKTEZoeTFxcjhyVmJKaVN6SVJIQXpVeVVsQzhkaEI4QzVBdlU2dXV6Qko5SEhWS3BTNnFoWTByTkhRYTVQOXRr?oc=5\" target=\"_blank\" rel=\"nofollow noopener\">Alcaraz cree que el calendario \u00abimposible\u00bb del circuito aumenta el riesgo de lesiones<\/a>&nbsp;&nbsp;La Verdad<\/li>\n<\/ol>\n","protected":false},"excerpt":{"rendered":"Toni Nadal: \u00abCarlos Alcaraz est\u00e1 pegando a la pelota igual que antes, con la misma decisi\u00f3n. Es el&hellip;\n","protected":false},"author":2,"featured_media":747342,"comment_status":"","ping_status":"","sticky":false,"template":"","format":"standard","meta":{"footnotes":""},"categories":[274],"tags":[168,25,24,23,167,327,326],"class_list":["post-747341","post","type-post","status-publish","format-standard","has-post-thumbnail","category-tenis","tag-deportes","tag-es","tag-espana","tag-spain","tag-sports","tag-tenis","tag-tennis"],"share_on_mastodon":{"url":"https:\/\/pubeurope.com\/@es\/117212511673193707","error":""},"_links":{"self":[{"href":"https:\/\/www.europesays.com\/es\/wp-json\/wp\/v2\/posts\/747341","targetHints":{"allow":["GET"]}}],"collection":[{"href":"https:\/\/www.europesays.com\/es\/wp-json\/wp\/v2\/posts"}],"about":[{"href":"https:\/\/www.europesays.com\/es\/wp-json\/wp\/v2\/types\/post"}],"author":[{"embeddable":true,"href":"https:\/\/www.europesays.com\/es\/wp-json\/wp\/v2\/users\/2"}],"replies":[{"embeddable":true,"href":"https:\/\/www.europesays.com\/es\/wp-json\/wp\/v2\/comments?post=747341"}],"version-history":[{"count":0,"href":"https:\/\/www.europesays.com\/es\/wp-json\/wp\/v2\/posts\/747341\/revisions"}],"wp:featuredmedia":[{"embeddable":true,"href":"https:\/\/www.europesays.com\/es\/wp-json\/wp\/v2\/media\/747342"}],"wp:attachment":[{"href":"https:\/\/www.europesays.com\/es\/wp-json\/wp\/v2\/media?parent=747341"}],"wp:term":[{"taxonomy":"category","embeddable":true,"href":"https:\/\/www.europesays.com\/es\/wp-json\/wp\/v2\/categories?post=747341"},{"taxonomy":"post_tag","embeddable":true,"href":"https:\/\/www.europesays.com\/es\/wp-json\/wp\/v2\/tags?post=747341"}],"curies":[{"name":"wp","href":"https:\/\/api.w.org\/{rel}","templated":true}]}}