{"id":747381,"date":"2026-09-04T11:49:34","date_gmt":"2026-09-04T11:49:34","guid":{"rendered":"https:\/\/www.europesays.com\/es\/747381\/"},"modified":"2026-09-04T11:49:34","modified_gmt":"2026-09-04T11:49:34","slug":"sverre-magnus-de-noruega-sigue-la-ruta-universitaria-de-la-infanta-sofia-en-lisboa","status":"publish","type":"post","link":"https:\/\/www.europesays.com\/es\/747381\/","title":{"rendered":"Sverre Magnus de Noruega sigue la ruta universitaria de la infanta Sof\u00eda en Lisboa"},"content":{"rendered":"<p>Dos semanas de adaptaci\u00f3n<\/p>\n<p>Del 7 al 18 de septiembre, los alumnos de primer a\u00f1o, entre los que estar\u00e1 el pr\u00edncipe noruego, empezar\u00e1n <a href=\"https:\/\/www.revistavanityfair.es\/articulos\/infanta-sofia-fotos-casa-real-lisboa-universidad\" rel=\"nofollow noopener\" target=\"_blank\">la llamada etapa de introducci\u00f3n y adaptaci\u00f3n que dura dos semanas<\/a>. En esos d\u00edas, los alumnos son recibidos por los fundadores de la universidad, que les dan una charla sobre los valores del centro acad\u00e9mico y adem\u00e1s pueden <strong>charlar con <a href=\"https:\/\/www.revistavanityfair.es\/articulos\/dos-exalumnos-del-forward-college-en-paris-avanzan-a-la-infanta-sofia\" rel=\"nofollow noopener\" target=\"_blank\">ex alumnos<\/a><\/strong> <a href=\"https:\/\/www.revistavanityfair.es\/articulos\/dos-exalumnos-del-forward-college-en-paris-avanzan-a-la-infanta-sofia\" rel=\"nofollow noopener\" target=\"_blank\">del Forward College<\/a> para compartir con ellos dudas o preguntas y entender mejor el funcionamiento de la universidad.<\/p>\n<p>Adem\u00e1s de estas charlas, los estudiantes participan en <strong>los Forward Games<\/strong>, una especie de gymkana con el objetivo de que entiendan la importancia de trabajar en equipo y puedan ya tomar contacto con los que ser\u00e1n sus compa\u00f1eros durante los tres siguientes a\u00f1os. Si hace buen tiempo, los alumnos pueden tomar clases de surf y hacer yoga en la playa.<\/p>\n<p>Tambi\u00e9n en uno de los d\u00edas, <a href=\"https:\/\/www.revistavanityfair.es\/articulos\/preocupacion-salud-mette-marit-rey-haakon-juramento-hospital\" rel=\"nofollow noopener\" target=\"_blank\">Sverre Magnus<\/a> recorrer\u00e1 las calles de Lisboa para conocer la ciudad y los lugares por los que se mover\u00e1 en los pr\u00f3ximos meses y tambi\u00e9n participar\u00e1 en una clase de historia portuguesa y en <strong>un concurso de cocina<\/strong> y podr\u00e1 disfrutar de un concierto privado en la residencia de estudiantes en la que vivir\u00e1.<\/p>\n<p><img decoding=\"async\" alt=\"Sverre Magnus pasar el primer a\u00f1o de carrera en Lisboa y luego ir a Par\u00eds y Berl\u00edn.\" loading=\"lazy\" class=\"ResponsiveImageContainer-dkeESL cQPiWi responsive-image__image\"   src=\"https:\/\/www.europesays.com\/es\/wp-content\/uploads\/2026\/09\/GettyImages-2292476272.jpg\"\/><\/p>\n<p>Sverre Magnus pasar\u00e1 el primer a\u00f1o de carrera en Lisboa y luego ir\u00e1 a Par\u00eds y Berl\u00edn.<\/p>\n<p>TERJE PEDERSEN\/Getty Images<\/p>\n<p>\u00bfD\u00f3nde vivir\u00e1 el pr\u00edncipe noruego?<\/p>\n<p>La residencia por la que ya pas\u00f3 <a href=\"https:\/\/www.revistavanityfair.es\/articulos\/infanta-sofia-18-anos-mayoria-edad-cambios\" rel=\"nofollow noopener\" target=\"_blank\">la infanta Sof\u00eda<\/a> el curso pasado <strong>est\u00e1 ubicada en Benfica<\/strong>, en un barrio con numerosas universidades y a tan solo 30 minutos en metro del Centro de Aprendizaje de Lisboa. La residencia est\u00e1 a solo cinco minutos del Parque Florestal de Monsanto, uno de los parques m\u00e1s bonitos de Lisboa, que ofrece una gran variedad de actividades, desde tenis hasta senderismo. Adem\u00e1s, est\u00e1 a cinco minutos a pie de la estaci\u00f3n de metro que conecta directamente con el centro de la ciudad y otras zonas. <strong><a href=\"https:\/\/www.revistavanityfair.es\/articulos\/principe-sverre-magnus-hijo-mette-marit-noruega\" rel=\"nofollow noopener\" target=\"_blank\">Sverre Magnus<\/a> tendr\u00e1 una habitaci\u00f3n privada<\/strong> para dormir y estudiar y adem\u00e1s en la residencia cuentan con una cocina, varias salas de estudio y un gimnasio, as\u00ed como un gran jard\u00edn, lavander\u00eda y una sala para ver la televisi\u00f3n.<\/p>\n<p>Al lado de la residencia, <a href=\"https:\/\/www.revistavanityfair.es\/articulos\/sverre-magnus-de-noruega-tras-los-pasos-del-principe-eduardo-de-inglaterra\" rel=\"nofollow noopener\" target=\"_blank\">el hijo de Mette-Marit<\/a> tendr\u00e1 la posibilidad de estudiar o hacer trabajos en grupo en <strong>un espacio de coworking<\/strong> en el que tambi\u00e9n suele haber conferencias y podr\u00e1 participar en los diferentes clubes de estudiantes que propone <a href=\"https:\/\/www.revistavanityfair.es\/articulos\/leonor-y-sofia-empiezan-la-epoca-de-examenes-las-asignaturas-san-javier-lisboa\" rel=\"nofollow noopener\" target=\"_blank\">el Forward College<\/a> como los de surf, running, lectura o fotograf\u00eda, una de las grandes pasiones del hermano de <a href=\"https:\/\/www.revistavanityfair.es\/articulos\/ingrid-alexandra-de-noruega-decidio-vestirse-igual-que-lo-hizo-su-abuela-sonia\" rel=\"nofollow noopener\" target=\"_blank\"><strong>Ingrid de Noruega<\/strong><\/a>. De hecho, \u00e9l mismo podr\u00eda crear un grupo de este tipo y la universidad cuenta con un presupuesto para la organizaci\u00f3n de actividades. Durante el curso, la universidad celebra tambi\u00e9n un baile ben\u00e9fico.<\/p>\n","protected":false},"excerpt":{"rendered":"Dos semanas de adaptaci\u00f3n Del 7 al 18 de septiembre, los alumnos de primer a\u00f1o, entre los que&hellip;\n","protected":false},"author":2,"featured_media":747382,"comment_status":"","ping_status":"","sticky":false,"template":"","format":"standard","meta":{"footnotes":""},"categories":[174],"tags":[255,146,147,25,24,2728,256,132698,1026,2727,2729,23,15272],"class_list":["post-747381","post","type-post","status-publish","format-standard","has-post-thumbnail","category-famosos","tag-celebrities","tag-entertainment","tag-entretenimiento","tag-es","tag-espana","tag-familia-real-de-noruega","tag-famosos","tag-haakon-viii-de-noruega","tag-infanta-sofia","tag-ingrid-de-noruega","tag-mette-marit","tag-spain","tag-sverre-magnus-de-noruega"],"share_on_mastodon":{"url":"https:\/\/pubeurope.com\/@es\/117212622567840907","error":""},"_links":{"self":[{"href":"https:\/\/www.europesays.com\/es\/wp-json\/wp\/v2\/posts\/747381","targetHints":{"allow":["GET"]}}],"collection":[{"href":"https:\/\/www.europesays.com\/es\/wp-json\/wp\/v2\/posts"}],"about":[{"href":"https:\/\/www.europesays.com\/es\/wp-json\/wp\/v2\/types\/post"}],"author":[{"embeddable":true,"href":"https:\/\/www.europesays.com\/es\/wp-json\/wp\/v2\/users\/2"}],"replies":[{"embeddable":true,"href":"https:\/\/www.europesays.com\/es\/wp-json\/wp\/v2\/comments?post=747381"}],"version-history":[{"count":0,"href":"https:\/\/www.europesays.com\/es\/wp-json\/wp\/v2\/posts\/747381\/revisions"}],"wp:featuredmedia":[{"embeddable":true,"href":"https:\/\/www.europesays.com\/es\/wp-json\/wp\/v2\/media\/747382"}],"wp:attachment":[{"href":"https:\/\/www.europesays.com\/es\/wp-json\/wp\/v2\/media?parent=747381"}],"wp:term":[{"taxonomy":"category","embeddable":true,"href":"https:\/\/www.europesays.com\/es\/wp-json\/wp\/v2\/categories?post=747381"},{"taxonomy":"post_tag","embeddable":true,"href":"https:\/\/www.europesays.com\/es\/wp-json\/wp\/v2\/tags?post=747381"}],"curies":[{"name":"wp","href":"https:\/\/api.w.org\/{rel}","templated":true}]}}