{"id":747383,"date":"2026-09-04T11:50:13","date_gmt":"2026-09-04T11:50:13","guid":{"rendered":"https:\/\/www.europesays.com\/es\/747383\/"},"modified":"2026-09-04T11:50:13","modified_gmt":"2026-09-04T11:50:13","slug":"esta-casa-en-el-desierto-reinterpreta-la-arquitectura-bereber-para-vivir-en-conexion-con-el-paisaje-rodeada-de-100-mil-palmeras","status":"publish","type":"post","link":"https:\/\/www.europesays.com\/es\/747383\/","title":{"rendered":"Esta casa en el desierto reinterpreta la arquitectura bereber para vivir en conexi\u00f3n con el paisaje rodeada de 100 mil palmeras"},"content":{"rendered":"<p>De vuelta al Magreb, la selecci\u00f3n de materiales refuerza la conversaci\u00f3n profunda con el contexto. Las fachadas de esta casa en el desierto est\u00e1n revestidas de tierra apisonada \u2013t\u00e9cnica constructiva tradicional que usa tierra, arcilla y piedras\u2013, mientras un gran muro de ladrillo adquiere una dimensi\u00f3n casi escult\u00f3rica. <strong>En el interior, los revocos pigmentados se fusionan con la madera de nogal y con los suelos continuos de hormig\u00f3n pulido,<\/strong> que expanden la vivienda hacia las terrazas. El bejmat \u2013pavimento artesanal profundamente ligado a este lugar\u2013 aparece reinterpretado mediante una colocaci\u00f3n contempor\u00e1nea.<\/p>\n<p>\u201cM\u00e1s que recrear la arquitectura marroqu\u00ed, nuestra intenci\u00f3n era prolongar los principios que la han convertido en atemporal\u201d, confirma <strong>Margaux, quien considera que ese ha sido el mayor aprendizaje del estudio tras m\u00e1s de 15 a\u00f1os trabajando en el pa\u00eds africano.<\/strong> \u201cLo que siempre nos ha llamado la atenci\u00f3n de la arquitectura local es que la casa nunca termina realmente en sus muros\u201d, reflexiona.<\/p>\n<p><img decoding=\"async\" alt=\"casa en el desierto arquitectura Marruecos\" loading=\"lazy\" class=\"ResponsiveImageContainer-dkeESL cQPiWi responsive-image__image\"   src=\"https:\/\/www.europesays.com\/es\/wp-content\/uploads\/2026\/09\/okBejaPujol_VilladO_3100_@AliceMesguich.jpg\"\/><\/p>\n<p>Uno de los patios con agua, que multiplican luz y visiones.@Alice Mesguich<\/p>\n<p><strong>Un patio como eje y l\u00e1minas de agua para multiplicar la arquitectura de una casa en el desierto<\/strong><\/p>\n<p>Gracias al clima, patios, jardines, terrazas y l\u00e1minas de agua se convierten en aut\u00e9nticas habitaciones al aire libre. En el centro del proyecto <strong>encontramos un patio con un olivo de m\u00e1s de 400 a\u00f1os, desde el que se despliegan los otros espacios,<\/strong> mientras las grandes aperturas enmarcan vistas a las monta\u00f1as del Atlas.<\/p>\n<p>\u201cLa arquitectura nunca deb\u00eda sentirse como un objeto colocado sobre el terreno, sino como una continuaci\u00f3n natural del mismo\u201d, a\u00f1ade Margaux. Inspiradas en los riads tradicionales, las l\u00e1minas de agua multiplican la luz y acompa\u00f1an el recorrido por la vivienda. <strong>\u201cNos gusta pensar que el agua refresca el ambiente, al mismo tiempo que invita a ralentizar la mirada\u201d, explican.<\/strong><\/p>\n<p><img decoding=\"async\" alt=\"casa en el desierto arquitectura Marruecos\" loading=\"lazy\" class=\"ResponsiveImageContainer-dkeESL cQPiWi responsive-image__image\"   src=\"https:\/\/www.europesays.com\/es\/wp-content\/uploads\/2026\/09\/okBejaPujol_VilladO_3321_@AliceMesguich.jpg\"\/><\/p>\n<p>Las fachadas de esta casa en el desierto est\u00e1n revestidas de tapial (tierra apisonada), una de las t\u00e9cnicas constructivas tradicionales m\u00e1s representativas de Marruecos.@ Alice Mesguich<\/p>\n","protected":false},"excerpt":{"rendered":"De vuelta al Magreb, la selecci\u00f3n de materiales refuerza la conversaci\u00f3n profunda con el contexto. Las fachadas de&hellip;\n","protected":false},"author":2,"featured_media":747384,"comment_status":"","ping_status":"","sticky":false,"template":"","format":"standard","meta":{"footnotes":""},"categories":[173],"tags":[3739,801,229,233,231,230,232,234,146,147,25,24,23,226],"class_list":["post-747383","post","type-post","status-publish","format-standard","has-post-thumbnail","category-arte-y-diseno","tag-arquitectos","tag-arquitectura","tag-arte","tag-arte-y-diseno","tag-arts","tag-arts-and-design","tag-design","tag-diseno","tag-entertainment","tag-entretenimiento","tag-es","tag-espana","tag-spain","tag-viajes"],"share_on_mastodon":{"url":"https:\/\/pubeurope.com\/@es\/117212626647487337","error":""},"_links":{"self":[{"href":"https:\/\/www.europesays.com\/es\/wp-json\/wp\/v2\/posts\/747383","targetHints":{"allow":["GET"]}}],"collection":[{"href":"https:\/\/www.europesays.com\/es\/wp-json\/wp\/v2\/posts"}],"about":[{"href":"https:\/\/www.europesays.com\/es\/wp-json\/wp\/v2\/types\/post"}],"author":[{"embeddable":true,"href":"https:\/\/www.europesays.com\/es\/wp-json\/wp\/v2\/users\/2"}],"replies":[{"embeddable":true,"href":"https:\/\/www.europesays.com\/es\/wp-json\/wp\/v2\/comments?post=747383"}],"version-history":[{"count":0,"href":"https:\/\/www.europesays.com\/es\/wp-json\/wp\/v2\/posts\/747383\/revisions"}],"wp:featuredmedia":[{"embeddable":true,"href":"https:\/\/www.europesays.com\/es\/wp-json\/wp\/v2\/media\/747384"}],"wp:attachment":[{"href":"https:\/\/www.europesays.com\/es\/wp-json\/wp\/v2\/media?parent=747383"}],"wp:term":[{"taxonomy":"category","embeddable":true,"href":"https:\/\/www.europesays.com\/es\/wp-json\/wp\/v2\/categories?post=747383"},{"taxonomy":"post_tag","embeddable":true,"href":"https:\/\/www.europesays.com\/es\/wp-json\/wp\/v2\/tags?post=747383"}],"curies":[{"name":"wp","href":"https:\/\/api.w.org\/{rel}","templated":true}]}}