{"id":747389,"date":"2026-09-04T11:55:15","date_gmt":"2026-09-04T11:55:15","guid":{"rendered":"https:\/\/www.europesays.com\/es\/747389\/"},"modified":"2026-09-04T11:55:15","modified_gmt":"2026-09-04T11:55:15","slug":"julian-alvarez-entra-en-la-lista-del-atletico-para-san-mames-y-simeone-advierte-como-dice-futre-el-perdon-no-es-con-palabras-es-con-goles-futbol-deportes","status":"publish","type":"post","link":"https:\/\/www.europesays.com\/es\/747389\/","title":{"rendered":"Juli\u00e1n Alvarez entra en la lista del Atl\u00e9tico para San Mam\u00e9s y Simeone advierte: \u201cComo dice Futre, el perd\u00f3n no es con palabras, es con goles\u201d | F\u00fatbol | Deportes"},"content":{"rendered":"<p class=\"\"><a href=\"https:\/\/elpais.com\/deportes\/futbol\/2026-09-01\/las-heridas-abiertas-de-julian-alvarez.html\" target=\"_self\" rel=\"nofollow noopener\" title=\"https:\/\/elpais.com\/deportes\/futbol\/2026-09-01\/las-heridas-abiertas-de-julian-alvarez.html\">Despu\u00e9s de toda la semana entrenando con normalidad<\/a>, Juli\u00e1n Alvarez entrar\u00e1 en la convocatoria del Atl\u00e9tico de Madrid para el partido de este s\u00e1bado en San Mam\u00e9s. \u201cEst\u00e1 entrenando muy bien y va a formar parte del grupo para Bilbao\u201d, anunci\u00f3 Diego Pablo Simeone.<\/p>\n<p class=\"\">La estrategia para tratar de que el atacante argentino revierta la situaci\u00f3n tras las formas que utiliz\u00f3 en su fallida fuga al Barcelona. <a href=\"https:\/\/elpais.com\/expres\/2026-09-02\/final-del-mercado-de-fichajes-y-final-del-culebron-julian-alvarez-se-queda-en-el-atletico.html\" target=\"_self\" rel=\"nofollow noopener\" title=\"https:\/\/elpais.com\/expres\/2026-09-02\/final-del-mercado-de-fichajes-y-final-del-culebron-julian-alvarez-se-queda-en-el-atletico.html\">El jueves, Paulo Futre, un icono para la hinchada <\/a>rojiblanca le tir\u00f3 el primer capote. \u201cJuli\u00e1n yo no nac\u00ed del Atleti. Yo soy portugu\u00e9s, llegu\u00e9 con 21 a\u00f1os siendo campe\u00f3n de Europa y m\u00e1s tarde Bal\u00f3n de Plata. Era un potro y este potro se ha enamorado de este escudo \u00fanico\u201d, asegur\u00f3 el portugu\u00e9s, que a\u00f1adi\u00f3: \u201cEl perd\u00f3n no es con palabras es con goles. Y no tengo dudas de que vas a dar todo y sudar la camiseta hasta la \u00faltima gota por este escudo. \u00a1A\u00fapa Atleti Juli\u00e1n! \u00a1Vamos campe\u00f3n!\u201d. <\/p>\n<p class=\"\">Este viernes, Simeone repic\u00f3 el mensaje de Futre. \u201cTiene la oportunidad de resolver situaciones internamente para que le hagan mejor a \u00e9l y que nosotros le veamos feliz, que es lo que queremos, que est\u00e9 contento y que nos haga goles como Futre nos transmiti\u00f3 en un lindo video\u201d. <\/p>\n<p class=\"\">El preparador argentino tambi\u00e9n fil\u00f3sofo cuando le preguntaron qu\u00e9 tiene que hacer Juli\u00e1n Alvarez para revertir la situaci\u00f3n con la hinchada, con el club, con sus compa\u00f1eros y con el propio t\u00e9cnico. \u201cLa vida est\u00e1 llena de oportunidades y esta es una oportunidad que se le presenta a Juli\u00e1n para ajustar situaciones en su vida. Nos pasamos todo el tiempo aprendiendo y mucho tiempo juzgando. Todos juzgamos, hay que juzgar menos y centrarnos m\u00e1s en aprender. Este paso le dar\u00e1 aprendizaje puro\u201d, sostuvo Simeone.<\/p>\n<p class=\"\"><a href=\"https:\/\/elpais.com\/deportes\/futbol\/2026-08-26\/julian-alvarez-se-pierde-el-entrenamiento-del-atletico-por-motivos-de-salud.html\" target=\"_self\" rel=\"nofollow noopener\" title=\"https:\/\/elpais.com\/deportes\/futbol\/2026-08-26\/julian-alvarez-se-pierde-el-entrenamiento-del-atletico-por-motivos-de-salud.html\">Despu\u00e9s de saltarse los entrenamientos de mi\u00e9rcoles a viernes<\/a> de la semana pasada por una \u201cindisposici\u00f3n\u201d, Juli\u00e1n Alvarez se ha entrenado con m\u00e1s br\u00edo y mejor cara que las que mostr\u00f3 tras volver de vacaciones el 10 de agosto. Por entonces, a\u00fan jugaba con fuerza la baza de marcharse al Barcelona. El semblante serio y sus silencios cuando se cruzaba con empleados que normalmente saludaba formaban parte de la escenificaci\u00f3n de su disconformidad con la decisi\u00f3n del club de no traspasarle al Barcelona. Una vez que la realidad le ha dictado que debe cumplir el contrato que tiene con el Atl\u00e9tico hasta 2030, a Juli\u00e1n Alvarez se le han apreciados esfuerzos con la intensidad que demanda Simeone y tambi\u00e9n m\u00e1s implicado en los ejercicios t\u00e1cticos.<\/p>\n<p class=\"\">Con todo, por las pruebas que ha realizado Simeone durante la semana, lo normal es que, de inicio, se siente en el banquillo. El Cholo ha mostrado la intenci\u00f3n de repetir el mismo once que derrot\u00f3 al Sevilla en el S\u00e1nchez Pizju\u00e1n (1-3) el pasado s\u00e1bado con Baena ejerciendo de nueve mentiroso escoltado por Kang-In Lee. <\/p>\n","protected":false},"excerpt":{"rendered":"Despu\u00e9s de toda la semana entrenando con normalidad, Juli\u00e1n Alvarez entrar\u00e1 en la convocatoria del Atl\u00e9tico de Madrid&hellip;\n","protected":false},"author":2,"featured_media":747390,"comment_status":"","ping_status":"","sticky":false,"template":"","format":"standard","meta":{"footnotes":""},"categories":[93],"tags":[2182,3409,1540,168,104924,1539,25,24,282,1538,22784,1210,10259,23,167],"class_list":["post-747389","post","type-post","status-publish","format-standard","has-post-thumbnail","category-deportes","tag-athletic","tag-atletico-de-madrid","tag-competiciones","tag-deportes","tag-edin-terzic","tag-entrenadores","tag-es","tag-espana","tag-futbol","tag-futbolistas","tag-julian-alvarez","tag-laliga-ea-sports","tag-simeone","tag-spain","tag-sports"],"share_on_mastodon":{"url":"https:\/\/pubeurope.com\/@es\/117212644855006532","error":""},"_links":{"self":[{"href":"https:\/\/www.europesays.com\/es\/wp-json\/wp\/v2\/posts\/747389","targetHints":{"allow":["GET"]}}],"collection":[{"href":"https:\/\/www.europesays.com\/es\/wp-json\/wp\/v2\/posts"}],"about":[{"href":"https:\/\/www.europesays.com\/es\/wp-json\/wp\/v2\/types\/post"}],"author":[{"embeddable":true,"href":"https:\/\/www.europesays.com\/es\/wp-json\/wp\/v2\/users\/2"}],"replies":[{"embeddable":true,"href":"https:\/\/www.europesays.com\/es\/wp-json\/wp\/v2\/comments?post=747389"}],"version-history":[{"count":0,"href":"https:\/\/www.europesays.com\/es\/wp-json\/wp\/v2\/posts\/747389\/revisions"}],"wp:featuredmedia":[{"embeddable":true,"href":"https:\/\/www.europesays.com\/es\/wp-json\/wp\/v2\/media\/747390"}],"wp:attachment":[{"href":"https:\/\/www.europesays.com\/es\/wp-json\/wp\/v2\/media?parent=747389"}],"wp:term":[{"taxonomy":"category","embeddable":true,"href":"https:\/\/www.europesays.com\/es\/wp-json\/wp\/v2\/categories?post=747389"},{"taxonomy":"post_tag","embeddable":true,"href":"https:\/\/www.europesays.com\/es\/wp-json\/wp\/v2\/tags?post=747389"}],"curies":[{"name":"wp","href":"https:\/\/api.w.org\/{rel}","templated":true}]}}