{"id":747397,"date":"2026-09-04T11:59:23","date_gmt":"2026-09-04T11:59:23","guid":{"rendered":"https:\/\/www.europesays.com\/es\/747397\/"},"modified":"2026-09-04T11:59:23","modified_gmt":"2026-09-04T11:59:23","slug":"los-precios-mundiales-de-los-alimentos-alcanzan-su-nivel-mas-alto-desde-2022","status":"publish","type":"post","link":"https:\/\/www.europesays.com\/es\/747397\/","title":{"rendered":"Los precios mundiales de los alimentos alcanzan su nivel m\u00e1s alto desde 2022"},"content":{"rendered":"\n<p class=\"text text-block paragraph text-left neo-font-paragraph-xl-reg  yf-18d6y07\" style=\"text-decoration: none; font-style: normal; text-transform: none; text-align: inherit; font-variant-numeric: normal;\">PAR\u00cdS, 4 sep (Reuters) &#8211; Los precios mundiales de los alimentos subieron \u200cen agosto hasta alcanzar su \u200cnivel m\u00e1s alto desde finales de 2022, \u200bya que las condiciones meteorol\u00f3gicas adversas y las perturbaciones provocadas por la guerra en el golfo P\u00e9rsico y \u200cel mar Negro \u2060agravaron la preocupaci\u00f3n por el suministro de cultivos b\u00e1sicos, inform\u00f3 \u2060el viernes la Organizaci\u00f3n de las Naciones Unidas para la Alimentaci\u00f3n \u200by la \u200bAgricultura (FAO).  <\/p>\n<p class=\"text text-block paragraph text-left neo-font-paragraph-xl-reg  yf-18d6y07\" style=\"text-decoration: none; font-style: normal; text-transform: none; text-align: inherit; font-variant-numeric: normal;\">El \u00cdndice \u200bde Precios de \u200clos Alimentos de la FAO, que sigue la evoluci\u00f3n mensual de una cesta de productos alimenticios comercializados a nivel internacional, registr\u00f3 una media \u200cde 133,3 puntos \u200ben agosto, lo que \u200bsupone \u200bun aumento con respecto a \u200cla cifra revisada de \u200b130,8 \u200bde julio.  <\/p>\n<p class=\"text text-block paragraph text-left neo-font-paragraph-xl-reg  yf-18d6y07\" style=\"text-decoration: none; font-style: normal; text-transform: none; text-align: inherit; font-variant-numeric: normal;\">Se trata de la cifra m\u00e1s alta registrada desde noviembre \u200bde 2022.  <\/p>\n<p class=\"text text-block paragraph text-left neo-font-paragraph-xl-reg  yf-18d6y07\" style=\"text-decoration: none; font-style: normal; text-transform: none; text-align: inherit; font-variant-numeric: normal;\">(Reporte \u200cde Gus Trompiz; edici\u00f3n de \u200bAlison Williams; editado en espa\u00f1ol \u200bpor Tom\u00e1s Cobos)  <\/p>\n","protected":false},"excerpt":{"rendered":"PAR\u00cdS, 4 sep (Reuters) &#8211; Los precios mundiales de los alimentos subieron \u200cen agosto hasta alcanzar su \u200cnivel&hellip;\n","protected":false},"author":2,"featured_media":747398,"comment_status":"","ping_status":"","sticky":false,"template":"","format":"standard","meta":{"footnotes":""},"categories":[80],"tags":[105662,1554,132710,132699,132700,5609,82,95,94,132708,132709,132707,25,24,104289,126083,132702,132704,132705,93995,132703,23,132701,132706],"class_list":["post-747397","post","type-post","status-publish","format-standard","has-post-thumbnail","category-economia","tag-105662","tag-1554","tag-4-sep","tag-agosto-hasta-alcanzar-su-nivel-mas-alto-desde","tag-alimentacion-y-la","tag-aumento","tag-business","tag-economia","tag-economy","tag-edicion-de-alison-williams","tag-editado-en-espanol","tag-el-indice-de-precios-de-los","tag-es","tag-espana","tag-fao","tag-mar-negro","tag-mundiales-de-los","tag-provocadas-por-la-guerra-en-el-golfo-persico-y","tag-reporte-de-gus-trompiz","tag-reuters","tag-se-trata-de-la-cifra","tag-spain","tag-subieron","tag-tomas-cobos"],"share_on_mastodon":{"url":"https:\/\/pubeurope.com\/@es\/117212660603517021","error":""},"_links":{"self":[{"href":"https:\/\/www.europesays.com\/es\/wp-json\/wp\/v2\/posts\/747397","targetHints":{"allow":["GET"]}}],"collection":[{"href":"https:\/\/www.europesays.com\/es\/wp-json\/wp\/v2\/posts"}],"about":[{"href":"https:\/\/www.europesays.com\/es\/wp-json\/wp\/v2\/types\/post"}],"author":[{"embeddable":true,"href":"https:\/\/www.europesays.com\/es\/wp-json\/wp\/v2\/users\/2"}],"replies":[{"embeddable":true,"href":"https:\/\/www.europesays.com\/es\/wp-json\/wp\/v2\/comments?post=747397"}],"version-history":[{"count":0,"href":"https:\/\/www.europesays.com\/es\/wp-json\/wp\/v2\/posts\/747397\/revisions"}],"wp:featuredmedia":[{"embeddable":true,"href":"https:\/\/www.europesays.com\/es\/wp-json\/wp\/v2\/media\/747398"}],"wp:attachment":[{"href":"https:\/\/www.europesays.com\/es\/wp-json\/wp\/v2\/media?parent=747397"}],"wp:term":[{"taxonomy":"category","embeddable":true,"href":"https:\/\/www.europesays.com\/es\/wp-json\/wp\/v2\/categories?post=747397"},{"taxonomy":"post_tag","embeddable":true,"href":"https:\/\/www.europesays.com\/es\/wp-json\/wp\/v2\/tags?post=747397"}],"curies":[{"name":"wp","href":"https:\/\/api.w.org\/{rel}","templated":true}]}}